{"id":105511,"date":"2025-02-22T16:44:04","date_gmt":"2025-02-22T16:44:04","guid":{"rendered":"https:\/\/tvbrazilusa.com\/2025\/02\/22\/em-meio-a-mudancas-nos-arquivos-nacionais-a-carter-library-cancela-um-evento-do-livro-de-direitos-civis\/"},"modified":"2025-02-22T17:02:46","modified_gmt":"2025-02-22T17:02:46","slug":"em-meio-a-mudancas-nos-arquivos-nacionais-a-carter-library-cancela-um-evento-do-livro-de-direitos-civis","status":"publish","type":"post","link":"https:\/\/tvbrazilusa.com\/pt\/2025\/02\/22\/em-meio-a-mudancas-nos-arquivos-nacionais-a-carter-library-cancela-um-evento-do-livro-de-direitos-civis\/","title":{"rendered":"Em meio a mudan\u00e7as nos Arquivos Nacionais, a Carter Library cancela um evento do Livro de Direitos Civis"},"content":{"rendered":"<p> <script async src=\"https:\/\/pagead2.googlesyndication.com\/pagead\/js\/adsbygoogle.js?client=ca-pub-8864793242727901\"\r\n     crossorigin=\"anonymous\"><\/script><br \/>\n<\/p>\n<div data-testid=\"companionColumn-0\">\n<div class=\"css-53u6y8\">\n<p class=\"css-at9mc1 evys1bk0\">Tr\u00eas eventos de livros na Biblioteca Presidencial de Jimmy Carter e Museu em Atlanta foram cancelados abruptamente no final desta semana, levantando quest\u00f5es sobre se as mudan\u00e7as de lideran\u00e7a nos Arquivos Nacionais e Administra\u00e7\u00e3o de Registros estavam afetando a programa\u00e7\u00e3o nas 13 bibliotecas presidenciais que supervisiona.<\/p>\n<p class=\"css-at9mc1 evys1bk0\">Os eventos, que apresentavam autores de livros sobre mudan\u00e7a clim\u00e1tica, sem -teto e movimento dos direitos civis, haviam sido agendados meses antes. Mas nesta semana, os autores foram informados de que teriam que se mudar para outros locais e os eventos foram removidos do site da biblioteca.<\/p>\n<p class=\"css-at9mc1 evys1bk0\">Entre os autores afetados estava Elaine Weiss, cujo novo livro, <a class=\"css-yywogo\" href=\"https:\/\/www.simonandschuster.com\/books\/Spell-Freedom\/Elaine-Weiss\/9781668002698\" title=\"\" rel=\"noopener noreferrer\" target=\"_blank\">\u201cSetra liberdade: as escolas subterr\u00e2neas que constru\u00edram o movimento dos direitos civis\u201d.<\/a> conta a hist\u00f3ria da escola folcl\u00f3rica do Highlander. Na d\u00e9cada de 1950, come\u00e7ou a organizar \u201cescolas de cidadania\u201d, onde os sulistas negros foram treinados para passar nos testes de alfabetiza\u00e7\u00e3o da era Jim Crow, projetados para impedir que eles vote.<\/p>\n<p class=\"css-at9mc1 evys1bk0\">Em uma entrevista, Weiss disse que o evento foi organizado em novembro. Mas na quinta -feira \u00e0 tarde, ela disse, seu publicit\u00e1rio na Simon &#038; Schuster informou que havia dito que n\u00e3o poderia seguir em frente porque a biblioteca, que estava enfrentando cortes na equipe, agora precisa de aprova\u00e7\u00e3o de Washington para toda a programa\u00e7\u00e3o. (Simon e Schuster se recusaram a comentar.)<\/p>\n<\/div>\n<aside class=\"css-ew4tgv\" aria-label=\"companion column\"\/><\/div>\n<div data-testid=\"companionColumn-1\">\n<div class=\"css-53u6y8\">\n<p class=\"css-at9mc1 evys1bk0\">Weiss disse que n\u00e3o sabia se o evento havia sido cancelado por causa do assunto de seu livro. Mas ela chamou o cancelamento repentino de &#8220;arrepiante&#8221;.<\/p>\n<p class=\"css-at9mc1 evys1bk0\">&#8220;A id\u00e9ia de que um programa sobre um livro sobre democracia deve ser aprovado por algu\u00e9m em Washington era e deveria ser para todos muito assustadores&#8221;, disse ela. &#8220;O livro \u00e9 sobre direitos de voto e usar a educa\u00e7\u00e3o como uma ferramenta libertadora&#8221;.<\/p>\n<p class=\"css-at9mc1 evys1bk0\">Os outros palestrantes cujos eventos foram cancelados incluem Mike Tidwell, o autor de <a class=\"css-yywogo\" href=\"https:\/\/us.macmillan.com\/books\/9781250362261\/thelosttreesofwillowavenue\/\" title=\"\" rel=\"noopener noreferrer\" target=\"_blank\">\u201cAs \u00e1rvores perdidas da Willow Avenue:<\/a> Uma hist\u00f3ria de clima e esperan\u00e7a em uma rua americana \u201de Brian Goldstone, o autor de <a class=\"css-yywogo\" href=\"https:\/\/www.penguinrandomhouse.com\/books\/645871\/there-is-no-place-for-us-by-brian-goldstone\/\" title=\"\" rel=\"noopener noreferrer\" target=\"_blank\">\u201cN\u00e3o h\u00e1 lugar para n\u00f3s,\u201d<\/a> Cerca de cinco fam\u00edlias \u201ctrabalhadoras de sem -teto\u201d em Atlanta. Na noite de sexta -feira, informa\u00e7\u00f5es sobre todos os tr\u00eas eventos foram removidas do site da biblioteca.<\/p>\n<p class=\"css-at9mc1 evys1bk0\">Em um comunicado, Crown, a editora de Goldstone, disse que o livreiro local ajudando a organizar o evento entrou em contato com ele em 19 de fevereiro \u201cpara nos informar que a biblioteca Carter precisaria agora buscar a aprova\u00e7\u00e3o dos arquivos nacionais para todos os programas, mesmo aqueles j\u00e1 agendados. \u201d No dia seguinte, o editor foi informado de que seria transferido para um local diferente.<\/p>\n<p class=\"css-at9mc1 evys1bk0\">V\u00e1rias consultas enviadas a v\u00e1rios funcion\u00e1rios da Biblioteca Carter n\u00e3o receberam resposta.<\/p>\n<p class=\"css-at9mc1 evys1bk0\">A Office de Imprensa dos Arquivos Nacionais em Washington se recusou a responder diretamente se havia discutido os eventos com a Biblioteca Carter. Mas, em comunicado, afirmou que &#8220;confia&#8221; a lideran\u00e7a em cada biblioteca presidencial para tomar decis\u00f5es de programa\u00e7\u00e3o.<\/p>\n<\/div>\n<aside class=\"css-ew4tgv\" aria-label=\"companion column\"\/><\/div>\n<div data-testid=\"companionColumn-2\">\n<div class=\"css-53u6y8\">\n<p class=\"css-at9mc1 evys1bk0\">&#8220;Programas e eventos devem sempre avan\u00e7ar e defender a miss\u00e3o principal da NARA: preservar os registros dos Estados Unidos e disponibiliz\u00e1 -los ao p\u00fablico&#8221;, afirmou o comunicado. &#8220;Sobre essa quest\u00e3o, a lideran\u00e7a na Biblioteca Presidencial Carter tem o poder de tomar suas pr\u00f3prias decis\u00f5es sobre a programa\u00e7\u00e3o de eventos e programas&#8221;.<\/p>\n<p class=\"css-at9mc1 evys1bk0\">Os cancelamentos na Biblioteca Carter s\u00e3o entrem em meio a turbul\u00eancias mais amplas nos Arquivos Nacionais, enquanto o presidente Trump trabalha para refazer o governo federal por meio de cortes no or\u00e7amento e busca uma retribui\u00e7\u00e3o contra inimigos percebidos.<\/p>\n<p class=\"css-at9mc1 evys1bk0\">Em 7 de fevereiro, o presidente Trump, que se envolveu com os arquivos sobre sua relut\u00e2ncia em devolver documentos classificados depois de deixar o cargo em 2021, <a class=\"css-yywogo\" href=\"https:\/\/www.nytimes.com\/2025\/02\/07\/us\/politics\/trump-fires-the-nations-archivist-in-latest-round-of-personnel-purge.html\" title=\"\">abruptamente demitiu Colleen J. Shogan<\/a>o arquivista nacional. (Shogan, ex -funcion\u00e1rio da Biblioteca do Congresso e da Associa\u00e7\u00e3o Hist\u00f3rica da Casa Branca, foi nomeado pelo ex -presidente Joseph R. Biden Jr.)<\/p>\n<p class=\"css-at9mc1 evys1bk0\">O Sr. Trump nomeou o secret\u00e1rio de Estado Marco Rubio como arquivista em exerc\u00edcio e anunciou em 16 de fevereiro que Jim Byron, o executivo -chefe da Funda\u00e7\u00e3o Richard Nixon, um grupo privado conectado \u00e0 Biblioteca Presidencial de Nixon na Calif\u00f3rnia, <a class=\"css-yywogo\" href=\"https:\/\/www.nixonfoundation.org\/2025\/02\/nixon-foundation-president-takes-leave-to-manage-u-s-national-archives\/\" title=\"\" rel=\"noopener noreferrer\" target=\"_blank\">administraria os arquivos \u201cno dia-a-dia\u201d<\/a> at\u00e9 que um arquivista permanente seja nomeado.<\/p>\n<p class=\"css-at9mc1 evys1bk0\">No in\u00edcio deste m\u00eas, a Biblioteca e Museu John F. Kennedy em Boston <a class=\"css-yywogo\" href=\"https:\/\/www.nytimes.com\/2025\/02\/18\/us\/politics\/jfk-library-closed-layoffs.html\" title=\"\">abruptamente fechado<\/a> Suas portas para o p\u00fablico no meio do dia, depois de que membro da fam\u00edlia Kennedy <a class=\"css-yywogo\" href=\"https:\/\/www.instagram.com\/p\/DGOpB_Jyvmb\/?locale=Online%2Bentertainment%2C%2Breal%2Bperson%2C%2Belectronic%2Bchess%2Band%2Bcards%2C%2Blottery%2C%2Bsports%2C%2Bcomprehensive%2Breputation%2B%28Telegram%3A%2B%40UUjd888888%29.pkla&#038;hl=en&#038;img_index=1\" title=\"\" rel=\"noopener noreferrer\" target=\"_blank\">reivindicado<\/a> foram os cortes de funcion\u00e1rios exigidos pelo chamado Departamento de Efici\u00eancia do Governo de Elon Musk. (A biblioteca reabriu no dia seguinte, e os arquivos n\u00e3o forneceram nenhuma explica\u00e7\u00e3o para o breve fechamento.)<\/p>\n<p class=\"css-at9mc1 evys1bk0\">Alguns <a class=\"css-yywogo\" href=\"https:\/\/www.jimmycarterlibrary.gov\/events\" title=\"\" rel=\"noopener noreferrer\" target=\"_blank\">eventos planejados<\/a> na biblioteca Carter parece n\u00e3o ser afetada. Um evento em 26 de fevereiro com o analista jur\u00eddico Jeffrey Toobin, autor de um <a class=\"css-yywogo\" href=\"https:\/\/www.nytimes.com\/2025\/02\/12\/books\/review\/the-pardon-jeffrey-toobin.html\" title=\"\">Novo livro<\/a> Em perd\u00e3o presidencial, ainda estava agendado. Outros eventos ainda listados em seu site incluem um evento com o artista afro-americano Lonnie Holley.<\/p>\n<\/div>\n<aside class=\"css-ew4tgv\" aria-label=\"companion column\"\/><\/div>\n<div data-testid=\"companionColumn-3\">\n<div class=\"css-53u6y8\">\n<p class=\"css-at9mc1 evys1bk0\">O evento de Weiss agora ser\u00e1 realizado em <a class=\"css-yywogo\" href=\"https:\/\/georgiacenterforthebook.org\/events\" title=\"\" rel=\"noopener noreferrer\" target=\"_blank\">o Georgia Center for the Book<\/a>uma organiza\u00e7\u00e3o sem fins lucrativos privada afiliada \u00e0 Biblioteca do Congresso. Ela disse que era ir\u00f4nico que um evento sobre a luta por direitos de voto igual seria cancelado na Biblioteca Carter, uma institui\u00e7\u00e3o dedicada ao legado de &#8220;um homem que defendeu a democracia em todo o mundo&#8221;.<\/p>\n<p class=\"css-at9mc1 evys1bk0\">&#8220;Fomos informados de que todos temos que contar hist\u00f3rias &#8216;patri\u00f3ticas&#8217; sobre a hist\u00f3ria americana&#8221;, disse ela. &#8220;Para mim, esta \u00e9 a hist\u00f3ria mais patri\u00f3tica imagin\u00e1vel.&#8221;<\/p>\n<\/div>\n<aside class=\"css-ew4tgv\" aria-label=\"companion column\"\/><\/div>\n<p><script async src=\"\/\/www.instagram.com\/embed.js\"><\/script><br \/>\n<br \/><br \/>\n<br \/><a href=\"https:\/\/www.nytimes.com\/2025\/02\/22\/arts\/national-archives-carter-library-cancels-event.html\">Source link <\/a><\/p>","protected":false},"excerpt":{"rendered":"<p>Tr\u00eas eventos de livros na Biblioteca Presidencial de Jimmy Carter e Museu em Atlanta foram cancelados abruptamente no final desta semana, levantando quest\u00f5es sobre se as mudan\u00e7as de lideran\u00e7a nos&hellip;<\/p>","protected":false},"author":1,"featured_media":105512,"comment_status":"closed","ping_status":"open","sticky":false,"template":"","format":"standard","meta":{"content-type":"","footnotes":""},"categories":[1],"tags":[33087,33080,30986,33085,32212,24943,33079,495,33081,33086,29780,33084,32201,32370,32181,33082,1397,33083],"class_list":["post-105511","post","type-post","status-publish","format-standard","has-post-thumbnail","hentry","category-uncategorized","tag-administracao-nacional-de-arquivos-e-registros","tag-arquivos-e-registros","tag-atlanta-ga","tag-biblioteca-presidencial-e-museu","tag-bibliotecas-e-bibliotecarios","tag-carter","tag-caso-criminal-federal-contra-trump-caso-de-documentos","tag-censura","tag-comercio-de-livros-e-publicacao","tag-departamento-de-eficiencia-do-governo-eua","tag-donald-j","tag-elaine-f","tag-jimmy","tag-movimento-dos-direitos-civis-1954-68","tag-politica-e-governo-dos-estados-unidos","tag-transicao-presidencial-eua","tag-trunfo","tag-weiss"],"_links":{"self":[{"href":"https:\/\/tvbrazilusa.com\/pt\/wp-json\/wp\/v2\/posts\/105511","targetHints":{"allow":["GET"]}}],"collection":[{"href":"https:\/\/tvbrazilusa.com\/pt\/wp-json\/wp\/v2\/posts"}],"about":[{"href":"https:\/\/tvbrazilusa.com\/pt\/wp-json\/wp\/v2\/types\/post"}],"author":[{"embeddable":true,"href":"https:\/\/tvbrazilusa.com\/pt\/wp-json\/wp\/v2\/users\/1"}],"replies":[{"embeddable":true,"href":"https:\/\/tvbrazilusa.com\/pt\/wp-json\/wp\/v2\/comments?post=105511"}],"version-history":[{"count":1,"href":"https:\/\/tvbrazilusa.com\/pt\/wp-json\/wp\/v2\/posts\/105511\/revisions"}],"predecessor-version":[{"id":105513,"href":"https:\/\/tvbrazilusa.com\/pt\/wp-json\/wp\/v2\/posts\/105511\/revisions\/105513"}],"wp:featuredmedia":[{"embeddable":true,"href":"https:\/\/tvbrazilusa.com\/pt\/wp-json\/wp\/v2\/media\/105512"}],"wp:attachment":[{"href":"https:\/\/tvbrazilusa.com\/pt\/wp-json\/wp\/v2\/media?parent=105511"}],"wp:term":[{"taxonomy":"category","embeddable":true,"href":"https:\/\/tvbrazilusa.com\/pt\/wp-json\/wp\/v2\/categories?post=105511"},{"taxonomy":"post_tag","embeddable":true,"href":"https:\/\/tvbrazilusa.com\/pt\/wp-json\/wp\/v2\/tags?post=105511"}],"curies":[{"name":"wp","href":"https:\/\/api.w.org\/{rel}","templated":true}]}}