{"id":105535,"date":"2025-02-22T18:19:09","date_gmt":"2025-02-22T18:19:09","guid":{"rendered":"https:\/\/tvbrazilusa.com\/2025\/02\/22\/senador-flavio-bolsonaro-diz-que-vai-trabalhar-para-a-derrubada-da-medida-que-promove-o-carimbo-em-ovos-saiba-o-motivo\/"},"modified":"2025-02-22T18:19:12","modified_gmt":"2025-02-22T18:19:12","slug":"senador-flavio-bolsonaro-diz-que-vai-trabalhar-para-a-derrubada-da-medida-que-promove-o-carimbo-em-ovos-saiba-o-motivo","status":"publish","type":"post","link":"https:\/\/tvbrazilusa.com\/pt\/2025\/02\/22\/senador-flavio-bolsonaro-diz-que-vai-trabalhar-para-a-derrubada-da-medida-que-promove-o-carimbo-em-ovos-saiba-o-motivo\/","title":{"rendered":"Senador Fl\u00e1vio Bolsonaro diz que vai trabalhar para a derrubada da medida que promove o carimbo em ovos; saiba o motivo"},"content":{"rendered":"<p> <script async src=\"https:\/\/pagead2.googlesyndication.com\/pagead\/js\/adsbygoogle.js?client=ca-pub-8864793242727901\"\r\n     crossorigin=\"anonymous\"><\/script><br \/>\n<\/p>\n<div id=\"taboola-read-more\" style=\"display:block; width:100%\">\n<p>O senador Fl\u00e1vio Bolsonaro (PL-RJ) disse na noite de 6\u00aa feira (21.fev.2025) ter apresentado um projeto para suspender a determina\u00e7\u00e3o de que os ovos venham carimbados com a data de validade e o n\u00famero de registro do estabelecimento produtor em suas cascas. A medida foi determinada pelo governo de Luiz In\u00e1cio Lula da Silva (PT) e entra em vigor em 4 de mar\u00e7o.\n<\/p>\n<p>\u201cA vida do brasileiro j\u00e1 est\u00e1 cara demais para o Lula tirar do chap\u00e9u uma medida que vai prejudicar pequenos e m\u00e9dios produtores, vai aumentar o pre\u00e7o do ovo e que s\u00f3 vai beneficiar alguns empres\u00e1rios amigos dele. Vamos derrubar essa medida de carimbo de ovos!\u201d, escreveu o senador em seu perfil no X (ex-Twitter).<\/p>\n<\/p>\n<p>A medida segue uma determina\u00e7\u00e3o do Minist\u00e9rio da Agricultura e Pecu\u00e1ria publicada em 6 de setembro de 2024. A portaria definiu um prazo de 180 dias para os estabelecimentos registrados se adequarem, que se encerra em mar\u00e7o deste ano.\u00a0\n<\/p>\n<p>O documento determina que a tinta utilizada para a marca\u00e7\u00e3o na casca dos ovos deve ser espec\u00edfica para uso em alimentos e n\u00e3o pode ter riscos de contamina\u00e7\u00e3o ao produto.\n<\/p>\n<p>A motiva\u00e7\u00e3o da portaria \u00e9 o aprimoramento da seguran\u00e7a alimentar dos consumidores de ovos e tamb\u00e9m a rastreabilidade dos produtos em casos de contamina\u00e7\u00e3o ou outros tipos de problema.\n<\/p>\n<p>O ovo \u00e9 um alimento muito consumido pelos brasileiros, principalmente por se tratar de uma op\u00e7\u00e3o de prote\u00edna a um pre\u00e7o historicamente abaixo de carnes. Tamb\u00e9m \u00e9 um op\u00e7\u00e3o de prote\u00edna para algumas correntes do vegetarianismo.\n<\/p>\n<p><strong>PRE\u00c7O DO OVO<\/strong>\n<\/p>\n<p>O pre\u00e7o do ovo branco \u2013mais consumido entre os brasileiros\u2013 registrou uma alta de at\u00e9 67,1% em 2025 na compara\u00e7\u00e3o com os \u00faltimos dados registrados em 2024. O Cepea (Centro de Estudos Avan\u00e7ados em Economia Aplicada), ligado \u00e0 Esalq-USP (Escola Superior de Agricultura Luiz de Queiroz da Universidade S\u00e3o Paulo), monitora 5 \u00e1reas no Brasil.\n<\/p>\n<p>O Recife foi o local com a maior alta registrada (67,1%) de 30 de dezembro de 2024 a 21 de fevereiro de 2025. O pre\u00e7o cobrado por 30 d\u00fazias (360 ovos) na capital pernambucana saltou de R$ 140,16 para R$ 234,18 no per\u00edodo.\n<\/p>\n<p>Al\u00e9m do Recife, o Cepea faz o acompanhamento di\u00e1rio de 4 localidades:\n<\/p>\n<p>Grande S\u00e3o Paulo (SP);<br \/>Bastos (interior de S\u00e3o Paulo);<br \/>Grande Belo Horizonte (MG);<br \/>Santa Maria de Jetib\u00e1 (ES) \u2013um dos principais polos produtores do pa\u00eds.\n<\/p>\n<p><img fetchpriority=\"high\" decoding=\"async\" src=\"https:\/\/static.poder360.com.br\/2025\/02\/inflacao-ovos-alimentos-21-fev-2025-03.png\" alt=\"\" width=\"3334\" height=\"4167\"\/>\n<\/p>\n<p>Fonte: Poder360              <\/p>\n<\/div>\n<p><br \/>\n<br \/><a href=\"https:\/\/diariodobrasilnoticias.com.br\/noticia\/senador-flavio-bolsonaro-diz-que-vai-trabalhar-para-a-derrubada-da-medida-que-promove-o-carimbo-em-ovos-saiba-o-motivo-67b9f280dba30\">Source link <\/a><\/p>","protected":false},"excerpt":{"rendered":"<p>O senador Fl\u00e1vio Bolsonaro (PL-RJ) disse na noite de 6\u00aa feira (21.fev.2025) ter apresentado um projeto para suspender a determina\u00e7\u00e3o de que os ovos venham carimbados com a data de&hellip;<\/p>","protected":false},"author":1,"featured_media":105536,"comment_status":"closed","ping_status":"open","sticky":false,"template":"","format":"standard","meta":{"content-type":"","footnotes":""},"categories":[16],"tags":[123,2448,5313,1267],"class_list":["post-105535","post","type-post","status-publish","format-standard","has-post-thumbnail","hentry","category-noticias","tag-brasil","tag-diario","tag-noticia","tag-noticias"],"_links":{"self":[{"href":"https:\/\/tvbrazilusa.com\/pt\/wp-json\/wp\/v2\/posts\/105535","targetHints":{"allow":["GET"]}}],"collection":[{"href":"https:\/\/tvbrazilusa.com\/pt\/wp-json\/wp\/v2\/posts"}],"about":[{"href":"https:\/\/tvbrazilusa.com\/pt\/wp-json\/wp\/v2\/types\/post"}],"author":[{"embeddable":true,"href":"https:\/\/tvbrazilusa.com\/pt\/wp-json\/wp\/v2\/users\/1"}],"replies":[{"embeddable":true,"href":"https:\/\/tvbrazilusa.com\/pt\/wp-json\/wp\/v2\/comments?post=105535"}],"version-history":[{"count":1,"href":"https:\/\/tvbrazilusa.com\/pt\/wp-json\/wp\/v2\/posts\/105535\/revisions"}],"predecessor-version":[{"id":105537,"href":"https:\/\/tvbrazilusa.com\/pt\/wp-json\/wp\/v2\/posts\/105535\/revisions\/105537"}],"wp:featuredmedia":[{"embeddable":true,"href":"https:\/\/tvbrazilusa.com\/pt\/wp-json\/wp\/v2\/media\/105536"}],"wp:attachment":[{"href":"https:\/\/tvbrazilusa.com\/pt\/wp-json\/wp\/v2\/media?parent=105535"}],"wp:term":[{"taxonomy":"category","embeddable":true,"href":"https:\/\/tvbrazilusa.com\/pt\/wp-json\/wp\/v2\/categories?post=105535"},{"taxonomy":"post_tag","embeddable":true,"href":"https:\/\/tvbrazilusa.com\/pt\/wp-json\/wp\/v2\/tags?post=105535"}],"curies":[{"name":"wp","href":"https:\/\/api.w.org\/{rel}","templated":true}]}}