{"id":105550,"date":"2025-02-22T19:14:33","date_gmt":"2025-02-22T19:14:33","guid":{"rendered":"https:\/\/tvbrazilusa.com\/2025\/02\/22\/mulher-e-feita-refem-dentro-de-agencia-bancaria-no-rio-sequestrador-e-baleado-veja-videos\/"},"modified":"2025-02-22T19:14:35","modified_gmt":"2025-02-22T19:14:35","slug":"mulher-e-feita-refem-dentro-de-agencia-bancaria-no-rio-sequestrador-e-baleado-veja-videos","status":"publish","type":"post","link":"https:\/\/tvbrazilusa.com\/pt\/2025\/02\/22\/mulher-e-feita-refem-dentro-de-agencia-bancaria-no-rio-sequestrador-e-baleado-veja-videos\/","title":{"rendered":"Mulher \u00e9 feita ref\u00e9m dentro de ag\u00eancia banc\u00e1ria no Rio; sequestrador \u00e9 baleado; VEJA V\u00cdDEOS"},"content":{"rendered":"<p> <script async src=\"https:\/\/pagead2.googlesyndication.com\/pagead\/js\/adsbygoogle.js?client=ca-pub-8864793242727901\"\r\n     crossorigin=\"anonymous\"><\/script><br \/>\n<\/p>\n<div>\n<figure class=\"post-image\">\n<\/figure>\n<p>            <span style=\"font-size: 12px\">Reprodu\u00e7\u00e3o<\/span><\/p>\n<p>            <!-- end metas --><br \/>\n            <!-- ADS --><\/p>\n<div id=\"taboola-read-more\" style=\"display:block; width:100%\">\n<p>Uma mulher foi feita ref\u00e9m durante um sequestro na manh\u00e3 deste s\u00e1bado (22.fev.2025) em uma ag\u00eancia banc\u00e1ria do Ita\u00fa no bairro do Leblon, na zona Sul do Rio de Janeiro. A informa\u00e7\u00e3o foi publicada pela Pol\u00edcia Militar do Rio em rede social. De acordo com relatos iniciais, o homem detinha a v\u00edtima com um caco de vidro. A PM afirma que o homem empunhou uma faca.\n<\/p>\n<p>Agentes do Batalh\u00e3o de Opera\u00e7\u00f5es Policiais Especiais (BOPE) participaram da negocia\u00e7\u00e3o de rendi\u00e7\u00e3o. A mulher foi solta e o \u201ctomador de ref\u00e9m foi atingido e socorrido pelo #GESAR (Grupamento Especial de Salvamento e A\u00e7\u00f5es de Resgate) para o Hospital Miguel Couto, na G\u00e1vea\u201d, publicou a PM do Rio de Janeiro nas redes sociais.<\/p>\n<p>A Secretaria Municipal de Sa\u00fade (SMS) informou que o sequestrador est\u00e1 em estado grave. A ref\u00e9m n\u00e3o sofreu ferimentos. Foi atendida no local pelos bombeiros e depois levada \u00e0 14\u00aa Delegacia de Pol\u00edcia, no Leblon, para prestar depoimento.\n<\/p>\n<p>Assista a v\u00eddeos do sequestro:\n<\/p>\n<div style=\"display: flex; flex-direction: row; justify-content: center; width: 100%;\">\n<blockquote class=\"twitter-tweet\">\n<div style=\"display: flex; flex-direction: row; justify-content: center; width: 100%;\">\n<blockquote class=\"twitter-tweet\">\n<p dir=\"ltr\" lang=\"pt\">Na manh\u00e3 deste s\u00e1bado (22), policiais do 23\u00ba BPM e do BOPE foram chamados para atender a uma ocorr\u00eancia na Avenida Ataulfo de Paiva, no Leblon, Zona Sul do Rio de Janeiro RJ, onde uma pessoa estava sendo mantida ref\u00e9m dentro de uma ag\u00eancia banc\u00e1ria. A \u00e1rea foi isolada, e o BOPE\u2026 <a href=\"https:\/\/t.co\/SYGpSPhSeP\">pic.twitter.com\/SYGpSPhSeP<\/a><br \/>\n\u2014 Popular News (@PopularNewsBR) <a href=\"https:\/\/twitter.com\/PopularNewsBR\/status\/1893297232524308488?ref_src=twsrc%5Etfw\">February 22, 2025<\/a><\/p>\n<\/blockquote>\n<\/div>\n<div style=\"display: flex; flex-direction: row; justify-content: center; width: 100%;\">\n<blockquote class=\"twitter-tweet\">\n<div style=\"display: flex; flex-direction: row; justify-content: center; width: 100%;\">\n<blockquote class=\"twitter-tweet\">\n<p dir=\"ltr\" lang=\"pt\">Policiais do <a href=\"https:\/\/twitter.com\/hashtag\/23BPM?src=hash&#038;ref_src=twsrc%5Etfw\">#23BPM<\/a> e do <a href=\"https:\/\/twitter.com\/hashtag\/BOPE?src=hash&#038;ref_src=twsrc%5Etfw\">#BOPE<\/a> foram acionados para uma ocorr\u00eancia na Avenida Ataulfo de Paiva, no Leblon, onde uma pessoa est\u00e1 sendo mantida ref\u00e9m dentro de uma ag\u00eancia banc\u00e1ria. A \u00e1rea foi isolada e o <a href=\"https:\/\/twitter.com\/hashtag\/BOPE?src=hash&#038;ref_src=twsrc%5Etfw\">#BOPE<\/a> est\u00e1 fazendo a negocia\u00e7\u00e3o. <a href=\"https:\/\/t.co\/QCK8ZTM2w0\">pic.twitter.com\/QCK8ZTM2w0<\/a><br \/>\n\u2014 @pmerj (@PMERJ) <a href=\"https:\/\/twitter.com\/PMERJ\/status\/1893268235878814174?ref_src=twsrc%5Etfw\">February 22, 2025<\/a><\/p>\n<\/blockquote>\n<\/div>\n<\/blockquote>\n<\/div>\n<\/blockquote>\n<\/div>\n<p>Fonte: Poder360              <\/p>\n<\/div>\n<p>                        <!-- Scripts para conteudo --><\/p>\n<p>            <!-- .\/Scripts para conteudo --><br \/>\n            <!-- .\/Mat\u00e9ria --><\/p>\n<div class=\"row mt-3\">\n<div class=\"col-sm-6\">\n                <!-- Whatsapp channel 3--><br \/>\n                <a href=\"https:\/\/chat.whatsapp.com\/B8Qy6Erx4kb6yTzj3kaDco\" target=\"_blank\"><br \/>\n                  <img decoding=\"async\" src=\"https:\/\/diariodobrasilnoticias.com.br\/assets-site\/images\/bot_whatsapp.png\"\/><\/a>\n              <\/div>\n<div class=\"col-sm-6\">\n                <a href=\"https:\/\/t.me\/+_4gTmi5LKo03OTM5\" target=\"_blank\"><br \/>\n                  <img decoding=\"async\" src=\"https:\/\/diariodobrasilnoticias.com.br\/assets-site\/images\/bot_telegram.png\"\/><\/a>\n              <\/div>\n<\/p><\/div>\n<p>            <!-- end post-navigation --><\/p>\n<p>              <!-- end row --><\/p>\n<p>              <!-- end col-12-->\n                      <\/div>\n<p><script async src=\"\/\/platform.twitter.com\/widgets.js\" charset=\"utf-8\"><\/script><br \/>\n<br \/><br \/>\n<br \/><a href=\"https:\/\/diariodobrasilnoticias.com.br\/noticia\/mulher-e-feita-refem-dentro-de-agencia-bancaria-no-rio-sequestrador-e-baleado-veja-videos-67b9fd759812f\">Source link <\/a><\/p>","protected":false},"excerpt":{"rendered":"<p>Reprodu\u00e7\u00e3o Uma mulher foi feita ref\u00e9m durante um sequestro na manh\u00e3 deste s\u00e1bado (22.fev.2025) em uma ag\u00eancia banc\u00e1ria do Ita\u00fa no bairro do Leblon, na zona Sul do Rio de&hellip;<\/p>","protected":false},"author":1,"featured_media":105551,"comment_status":"closed","ping_status":"open","sticky":false,"template":"","format":"standard","meta":{"content-type":"","footnotes":""},"categories":[16],"tags":[123,2448,5313,1267],"class_list":["post-105550","post","type-post","status-publish","format-standard","has-post-thumbnail","hentry","category-noticias","tag-brasil","tag-diario","tag-noticia","tag-noticias"],"_links":{"self":[{"href":"https:\/\/tvbrazilusa.com\/pt\/wp-json\/wp\/v2\/posts\/105550","targetHints":{"allow":["GET"]}}],"collection":[{"href":"https:\/\/tvbrazilusa.com\/pt\/wp-json\/wp\/v2\/posts"}],"about":[{"href":"https:\/\/tvbrazilusa.com\/pt\/wp-json\/wp\/v2\/types\/post"}],"author":[{"embeddable":true,"href":"https:\/\/tvbrazilusa.com\/pt\/wp-json\/wp\/v2\/users\/1"}],"replies":[{"embeddable":true,"href":"https:\/\/tvbrazilusa.com\/pt\/wp-json\/wp\/v2\/comments?post=105550"}],"version-history":[{"count":1,"href":"https:\/\/tvbrazilusa.com\/pt\/wp-json\/wp\/v2\/posts\/105550\/revisions"}],"predecessor-version":[{"id":105552,"href":"https:\/\/tvbrazilusa.com\/pt\/wp-json\/wp\/v2\/posts\/105550\/revisions\/105552"}],"wp:featuredmedia":[{"embeddable":true,"href":"https:\/\/tvbrazilusa.com\/pt\/wp-json\/wp\/v2\/media\/105551"}],"wp:attachment":[{"href":"https:\/\/tvbrazilusa.com\/pt\/wp-json\/wp\/v2\/media?parent=105550"}],"wp:term":[{"taxonomy":"category","embeddable":true,"href":"https:\/\/tvbrazilusa.com\/pt\/wp-json\/wp\/v2\/categories?post=105550"},{"taxonomy":"post_tag","embeddable":true,"href":"https:\/\/tvbrazilusa.com\/pt\/wp-json\/wp\/v2\/tags?post=105550"}],"curies":[{"name":"wp","href":"https:\/\/api.w.org\/{rel}","templated":true}]}}