{"id":105553,"date":"2025-02-22T19:27:08","date_gmt":"2025-02-22T19:27:08","guid":{"rendered":"https:\/\/tvbrazilusa.com\/2025\/02\/22\/lula-critica-acoes-de-trump-e-diz-que-presidente-americano-nao-foi-eleito-para-ser-xerife-do-mundo-veja\/"},"modified":"2025-02-22T19:27:10","modified_gmt":"2025-02-22T19:27:10","slug":"lula-critica-acoes-de-trump-e-diz-que-presidente-americano-nao-foi-eleito-para-ser-xerife-do-mundo-veja","status":"publish","type":"post","link":"https:\/\/tvbrazilusa.com\/pt\/2025\/02\/22\/lula-critica-acoes-de-trump-e-diz-que-presidente-americano-nao-foi-eleito-para-ser-xerife-do-mundo-veja\/","title":{"rendered":"Lula critica a\u00e7\u00f5es de Trump e diz que presidente americano n\u00e3o foi eleito para &#8216;ser xerife do mundo&#8217;; veja"},"content":{"rendered":"<p> <script async src=\"https:\/\/pagead2.googlesyndication.com\/pagead\/js\/adsbygoogle.js?client=ca-pub-8864793242727901\"\r\n     crossorigin=\"anonymous\"><\/script><br \/>\n<\/p>\n<div id=\"taboola-read-more\" style=\"display:block; width:100%\">\n<p>O presidente Luiz In\u00e1cio Lula da Silva (PT) disse neste s\u00e1bado (22) que o presidente dos Estados Unidos, Donald Trump, &#8220;n\u00e3o foi eleito para ser xerife do mundo&#8221;.\n<\/p>\n<p>Lula criticou as declara\u00e7\u00f5es de Trump sobre anexar a Groel\u00e2ndia (que \u00e9 um territ\u00f3rio aut\u00f4nomo da Dinamarca) e o Canad\u00e1.<\/p>\n<p>&#8220;Hoje, o que ele [os Estados Unidos] fala \u00e9 totalmente contr\u00e1rio ao que falava nos anos 1980. A Am\u00e9rica para os americanos, o Canal do Panam\u00e1 \u00e9 dele, o Canad\u00e1 n\u00e3o \u00e9 mais um pa\u00eds, \u00e9 um estado, a Groel\u00e2ndia \u00e9 dele. O M\u00e9xico n\u00e3o tem mais o Golfo, o Golfo \u00e9 americano&#8221;, disse.\n<\/p>\n<p>Lula continuou: &#8220;Esse cidad\u00e3o [Trump] n\u00e3o foi eleito para ser xerife do mundo, ele foi eleito para governar os Estados Unidos e ele que governe bem. E quem vai governar o Brasil somos n\u00f3s. O brasileiro vai governar do jeito que a gente quer&#8221;, disse em evento de anivers\u00e1rio do PT, no Rio de Janeiro.\n<\/p>\n<p>O presidente tamb\u00e9m criticou as plataformas digitais. Disse que &#8220;n\u00e3o adianta amea\u00e7ar pela Justi\u00e7a, n\u00e3o adianta perseguir o Alexandre de Moraes porque precisamos inclusive dar os parab\u00e9ns ao Alexandre de Moraes e ao Procurador-Geral da Rep\u00fablica pela den\u00fancia contra os golpistas [do 8 de Janeiro]&#8221;.\n<\/p>\n<p>Lula se referiu ao processo aberto contra o ministro do Supremo Tribunal Federal (STF) Alexandre de Moraes pela plataforma de v\u00eddeos Rumble.\n<\/p>\n<p>O Rumble \u00e9 uma plataforma de v\u00eddeos similar ao YouTube, do Google, inclusive no visual. Lan\u00e7ada em 2013, a rede social \u00e9 bastante popular entre conservadores nos EUA. Ela diz que sua miss\u00e3o \u00e9 &#8220;proteger uma internet livre e aberta&#8221; e j\u00e1 se envolveu em diversas controv\u00e9rsias.\n<\/p>\n<p>Na sexta-feira (21), Moraes determinou o bloqueio da plataforma no Brasil.\n<\/p>\n<p>O ministro alega que a rede social cometeu &#8220;reiterados, conscientes e volunt\u00e1rios descumprimentos das ordens judiciais, al\u00e9m da tentativa de n\u00e3o se submeter ao ordenamento jur\u00eddico e Poder Judici\u00e1rio brasileiros&#8221; e que instituiu um &#8220;ambiente de total impunidade e &#8216;terra sem lei&#8217; nas redes sociais brasileiras&#8221;.\n<\/p>\n<p><strong>Den\u00fancia da PGR<\/strong>\n<\/p>\n<p>Ao parabenizar o Procurador-Geral da Rep\u00fablica (PGR), Paulo Gonet, Lula faz men\u00e7\u00e3o \u00e0 den\u00fancia apresentada contra o ex-presidente Jair Bolsonaro (PL) nesta semana.\n<\/p>\n<p>A PGR denunciou Bolsonaro pela tentativa de golpe de Estado em 2022. Ele foi denunciado pelos crimes de:\n<\/p>\n<p>lideran\u00e7a de organiza\u00e7\u00e3o criminosa armada;\n<\/p>\n<p>tentativa de aboli\u00e7\u00e3o violenta do Estado Democr\u00e1tico de Direito;\n<\/p>\n<p>golpe de Estado;\n<\/p>\n<p>dano qualificado pela viol\u00eancia e grave amea\u00e7a contra o patrim\u00f4nio da uni\u00e3o;\n<\/p>\n<p>deteriora\u00e7\u00e3o de patrim\u00f4nio tombado.\n<\/p>\n<p>Al\u00e9m disso, a PGR afirmou que Bolsonaro foi o l\u00edder da organiza\u00e7\u00e3o que tentou derrubar a democracia no Brasil.\n<\/p>\n<p>Se a den\u00fancia for aceita pelo STF, Bolsonaro se tornar\u00e1 r\u00e9u e passar\u00e1 a responder a um processo penal no tribunal.\n<\/p>\n<p>Fonte: g1\n              <\/p>\n<\/div>\n<p><br \/>\n<br \/><a href=\"https:\/\/diariodobrasilnoticias.com.br\/noticia\/lula-critica-acoes-de-trump-e-diz-que-presidente-americano-nao-foi-eleito-para-ser-xerife-do-mundo-veja-67b9ff53453d4\">Source link <\/a><\/p>","protected":false},"excerpt":{"rendered":"<p>O presidente Luiz In\u00e1cio Lula da Silva (PT) disse neste s\u00e1bado (22) que o presidente dos Estados Unidos, Donald Trump, &#8220;n\u00e3o foi eleito para ser xerife do mundo&#8221;. Lula criticou&hellip;<\/p>","protected":false},"author":1,"featured_media":105554,"comment_status":"closed","ping_status":"open","sticky":false,"template":"","format":"standard","meta":{"content-type":"","footnotes":""},"categories":[16],"tags":[123,2448,5313,1267],"class_list":["post-105553","post","type-post","status-publish","format-standard","has-post-thumbnail","hentry","category-noticias","tag-brasil","tag-diario","tag-noticia","tag-noticias"],"_links":{"self":[{"href":"https:\/\/tvbrazilusa.com\/pt\/wp-json\/wp\/v2\/posts\/105553","targetHints":{"allow":["GET"]}}],"collection":[{"href":"https:\/\/tvbrazilusa.com\/pt\/wp-json\/wp\/v2\/posts"}],"about":[{"href":"https:\/\/tvbrazilusa.com\/pt\/wp-json\/wp\/v2\/types\/post"}],"author":[{"embeddable":true,"href":"https:\/\/tvbrazilusa.com\/pt\/wp-json\/wp\/v2\/users\/1"}],"replies":[{"embeddable":true,"href":"https:\/\/tvbrazilusa.com\/pt\/wp-json\/wp\/v2\/comments?post=105553"}],"version-history":[{"count":1,"href":"https:\/\/tvbrazilusa.com\/pt\/wp-json\/wp\/v2\/posts\/105553\/revisions"}],"predecessor-version":[{"id":105555,"href":"https:\/\/tvbrazilusa.com\/pt\/wp-json\/wp\/v2\/posts\/105553\/revisions\/105555"}],"wp:featuredmedia":[{"embeddable":true,"href":"https:\/\/tvbrazilusa.com\/pt\/wp-json\/wp\/v2\/media\/105554"}],"wp:attachment":[{"href":"https:\/\/tvbrazilusa.com\/pt\/wp-json\/wp\/v2\/media?parent=105553"}],"wp:term":[{"taxonomy":"category","embeddable":true,"href":"https:\/\/tvbrazilusa.com\/pt\/wp-json\/wp\/v2\/categories?post=105553"},{"taxonomy":"post_tag","embeddable":true,"href":"https:\/\/tvbrazilusa.com\/pt\/wp-json\/wp\/v2\/tags?post=105553"}],"curies":[{"name":"wp","href":"https:\/\/api.w.org\/{rel}","templated":true}]}}