{"id":105562,"date":"2025-02-22T19:56:35","date_gmt":"2025-02-22T19:56:35","guid":{"rendered":"https:\/\/tvbrazilusa.com\/2025\/02\/22\/ministros-de-lula-defendem-que-itamaraty-atue-no-caso-trump-x-moraes\/"},"modified":"2025-02-22T19:56:36","modified_gmt":"2025-02-22T19:56:36","slug":"ministros-de-lula-defendem-que-itamaraty-atue-no-caso-trump-x-moraes","status":"publish","type":"post","link":"https:\/\/tvbrazilusa.com\/pt\/2025\/02\/22\/ministros-de-lula-defendem-que-itamaraty-atue-no-caso-trump-x-moraes\/","title":{"rendered":"Ministros de lula defendem que Itamaraty atue no caso trump x moraes"},"content":{"rendered":"<p> <script async src=\"https:\/\/pagead2.googlesyndication.com\/pagead\/js\/adsbygoogle.js?client=ca-pub-8864793242727901\"\r\n     crossorigin=\"anonymous\"><\/script><br \/>\n<\/p>\n<div id=\"taboola-read-more\" style=\"display:block; width:100%\">\n<p>Ministros do n\u00facleo duro de Lula defendem que o Minist\u00e9rio das Rela\u00e7\u00f5es Exteriores atue em prol de Alexandre de Moraes ap\u00f3s o magistrado do STF virar alvo de uma a\u00e7\u00e3o judicial movida na Fl\u00f3rida pelo grupo de comunica\u00e7\u00e3o de Donald Trump, presidente dos Estados Unidos. Sob reserva, esses auxiliares de Lula argumentam que o imbr\u00f3glio pode ter consequ\u00eancias diplom\u00e1ticas, o que justificaria a entrada do Itamaraty no caso.<\/p>\n<p>A expectativa deles \u00e9 que o Minist\u00e9rio das Rela\u00e7\u00f5es Exteriores se junte \u00e0 Advocacia-Geral da Uni\u00e3o, que j\u00e1 informou que representar\u00e1 Alexandre de Moraes na corte norte-americana.<\/p>\n<p>Lula, contudo, ainda n\u00e3o conversou sobre o assunto com o chanceler Mauro Vieira, que estava em agenda oficial no exterior nesta sexta-feira (21\/2).<\/p>\n<p>Integrantes da c\u00fapula do Itamaraty ouvidos pela coluna veem a quest\u00e3o com cautela. Eles ponderam que a a\u00e7\u00e3o foi movida pela empresa de Donald Trump, a Trump Media, e n\u00e3o pelo presidente dos Estados Unidos no exerc\u00edcio do cargo. E que, portanto, o ingresso da chancelaria brasileira no caso n\u00e3o \u00e9 t\u00e3o simples quanto possa parecer.<\/p>\n<p>No processo, o grupo de Trump acusa Moraes de promover \u201ccensura\u201d ao bloquear perfis em redes sociais.\n<\/p>\n<p>Com informa\u00e7\u00f5es metr\u00f3poles<\/p>\n<\/p><\/div>\n<p><br \/>\n<br \/><a href=\"https:\/\/diariodobrasilnoticias.com.br\/noticia\/ministros-de-lula-defendem-que-itamaraty-atue-no-caso-trump-x-moraes-67ba0c16a50b6\">Source link <\/a><\/p>","protected":false},"excerpt":{"rendered":"<p>Ministros do n\u00facleo duro de Lula defendem que o Minist\u00e9rio das Rela\u00e7\u00f5es Exteriores atue em prol de Alexandre de Moraes ap\u00f3s o magistrado do STF virar alvo de uma a\u00e7\u00e3o&hellip;<\/p>","protected":false},"author":1,"featured_media":105563,"comment_status":"closed","ping_status":"open","sticky":false,"template":"","format":"standard","meta":{"content-type":"","footnotes":""},"categories":[16],"tags":[123,2448,5313,1267],"class_list":["post-105562","post","type-post","status-publish","format-standard","has-post-thumbnail","hentry","category-noticias","tag-brasil","tag-diario","tag-noticia","tag-noticias"],"_links":{"self":[{"href":"https:\/\/tvbrazilusa.com\/pt\/wp-json\/wp\/v2\/posts\/105562","targetHints":{"allow":["GET"]}}],"collection":[{"href":"https:\/\/tvbrazilusa.com\/pt\/wp-json\/wp\/v2\/posts"}],"about":[{"href":"https:\/\/tvbrazilusa.com\/pt\/wp-json\/wp\/v2\/types\/post"}],"author":[{"embeddable":true,"href":"https:\/\/tvbrazilusa.com\/pt\/wp-json\/wp\/v2\/users\/1"}],"replies":[{"embeddable":true,"href":"https:\/\/tvbrazilusa.com\/pt\/wp-json\/wp\/v2\/comments?post=105562"}],"version-history":[{"count":1,"href":"https:\/\/tvbrazilusa.com\/pt\/wp-json\/wp\/v2\/posts\/105562\/revisions"}],"predecessor-version":[{"id":105564,"href":"https:\/\/tvbrazilusa.com\/pt\/wp-json\/wp\/v2\/posts\/105562\/revisions\/105564"}],"wp:featuredmedia":[{"embeddable":true,"href":"https:\/\/tvbrazilusa.com\/pt\/wp-json\/wp\/v2\/media\/105563"}],"wp:attachment":[{"href":"https:\/\/tvbrazilusa.com\/pt\/wp-json\/wp\/v2\/media?parent=105562"}],"wp:term":[{"taxonomy":"category","embeddable":true,"href":"https:\/\/tvbrazilusa.com\/pt\/wp-json\/wp\/v2\/categories?post=105562"},{"taxonomy":"post_tag","embeddable":true,"href":"https:\/\/tvbrazilusa.com\/pt\/wp-json\/wp\/v2\/tags?post=105562"}],"curies":[{"name":"wp","href":"https:\/\/api.w.org\/{rel}","templated":true}]}}