{"id":105565,"date":"2025-02-22T20:13:48","date_gmt":"2025-02-22T20:13:48","guid":{"rendered":"https:\/\/tvbrazilusa.com\/2025\/02\/22\/defesa-do-twitter-x-diz-que-vai-pagar-multa-imposta-por-moraes\/"},"modified":"2025-02-22T20:13:50","modified_gmt":"2025-02-22T20:13:50","slug":"defesa-do-twitter-x-diz-que-vai-pagar-multa-imposta-por-moraes","status":"publish","type":"post","link":"https:\/\/tvbrazilusa.com\/pt\/2025\/02\/22\/defesa-do-twitter-x-diz-que-vai-pagar-multa-imposta-por-moraes\/","title":{"rendered":"Defesa do Twitter\/X diz que vai pagar multa imposta por Moraes"},"content":{"rendered":"<p> <script async src=\"https:\/\/pagead2.googlesyndication.com\/pagead\/js\/adsbygoogle.js?client=ca-pub-8864793242727901\"\r\n     crossorigin=\"anonymous\"><\/script><br \/>\n<\/p>\n<div id=\"taboola-read-more\" style=\"display:block; width:100%\">\n<p>A defesa do Twitter\/X informou ao\u00a0<strong><a href=\"http:\/\/www.portal.stf.jsu.br\/\">Supremo Tribunal Federal (STF)<\/a><\/strong>\u00a0que pagar\u00e1 a multa de R$ 8,1 milh\u00f5es imposta pelo ministro Alexandre de Moraes. A san\u00e7\u00e3o foi aplicada devido ao n\u00e3o cumprimento de uma ordem judicial para fornecer dados cadastrais de um perfil atribu\u00eddo ao jornalista Allan dos Santos. Para a plataforma de Elon Musk, a ordem de entrega de dados era inexequ\u00edvel.\n<\/p>\n<p>No documento enviado \u00e0 Corte, a defesa reafirmou a \u201cinten\u00e7\u00e3o de proceder ao pagamento\u201d. A equipe jur\u00eddica solicitou a libera\u00e7\u00e3o de R$ 7,2 milh\u00f5es, congelados desde a suspens\u00e3o da plataforma em 2024. O desbloqueio foi autorizado por Moraes no \u00faltimo dia 6.<\/p>\n<p>+\u00a0<strong>Leia mais not\u00edcias de\u00a0<a href=\"https:\/\/revistaoeste.com\/politica\">Pol\u00edtica<\/a>\u00a0em Oeste<\/strong>\n<\/p>\n<p>Os advogados informaram que a transfer\u00eancia dos valores para a conta do X Brasil ainda n\u00e3o ocorreu. A empresa pede a libera\u00e7\u00e3o imediata dos fundos para viabilizar o pagamento da multa ou a compensa\u00e7\u00e3o parcial, permitindo que pague apenas a diferen\u00e7a de pouco mais de R$ 817 mil.\n<\/p>\n<p>O descumprimento da decis\u00e3o ocorreu porque a rede social alegou que suas operadoras n\u00e3o coletam dados cadastrais. Moraes multou a plataforma em R$ 100 mil por dia, e o valor acumulado foi recalculado em outubro, totalizando R$ 8,1 milh\u00f5es.\n<\/p>\n<h2 id=\"73c16792\" class=\"wp-block-heading\">Depois de multa ao Twitter\/X, Moraes suspende plataforma de v\u00eddeos Rumble<\/h2>\n<p>Al\u00e9m disso, Moraes determinou a suspens\u00e3o da plataforma de v\u00eddeos Rumble por n\u00e3o bloquear os perfis de Allan dos Santos e n\u00e3o indicar um representante legal no Brasil.\u00a0<strong><a href=\"https:\/\/revistaoeste.com\/politica\/moraes-determina-bloqueio-do-rumble-no-brasil\/\">A decis\u00e3o \u00e9 da \u00faltima sexta-feira, 21<\/a><\/strong>. A situa\u00e7\u00e3o \u00e9 semelhante ao ocorrido com o X em agosto de 2024.\n<\/p>\n<p>Naquela ocasi\u00e3o, a empresa de\u00a0<strong><a href=\"https:\/\/x.com\/elonmusk\">Elon Musk<\/a><\/strong>\u00a0ficou inativa por mais de 30 dias no pa\u00eds devido \u00e0 aus\u00eancia de representantes legais e ao n\u00e3o cumprimento de ordens judiciais do STF \u2014 ordens consideradas ilegais pelo Twitter\/X, porque o bloqueio total de perfis configura-se com censura pr\u00e9via, o que \u00e9 proibido pela Constitui\u00e7\u00e3o brasileira.\n<\/p>\n<p>A rede social foi reativada depois de pagar R$ 28,6 milh\u00f5es em multas, indicar representantes e cumprir as determina\u00e7\u00f5es judiciais.\n<\/p>\n<p>J\u00e1 a Rumble foi desativada no Brasil em dezembro de 2023, depois de ordens de censura. Apenas recentemente \u2014 havia duas semanas \u2014\u00a0<strong><a href=\"https:\/\/revistaoeste.com\/tecnologia\/rumble-e-reativado-no-brasil\/\">tinha sido reativada<\/a><\/strong>, mas agora Moraes mandou tirar a plataforma do ar novamente.\n<\/p>\n<p>Com informa\u00e7\u00f5es revista oeste              <\/p>\n<\/div>\n<p><br \/>\n<br \/><a href=\"https:\/\/diariodobrasilnoticias.com.br\/noticia\/defesa-do-twitter-x-diz-que-vai-pagar-multa-imposta-por-moraes-67ba12720f79b\">Source link <\/a><\/p>","protected":false},"excerpt":{"rendered":"<p>A defesa do Twitter\/X informou ao\u00a0Supremo Tribunal Federal (STF)\u00a0que pagar\u00e1 a multa de R$ 8,1 milh\u00f5es imposta pelo ministro Alexandre de Moraes. A san\u00e7\u00e3o foi aplicada devido ao n\u00e3o cumprimento&hellip;<\/p>","protected":false},"author":1,"featured_media":105566,"comment_status":"closed","ping_status":"open","sticky":false,"template":"","format":"standard","meta":{"content-type":"","footnotes":""},"categories":[16],"tags":[123,2448,5313,1267],"class_list":["post-105565","post","type-post","status-publish","format-standard","has-post-thumbnail","hentry","category-noticias","tag-brasil","tag-diario","tag-noticia","tag-noticias"],"_links":{"self":[{"href":"https:\/\/tvbrazilusa.com\/pt\/wp-json\/wp\/v2\/posts\/105565","targetHints":{"allow":["GET"]}}],"collection":[{"href":"https:\/\/tvbrazilusa.com\/pt\/wp-json\/wp\/v2\/posts"}],"about":[{"href":"https:\/\/tvbrazilusa.com\/pt\/wp-json\/wp\/v2\/types\/post"}],"author":[{"embeddable":true,"href":"https:\/\/tvbrazilusa.com\/pt\/wp-json\/wp\/v2\/users\/1"}],"replies":[{"embeddable":true,"href":"https:\/\/tvbrazilusa.com\/pt\/wp-json\/wp\/v2\/comments?post=105565"}],"version-history":[{"count":1,"href":"https:\/\/tvbrazilusa.com\/pt\/wp-json\/wp\/v2\/posts\/105565\/revisions"}],"predecessor-version":[{"id":105567,"href":"https:\/\/tvbrazilusa.com\/pt\/wp-json\/wp\/v2\/posts\/105565\/revisions\/105567"}],"wp:featuredmedia":[{"embeddable":true,"href":"https:\/\/tvbrazilusa.com\/pt\/wp-json\/wp\/v2\/media\/105566"}],"wp:attachment":[{"href":"https:\/\/tvbrazilusa.com\/pt\/wp-json\/wp\/v2\/media?parent=105565"}],"wp:term":[{"taxonomy":"category","embeddable":true,"href":"https:\/\/tvbrazilusa.com\/pt\/wp-json\/wp\/v2\/categories?post=105565"},{"taxonomy":"post_tag","embeddable":true,"href":"https:\/\/tvbrazilusa.com\/pt\/wp-json\/wp\/v2\/tags?post=105565"}],"curies":[{"name":"wp","href":"https:\/\/api.w.org\/{rel}","templated":true}]}}