{"id":10563,"date":"2024-07-28T11:50:01","date_gmt":"2024-07-28T11:50:01","guid":{"rendered":"https:\/\/tvbrazilusa.com\/2024\/07\/28\/ex-jornalista-da-cnn-processa-a-emissora-por-dividas-trabalhistas-de-mais-de-r-1-milhao\/"},"modified":"2024-07-28T12:10:25","modified_gmt":"2024-07-28T12:10:25","slug":"ex-jornalista-da-cnn-processa-a-emissora-por-dividas-trabalhistas-de-mais-de-r-1-milhao","status":"publish","type":"post","link":"https:\/\/tvbrazilusa.com\/pt\/2024\/07\/28\/ex-jornalista-da-cnn-processa-a-emissora-por-dividas-trabalhistas-de-mais-de-r-1-milhao\/","title":{"rendered":"Ex-jornalista da CNN processa a emissora por d\u00edvidas trabalhistas de mais de R$ 1 milh\u00e3o"},"content":{"rendered":"<p> <script async src=\"https:\/\/pagead2.googlesyndication.com\/pagead\/js\/adsbygoogle.js?client=ca-pub-8864793242727901\"\r\n     crossorigin=\"anonymous\"><\/script><br \/>\n<\/p>\n<div>\n<p>Foto: Reprodu\u00e7\u00e3o.<\/p>\n<p>O jornalista Pablo Augusto Relly est\u00e1 movendo uma a\u00e7\u00e3o contra a CNN Brasil, alegando que a emissora deve mais de R$ 1 milh\u00e3o em verbas trabalhistas. Relly atuou na emissora como editor de internacional, sendo respons\u00e1vel por coment\u00e1rios e an\u00e1lises sobre acontecimentos no exterior durante as transmiss\u00f5es dos telejornais. Atualmente residindo em Dubai, conforme noticiado pela revista Veja SP, ele conseguiu a gratuidade de Justi\u00e7a e aguarda a defini\u00e7\u00e3o do tribunal para a realiza\u00e7\u00e3o de uma audi\u00eancia virtual.<\/p>\n<p>\u201cEm maio, decidi deixar a CNN Brasil. Foram mais de dois anos de muitas hist\u00f3rias e coberturas. Retornei \u00e0 Pen\u00ednsula Ar\u00e1bica, retomando uma liga\u00e7\u00e3o que come\u00e7ou em 2013, quando estudei \u00e1rabe no Catar por um ano. A vida profissional segue agora nos Emirados \u00c1rabes Unidos\u201d, relatou Relly em suas redes sociais.<\/p>\n<h2 class=\"wp-block-heading\">O processo de Pablo Augusto Relly contra a CNN Brasil<\/h2>\n<p>Pablo Augusto Relly iniciou sua trajet\u00f3ria na CNN em janeiro de 2020, dois meses antes do lan\u00e7amento do canal no Brasil, e permaneceu at\u00e9 2022. Atualmente, ele trabalha na Emirates News Agency, uma ag\u00eancia de not\u00edcias dos Emirados \u00c1rabes, desempenhando fun\u00e7\u00f5es semelhantes \u00e0s que realizava na CNN Brasil.<\/p>\n<p>A a\u00e7\u00e3o judicial movida contra a emissora envolve uma s\u00e9rie de verbas trabalhistas que, segundo Relly, n\u00e3o foram devidamente pagas. O valor total da d\u00edvida ultrapassa R$ 1 milh\u00e3o, e o jornalista busca uma resolu\u00e7\u00e3o justa para a situa\u00e7\u00e3o. A decis\u00e3o do tribunal em conceder a gratuidade de Justi\u00e7a permite que Relly siga com o processo sem arcar com os custos judiciais, facilitando a luta pelos seus direitos.<\/p>\n<h2 class=\"wp-block-heading\">Import\u00e2ncia das verbas trabalhistas no Setor de Comunica\u00e7\u00e3o<\/h2>\n<p>As verbas trabalhistas desempenham um papel crucial em qualquer setor profissional, e no jornalismo n\u00e3o \u00e9 diferente. A transpar\u00eancia e o cumprimento das obriga\u00e7\u00f5es legais s\u00e3o fundamentais para garantir a seguran\u00e7a e o bem-estar dos trabalhadores. No caso espec\u00edfico de Pablo Augusto Relly, a situa\u00e7\u00e3o evidencia a import\u00e2ncia de assegurar que todos os profissionais de comunica\u00e7\u00e3o recebam o que lhes \u00e9 devido em acordo com a legisla\u00e7\u00e3o vigente.<\/p>\n<ul class=\"wp-block-list\">\n<li>Sal\u00e1rio atrasado<\/li>\n<li>F\u00e9rias n\u00e3o pagas<\/li>\n<li>13\u00ba sal\u00e1rio<\/li>\n<li>Horas extras<\/li>\n<li>FGTS n\u00e3o depositado<\/li>\n<\/ul>\n<h2 class=\"wp-block-heading\">Rela\u00e7\u00e3o com outros jornalistas e empregados do setor<\/h2>\n<p>A a\u00e7\u00e3o movida por Pablo Augusto Relly pode servir como um alerta e um exemplo para outros profissionais do setor de comunica\u00e7\u00e3o. Muitos jornalistas enfrentam situa\u00e7\u00f5es semelhantes, mas nem todos t\u00eam a coragem ou os recursos para buscar seus direitos na Justi\u00e7a. Ao tornar seu caso p\u00fablico, Relly n\u00e3o s\u00f3 luta por seu pr\u00f3prio direito, mas tamb\u00e9m inspira outros a n\u00e3o aceitarem condi\u00e7\u00f5es de trabalho injustas.<\/p>\n<p>Este caso destaca a import\u00e2ncia de estar ciente dos pr\u00f3prios direitos e de agir quando eles s\u00e3o violados. A transpar\u00eancia nas rela\u00e7\u00f5es trabalhistas \u00e9 vital para garantir um ambiente de trabalho saud\u00e1vel e equilibrado.<\/p>\n<h2 class=\"wp-block-heading\">Por que Pablo Escolheu Dubai para residir<\/h2>\n<p>A decis\u00e3o de Pablo Augusto Relly em residir em Dubai n\u00e3o \u00e9 meramente circunstancial. Em suas redes sociais, ele mencionou uma conex\u00e3o antiga com a regi\u00e3o da Pen\u00ednsula Ar\u00e1bica, onde estudou \u00e1rabe no Catar em 2013. Tal experi\u00eancia proporcionou a Relly uma base cultural e lingu\u00edstica que agora se mostra valiosa em sua carreira na Emirates News Agency.<\/p>\n<p>Al\u00e9m disso, Dubai \u00e9 conhecida por ser um hub mundial de neg\u00f3cios e comunica\u00e7\u00e3o. A cidade oferece uma vasta gama de oportunidades para profissionais de diversas \u00e1reas, incluindo o jornalismo, o que pode ter sido um fator determinante na escolha de Relly.<\/p>\n<p>Por fim, a mudan\u00e7a para Dubai pode representar um novo cap\u00edtulo na vida profissional de Relly, longe dos problemas enfrentados durante seu tempo na CNN Brasil, permitindo que ele continue a crescer e contribuir significantemente para o campo da comunica\u00e7\u00e3o internacional.<\/p>\n<\/p><\/div>\n<p><br \/>\n<br \/><a href=\"https:\/\/terrabrasilnoticias.com\/2024\/07\/ex-jornalista-da-cnn-processa-a-emissora-por-dividas-trabalhistas-de-mais-de-r-1-milhao\/\">Source link <\/a><\/p>","protected":false},"excerpt":{"rendered":"<p>Foto: Reprodu\u00e7\u00e3o. O jornalista Pablo Augusto Relly est\u00e1 movendo uma a\u00e7\u00e3o contra a CNN Brasil, alegando que a emissora deve mais de R$ 1 milh\u00e3o em verbas trabalhistas. Relly atuou&hellip;<\/p>","protected":false},"author":1,"featured_media":10564,"comment_status":"closed","ping_status":"open","sticky":false,"template":"","format":"standard","meta":{"content-type":"","footnotes":""},"categories":[16],"tags":[],"class_list":["post-10563","post","type-post","status-publish","format-standard","has-post-thumbnail","hentry","category-noticias"],"_links":{"self":[{"href":"https:\/\/tvbrazilusa.com\/pt\/wp-json\/wp\/v2\/posts\/10563","targetHints":{"allow":["GET"]}}],"collection":[{"href":"https:\/\/tvbrazilusa.com\/pt\/wp-json\/wp\/v2\/posts"}],"about":[{"href":"https:\/\/tvbrazilusa.com\/pt\/wp-json\/wp\/v2\/types\/post"}],"author":[{"embeddable":true,"href":"https:\/\/tvbrazilusa.com\/pt\/wp-json\/wp\/v2\/users\/1"}],"replies":[{"embeddable":true,"href":"https:\/\/tvbrazilusa.com\/pt\/wp-json\/wp\/v2\/comments?post=10563"}],"version-history":[{"count":1,"href":"https:\/\/tvbrazilusa.com\/pt\/wp-json\/wp\/v2\/posts\/10563\/revisions"}],"predecessor-version":[{"id":10565,"href":"https:\/\/tvbrazilusa.com\/pt\/wp-json\/wp\/v2\/posts\/10563\/revisions\/10565"}],"wp:featuredmedia":[{"embeddable":true,"href":"https:\/\/tvbrazilusa.com\/pt\/wp-json\/wp\/v2\/media\/10564"}],"wp:attachment":[{"href":"https:\/\/tvbrazilusa.com\/pt\/wp-json\/wp\/v2\/media?parent=10563"}],"wp:term":[{"taxonomy":"category","embeddable":true,"href":"https:\/\/tvbrazilusa.com\/pt\/wp-json\/wp\/v2\/categories?post=10563"},{"taxonomy":"post_tag","embeddable":true,"href":"https:\/\/tvbrazilusa.com\/pt\/wp-json\/wp\/v2\/tags?post=10563"}],"curies":[{"name":"wp","href":"https:\/\/api.w.org\/{rel}","templated":true}]}}