{"id":10588,"date":"2024-07-28T12:55:38","date_gmt":"2024-07-28T12:55:38","guid":{"rendered":"https:\/\/tvbrazilusa.com\/2024\/07\/28\/a-quantidade-impressionante-de-contribuintes-iniciantes-que-doaram-para-harris-para-derrotar-trump\/"},"modified":"2024-07-28T13:05:01","modified_gmt":"2024-07-28T13:05:01","slug":"a-quantidade-impressionante-de-contribuintes-iniciantes-que-doaram-para-harris-para-derrotar-trump","status":"publish","type":"post","link":"https:\/\/tvbrazilusa.com\/pt\/2024\/07\/28\/a-quantidade-impressionante-de-contribuintes-iniciantes-que-doaram-para-harris-para-derrotar-trump\/","title":{"rendered":"A quantidade impressionante de contribuintes iniciantes que doaram para Harris para derrotar Trump"},"content":{"rendered":"<script async src=\"https:\/\/pagead2.googlesyndication.com\/pagead\/js\/adsbygoogle.js?client=ca-pub-8864793242727901\"\r\n     crossorigin=\"anonymous\"><\/script>\n<div>\n<p class=\"article__paragraph article__paragraph--left\" id=\"CKRFY36FDBBP5ODIH2EULBOZQM\">Depois de se gabar de ter arrecadado US$ 200 milh\u00f5es desde que surgiu como prov\u00e1vel candidata presidencial democrata, <a href=\"https:\/\/www.google.com\/url?sa=t&#038;source=web&#038;rct=j&#038;opi=89978449&#038;url=https:\/\/www.nj.com\/politics\/2024\/07\/biden-backs-vp-kamala-harris-to-take-on-donald-trump-in-2024-presidential-election.html&#038;ved=2ahUKEwjfkuKG7biHAxWKE1kFHQGAADcQvOMEKAB6BAgIEAE&#038;usg=AOvVaw3UWYBI6DHCgWE9YpHEKE49\">Kamala Harris<\/a>&#39; a campanha disse no domingo que a maioria das doa\u00e7\u00f5es veio de contribuintes iniciantes no ciclo eleitoral de 2024.<\/p>\n<p class=\"article__paragraph article__paragraph--left\" id=\"2SACC7N6EVGK5K2LPN4EOYD5H4\">Eles relataram que 66% das doa\u00e7\u00f5es eram de contribuintes iniciantes e foram feitas depois <a href=\"https:\/\/www.nj.com\/politics\/2024\/03\/in-battle-with-trump-biden-has-message-for-those-who-thought-hed-get-his-ass-kicked.html\">Joe Biden<\/a> anunciou que n\u00e3o concorreria contra <a href=\"https:\/\/www.nj.com\/topic\/donald-trump\/\">Donald Trump<\/a> neste novembro.<\/p>\n<p class=\"article__paragraph article__paragraph--left\" id=\"3HLDSISG55CWLLZIYKJTHD5LPM\">Al\u00e9m disso, mais de 170.000 volunt\u00e1rios se inscreveram para ajudar a campanha de Harris com telemarketing, campanhas eleitorais e outros esfor\u00e7os para mobilizar eleitores.<\/p>\n<p class=\"article__paragraph article__paragraph--left\" id=\"HQOSF3QQONGRLBSSIA5PNLLKRE\">\u201cO \u00edmpeto e a energia da vice-presidente Harris s\u00e3o reais \u2014 assim como os fundamentos desta corrida: esta elei\u00e7\u00e3o ser\u00e1 muito acirrada e decidida por um pequeno n\u00famero de eleitores em apenas alguns estados\u201d, escreveu Michael Tyler, diretor de comunica\u00e7\u00f5es da campanha, em um memorando.<\/p>\n<p class=\"article__paragraph article__paragraph--left\" id=\"FNC74ZW4GRF5DJXFCEIEDDSTDI\">Harris rapidamente uniu o apoio democrata depois que Biden, cuja candidatura fracassou ap\u00f3s seu desempenho desastroso no debate de 27 de junho contra Trump, saiu da disputa. A ex-presidente da C\u00e2mara Nancy Pelosi, o l\u00edder da maioria no Senado Chuck Schumer, o l\u00edder democrata da C\u00e2mara Hakeem Jeffries, o ex-l\u00edder da minoria na C\u00e2mara Jim Clyburn, o ex-presidente Bill Clinton e a ex-secret\u00e1ria de Estado Hillary Clinton foram r\u00e1pidos em anunciar seu apoio.<\/p>\n<p class=\"article__paragraph article__paragraph--left\" id=\"MPR7WFIFKNASXHS4XWS45FVKSM\">Biden apoiou Harris como candidata do partido e os democratas a apoiaram.<\/p>\n<p class=\"article__paragraph article__paragraph--left\" id=\"XZNUYID6ZFHW5JNXHGGFQIOVMA\">\u201cHoje, quero oferecer meu total apoio e endosso para que Kamala seja a indicada do nosso partido este ano. Democratas \u2014 \u00e9 hora de nos unirmos e derrotar Trump. Vamos fazer isso\u201d, Biden postou no X quando anunciou sua decis\u00e3o de n\u00e3o concorrer \u00e0 reelei\u00e7\u00e3o.<\/p>\n<p class=\"article__paragraph article__paragraph--left\" id=\"AJOTQV4UZVERVDOVXWIZSUIUJ4\">A Conven\u00e7\u00e3o Nacional Democrata acontece de 19 a 22 de agosto em Chicago.<\/p>\n<p class=\"article__paragraph article__paragraph--left\" id=\"S6RZTFQKK5GR7MAERIMLFSTOOU\">Biden planeja cumprir o restante de seu mandato, que termina ao meio-dia de 20 de janeiro de 2025.<\/p>\n<p class=\"article__paragraph article__paragraph--left\" id=\"YU2BSUOD7BAR3AEKZ23FMT4MYU\"><i>A Associated Press contribuiu para esta reportagem.<\/i><\/p>\n<section class=\"Stories-By-Author-module_wrapper__ezbcK Stories-By-Author-module_nj__Ap1-Y\"\/>\n<p class=\"article__paragraph article__paragraph--left\" id=\"X7GEYEAXUFFI5OJOXBI63CSUQQ\"><i>Nosso jornalismo precisa do seu apoio. Por favor, assine hoje mesmo <\/i><a href=\"http:\/\/nj.com\/\"><i>NJ.com<\/i><\/a><i>.<\/i><\/p>\n<p class=\"article__paragraph article__paragraph--left\" id=\"H7W7D5POKVGN7L5FOUT3IPGHHM\"><a href=\"https:\/\/twitter.com\/MatthewArco\"><i>Matt Arco<\/i><\/a><i>  pode ser alcan\u00e7ado em <\/i><a href=\"https:\/\/www.nj.com\/politics\/2024\/07\/mailto:marco@njadvancemedia.com\"><i>marco@njadvancemedia.com<\/i><\/a><i>. Siga-o no Twitter em <\/i><a href=\"https:\/\/twitter.com\/MatthewArco\"><i>@MatthewArco<\/i><\/a><i>.<\/i><\/p>\n<\/div>\n<p><script async src=\"\/\/platform.twitter.com\/widgets.js\" charset=\"utf-8\"><\/script><br \/>\n<br \/><br \/>\n<br \/><a href=\"https:\/\/www.nj.com\/politics\/2024\/07\/the-stunning-amount-of-first-time-contributors-who-donated-to-harris-to-defeat-trump.html\">Source link <\/a><\/p>","protected":false},"excerpt":{"rendered":"<p>Depois de se gabar de ter arrecadado US$ 200 milh\u00f5es desde que surgiu como prov\u00e1vel candidata presidencial democrata, Kamala Harris&#39; a campanha disse no domingo que a maioria das doa\u00e7\u00f5es&hellip;<\/p>","protected":false},"author":1,"featured_media":10589,"comment_status":"closed","ping_status":"open","sticky":false,"template":"","format":"standard","meta":{"content-type":"","footnotes":""},"categories":[1],"tags":[],"class_list":["post-10588","post","type-post","status-publish","format-standard","has-post-thumbnail","hentry","category-uncategorized"],"_links":{"self":[{"href":"https:\/\/tvbrazilusa.com\/pt\/wp-json\/wp\/v2\/posts\/10588","targetHints":{"allow":["GET"]}}],"collection":[{"href":"https:\/\/tvbrazilusa.com\/pt\/wp-json\/wp\/v2\/posts"}],"about":[{"href":"https:\/\/tvbrazilusa.com\/pt\/wp-json\/wp\/v2\/types\/post"}],"author":[{"embeddable":true,"href":"https:\/\/tvbrazilusa.com\/pt\/wp-json\/wp\/v2\/users\/1"}],"replies":[{"embeddable":true,"href":"https:\/\/tvbrazilusa.com\/pt\/wp-json\/wp\/v2\/comments?post=10588"}],"version-history":[{"count":1,"href":"https:\/\/tvbrazilusa.com\/pt\/wp-json\/wp\/v2\/posts\/10588\/revisions"}],"predecessor-version":[{"id":10590,"href":"https:\/\/tvbrazilusa.com\/pt\/wp-json\/wp\/v2\/posts\/10588\/revisions\/10590"}],"wp:featuredmedia":[{"embeddable":true,"href":"https:\/\/tvbrazilusa.com\/pt\/wp-json\/wp\/v2\/media\/10589"}],"wp:attachment":[{"href":"https:\/\/tvbrazilusa.com\/pt\/wp-json\/wp\/v2\/media?parent=10588"}],"wp:term":[{"taxonomy":"category","embeddable":true,"href":"https:\/\/tvbrazilusa.com\/pt\/wp-json\/wp\/v2\/categories?post=10588"},{"taxonomy":"post_tag","embeddable":true,"href":"https:\/\/tvbrazilusa.com\/pt\/wp-json\/wp\/v2\/tags?post=10588"}],"curies":[{"name":"wp","href":"https:\/\/api.w.org\/{rel}","templated":true}]}}