{"id":105906,"date":"2025-02-23T21:17:54","date_gmt":"2025-02-23T21:17:54","guid":{"rendered":"https:\/\/tvbrazilusa.com\/2025\/02\/23\/segundo-estudo-vacinas-contra-a-covid-19-podem-levar-a-sindrome-rara-saiba-quais-sao-os-efeitos-colaterais\/"},"modified":"2025-02-23T21:17:55","modified_gmt":"2025-02-23T21:17:55","slug":"segundo-estudo-vacinas-contra-a-covid-19-podem-levar-a-sindrome-rara-saiba-quais-sao-os-efeitos-colaterais","status":"publish","type":"post","link":"https:\/\/tvbrazilusa.com\/pt\/2025\/02\/23\/segundo-estudo-vacinas-contra-a-covid-19-podem-levar-a-sindrome-rara-saiba-quais-sao-os-efeitos-colaterais\/","title":{"rendered":"Segundo estudo, vacinas contra a COVID-19 podem levar a s\u00edndrome rara; saiba quais s\u00e3o os efeitos colaterais"},"content":{"rendered":"<p> <script async src=\"https:\/\/pagead2.googlesyndication.com\/pagead\/js\/adsbygoogle.js?client=ca-pub-8864793242727901\"\r\n     crossorigin=\"anonymous\"><\/script><br \/>\n<\/p>\n<div id=\"taboola-read-more\" style=\"display:block; width:100%\">\n<p>As vacinas contra a COVID-19 foram extremamente protetoras, prevenindo milh\u00f5es de mortes. No entanto, em um pequeno n\u00famero de pessoas, as vacinas podem ter levado a uma constela\u00e7\u00e3o de efeitos colaterais que inclui fadiga, intoler\u00e2ncia ao exerc\u00edcio, n\u00e9voa cerebral, zumbido e tontura, coletivamente referidos como \u201cs\u00edndrome p\u00f3s-vacina\u00e7\u00e3o\u201d, de acordo com um novo estudo pequeno.\n<\/p>\n<p>Algumas pessoas com essa s\u00edndrome parecem apresentar mudan\u00e7as biol\u00f3gicas distintas, descobriu a pesquisa \u2014 entre elas, diferen\u00e7as nas c\u00e9lulas imunol\u00f3gicas, reativa\u00e7\u00e3o de um v\u00edrus adormecido chamado Epstein-Barr e a persist\u00eancia de uma prote\u00edna do coronav\u00edrus em seu sangue.<\/p>\n<p>O estudo foi publicado online na quarta-feira e ainda n\u00e3o foi publicado em uma revista cient\u00edfica. \u201cQuero enfatizar que isso ainda \u00e9 um trabalho em andamento,\u201d disse Akiko Iwasaki, uma imunologista da Universidade de Yale que liderou o trabalho.\n<\/p>\n<p>\u201cN\u00e3o \u00e9 como se este estudo tivesse determinado o que est\u00e1 fazendo as pessoas adoecerem,\u201d disse ela, \u201cmas \u00e9 o primeiro vislumbre do que pode estar acontecendo com essas pessoas.\u201d\n<\/p>\n<p>Especialistas independentes observaram que os resultados n\u00e3o eram conclusivos por si s\u00f3. No entanto, os resultados, de uma equipe cient\u00edfica conhecida por seu trabalho rigoroso, sugerem que a s\u00edndrome p\u00f3s-vacina\u00e7\u00e3o merece uma investiga\u00e7\u00e3o mais aprofundada, disseram eles.\n<\/p>\n<p>\u201cUma das coisas mais importantes \u00e9 que precisamos de aten\u00e7\u00e3o para realmente iluminar isso e tentar entender exatamente o que \u00e9,\u201d disse John Wherry, diretor do Instituto de Imunologia da Universidade da Pensilv\u00e2nia. (Wherry j\u00e1 colaborou anteriormente com a equipe de Iwasaki, mas n\u00e3o participou deste trabalho.)\n<\/p>\n<p>Milhares de pessoas afirmaram que as vacinas COVID as prejudicaram. Mas o sistema de sa\u00fade fragmentado dos Estados Unidos complica a detec\u00e7\u00e3o de efeitos colaterais incomuns e forneceu pouca clareza sobre a gama de sintomas que as pessoas podem ter experimentado ap\u00f3s a vacina\u00e7\u00e3o.\n<\/p>\n<p>A fragmenta\u00e7\u00e3o tamb\u00e9m dificultou a compara\u00e7\u00e3o e a coleta de relatos auto-relatados. O novo estudo \u00e9 pequeno, e a condi\u00e7\u00e3o que est\u00e1 estudando \u00e9 \u201cmuito heterog\u00eanea,\u201d disse o Dr. Gregory Poland, editor em\u00e9rito da revista Vaccine e presidente do Atria Research Institute.\n<\/p>\n<p>\u201cApesar dessas limita\u00e7\u00f5es, eles encontraram dados interessantes que precisam de mais estudos,\u201d disse Poland. \u201cEstudos muito maiores de indiv\u00edduos cuidadosamente definidos e fenotipados precisam ser realizados.\u201d\n<\/p>\n<p>Entre dezembro de 2022 e novembro de 2023, Iwasaki e sua equipe coletaram amostras de sangue de 42 pessoas com s\u00edndrome p\u00f3s-vacina\u00e7\u00e3o e 22 pessoas saud\u00e1veis sem a condi\u00e7\u00e3o. As pessoas com a s\u00edndrome estavam geralmente em pior estado de sa\u00fade do que a m\u00e9dia dos americanos, descobriram os pesquisadores.\n<\/p>\n<p>Quando os pesquisadores analisaram componentes do sistema imunol\u00f3gico, os sujeitos com s\u00edndrome p\u00f3s-vacina\u00e7\u00e3o apresentaram propor\u00e7\u00f5es diferentes de algumas c\u00e9lulas imunol\u00f3gicas, em compara\u00e7\u00e3o com os controles. N\u00e3o est\u00e1 claro o que essas diferen\u00e7as podem significar; os pesquisadores n\u00e3o as vincularam a sintomas individuais.\n<\/p>\n<p>Como os sintomas relatados por pessoas com s\u00edndrome p\u00f3s-vacina\u00e7\u00e3o mostram consider\u00e1vel sobreposi\u00e7\u00e3o com os de COVID longo, os pesquisadores tamb\u00e9m analisaram o sangue de 134 pessoas com COVID longo e 134 controles saud\u00e1veis.\n<\/p>\n<p>Assim como as pessoas com COVID longo, aquelas com s\u00edndrome p\u00f3s-vacina\u00e7\u00e3o mostraram reativa\u00e7\u00e3o do v\u00edrus Epstein-Barr, um v\u00edrus que pode permanecer dormente no corpo e est\u00e1 associado \u00e0 mononucleose, esclerose m\u00faltipla e outras condi\u00e7\u00f5es.\n<\/p>\n<p>Alguns casos de COVID longo s\u00e3o considerados resultado da persist\u00eancia da prote\u00edna spike do coronav\u00edrus, resultando em um estado elevado de inflama\u00e7\u00e3o no corpo.\n<\/p>\n<p>Iwasaki e sua equipe descobriram que as pessoas com s\u00edndrome p\u00f3s-vacina\u00e7\u00e3o apresentavam n\u00edveis plasm\u00e1ticos significativamente mais altos da prote\u00edna spike do coronav\u00edrus do que todos os outros \u2014 incluindo aqueles com COVID longo \u2014 de 26 a 709 dias ap\u00f3s receber a vacina.\n<\/p>\n<p>Iwasaki disse que as vacinas de mRNA provavelmente n\u00e3o eram a fonte da prote\u00edna tanto tempo ap\u00f3s a administra\u00e7\u00e3o das vacinas. \u201cAlgo mais est\u00e1 permitindo esse tipo de express\u00e3o tardia da prote\u00edna spike, e n\u00e3o sabemos exatamente o que \u00e9,\u201d disse ela.\n<\/p>\n<p>Wherry sugeriu cautela na interpreta\u00e7\u00e3o desse resultado. Por exemplo, \u00e9 poss\u00edvel que parte da prote\u00edna resulte de infec\u00e7\u00f5es por coronav\u00edrus n\u00e3o detectadas. \u201cGostaria de ver mais dados sobre esse t\u00f3pico,\u201d disse ele.\n<\/p>\n<p>Ainda assim, ele acrescentou que a falta de respostas claras torna ainda mais importante continuar a explorar a quest\u00e3o.\n<\/p>\n<p>\u201cUma das coisas que talvez os cientistas tenham se deixado levar um pouco durante a pandemia \u00e9 essa percep\u00e7\u00e3o de que devemos ter todas as respostas, e se n\u00e3o pudermos dar uma resposta definitiva, ent\u00e3o n\u00e3o devemos falar sobre isso,\u201d disse ele.\n<\/p>\n<p>\u201cAcho que isso \u00e9 um erro,\u201d acrescentou. \u201cN\u00e3o podemos afirmar com certeza que isso n\u00e3o pode acontecer.\u201d\n<\/p>\n<p>Fonte: InfoMoney              <\/p>\n<\/div>\n<p><br \/>\n<br \/><a href=\"https:\/\/diariodobrasilnoticias.com.br\/noticia\/segundo-estudo-vacinas-contra-a-covid-19-podem-levar-a-sindrome-rara-saiba-quais-sao-os-efeitos-colaterais-67bb4a73d70e8\">Source link <\/a><\/p>","protected":false},"excerpt":{"rendered":"<p>As vacinas contra a COVID-19 foram extremamente protetoras, prevenindo milh\u00f5es de mortes. No entanto, em um pequeno n\u00famero de pessoas, as vacinas podem ter levado a uma constela\u00e7\u00e3o de efeitos&hellip;<\/p>","protected":false},"author":1,"featured_media":105907,"comment_status":"closed","ping_status":"open","sticky":false,"template":"","format":"standard","meta":{"content-type":"","footnotes":""},"categories":[16],"tags":[123,2448,5313,1267],"class_list":["post-105906","post","type-post","status-publish","format-standard","has-post-thumbnail","hentry","category-noticias","tag-brasil","tag-diario","tag-noticia","tag-noticias"],"_links":{"self":[{"href":"https:\/\/tvbrazilusa.com\/pt\/wp-json\/wp\/v2\/posts\/105906","targetHints":{"allow":["GET"]}}],"collection":[{"href":"https:\/\/tvbrazilusa.com\/pt\/wp-json\/wp\/v2\/posts"}],"about":[{"href":"https:\/\/tvbrazilusa.com\/pt\/wp-json\/wp\/v2\/types\/post"}],"author":[{"embeddable":true,"href":"https:\/\/tvbrazilusa.com\/pt\/wp-json\/wp\/v2\/users\/1"}],"replies":[{"embeddable":true,"href":"https:\/\/tvbrazilusa.com\/pt\/wp-json\/wp\/v2\/comments?post=105906"}],"version-history":[{"count":1,"href":"https:\/\/tvbrazilusa.com\/pt\/wp-json\/wp\/v2\/posts\/105906\/revisions"}],"predecessor-version":[{"id":105908,"href":"https:\/\/tvbrazilusa.com\/pt\/wp-json\/wp\/v2\/posts\/105906\/revisions\/105908"}],"wp:featuredmedia":[{"embeddable":true,"href":"https:\/\/tvbrazilusa.com\/pt\/wp-json\/wp\/v2\/media\/105907"}],"wp:attachment":[{"href":"https:\/\/tvbrazilusa.com\/pt\/wp-json\/wp\/v2\/media?parent=105906"}],"wp:term":[{"taxonomy":"category","embeddable":true,"href":"https:\/\/tvbrazilusa.com\/pt\/wp-json\/wp\/v2\/categories?post=105906"},{"taxonomy":"post_tag","embeddable":true,"href":"https:\/\/tvbrazilusa.com\/pt\/wp-json\/wp\/v2\/tags?post=105906"}],"curies":[{"name":"wp","href":"https:\/\/api.w.org\/{rel}","templated":true}]}}