{"id":105915,"date":"2025-02-23T21:46:16","date_gmt":"2025-02-23T21:46:16","guid":{"rendered":"https:\/\/tvbrazilusa.com\/2025\/02\/23\/eua-podem-usar-moraes-no-banco-dos-reus-como-simbolo-global-contra-censura\/"},"modified":"2025-02-23T21:46:18","modified_gmt":"2025-02-23T21:46:18","slug":"eua-podem-usar-moraes-no-banco-dos-reus-como-simbolo-global-contra-censura","status":"publish","type":"post","link":"https:\/\/tvbrazilusa.com\/pt\/2025\/02\/23\/eua-podem-usar-moraes-no-banco-dos-reus-como-simbolo-global-contra-censura\/","title":{"rendered":"EUA podem usar Moraes no banco dos r\u00e9us como s\u00edmbolo global contra censura"},"content":{"rendered":"<p> <script async src=\"https:\/\/pagead2.googlesyndication.com\/pagead\/js\/adsbygoogle.js?client=ca-pub-8864793242727901\"\r\n     crossorigin=\"anonymous\"><\/script><br \/>\n<\/p>\n<div id=\"taboola-read-more\" style=\"display:block; width:100%\">\n<p>O ministro do Supremo Tribunal Federal (STF) Alexandre de Moraes virou alvo, na quarta-feira (19), de uma a\u00e7\u00e3o judicial nos Estados Unidos movida pelo Trump Media &#038; Technology Group (TMTG), empresa ligada ao presidente americano Donald Trump, e pela plataforma de v\u00eddeos Rumble \u2013 que, nesta sexta-feira (21), foi suspensa no Brasil.<\/p>\n<p>O caso tramita em um tribunal federal na Fl\u00f3rida e pode se tornar um s\u00edmbolo global contra a onda de censura de usu\u00e1rios das redes sociais por autoridades estatais.<\/p>\n<p>&#8220;As a\u00e7\u00f5es do ministro Moraes, se n\u00e3o forem contidas, poderiam criar um precedente perigoso, no qual tribunais estrangeiros poderiam rotineiramente impor suas leis sobre empresas americanas, caso escolham ignorar os canais legais estabelecidos, amea\u00e7ando os princ\u00edpios fundamentais da soberania dos EUA, da liberdade de express\u00e3o e do discurso aberto&#8221;, afirmam os advogados das empresas.<\/p>\n<p>O foco imediato da a\u00e7\u00e3o \u00e9 um conjunto espec\u00edfico de &#8220;gag orders&#8221; \u2013 ordens de morda\u00e7a \u2013 expedidas por Alexandre de Moraes contra um usu\u00e1rio em particular das redes Rumble e Truth Social (que \u00e9 do TMTG), identificado no texto como &#8220;Political Dissident A&#8221; (&#8220;dissidente pol\u00edtico A&#8221;). \u00c9 bastante prov\u00e1vel que se trate do jornalista Allan dos Santos, que mora nos Estados Unidos.<\/p>\n<p>Moraes mandou intima\u00e7\u00f5es aos Estados Unidos pedindo \u00e0s duas redes a suspens\u00e3o dos perfis dele, a proibi\u00e7\u00e3o de que ele crie novas contas e o bloqueio de monetiza\u00e7\u00e3o ou de recebimento de doa\u00e7\u00f5es.<\/p>\n<p>Para o Rumble e o TMTG, as ordens judiciais emitidas pelo ministro s\u00e3o inconstitucionais sob a perspectiva norte-americana, j\u00e1 que seus atos buscam censurar conte\u00fado de plataformas sediadas nos Estados Unidos, violando prote\u00e7\u00f5es \u00e0 liberdade de express\u00e3o da lei americana e burlando leis internacionais de diplomacia.\n<\/p>\n<p>Com informa\u00e7\u00f5es gazetadopovo<\/p>\n<\/p><\/div>\n<p><br \/>\n<br \/><a href=\"https:\/\/diariodobrasilnoticias.com.br\/noticia\/eua-podem-usar-moraes-no-banco-dos-reus-como-simbolo-global-contra-censura-67bb6361e8bcf\">Source link <\/a><\/p>","protected":false},"excerpt":{"rendered":"<p>O ministro do Supremo Tribunal Federal (STF) Alexandre de Moraes virou alvo, na quarta-feira (19), de uma a\u00e7\u00e3o judicial nos Estados Unidos movida pelo Trump Media &#038; Technology Group (TMTG),&hellip;<\/p>","protected":false},"author":1,"featured_media":105916,"comment_status":"closed","ping_status":"open","sticky":false,"template":"","format":"standard","meta":{"content-type":"","footnotes":""},"categories":[16],"tags":[123,2448,5313,1267],"class_list":["post-105915","post","type-post","status-publish","format-standard","has-post-thumbnail","hentry","category-noticias","tag-brasil","tag-diario","tag-noticia","tag-noticias"],"_links":{"self":[{"href":"https:\/\/tvbrazilusa.com\/pt\/wp-json\/wp\/v2\/posts\/105915","targetHints":{"allow":["GET"]}}],"collection":[{"href":"https:\/\/tvbrazilusa.com\/pt\/wp-json\/wp\/v2\/posts"}],"about":[{"href":"https:\/\/tvbrazilusa.com\/pt\/wp-json\/wp\/v2\/types\/post"}],"author":[{"embeddable":true,"href":"https:\/\/tvbrazilusa.com\/pt\/wp-json\/wp\/v2\/users\/1"}],"replies":[{"embeddable":true,"href":"https:\/\/tvbrazilusa.com\/pt\/wp-json\/wp\/v2\/comments?post=105915"}],"version-history":[{"count":1,"href":"https:\/\/tvbrazilusa.com\/pt\/wp-json\/wp\/v2\/posts\/105915\/revisions"}],"predecessor-version":[{"id":105917,"href":"https:\/\/tvbrazilusa.com\/pt\/wp-json\/wp\/v2\/posts\/105915\/revisions\/105917"}],"wp:featuredmedia":[{"embeddable":true,"href":"https:\/\/tvbrazilusa.com\/pt\/wp-json\/wp\/v2\/media\/105916"}],"wp:attachment":[{"href":"https:\/\/tvbrazilusa.com\/pt\/wp-json\/wp\/v2\/media?parent=105915"}],"wp:term":[{"taxonomy":"category","embeddable":true,"href":"https:\/\/tvbrazilusa.com\/pt\/wp-json\/wp\/v2\/categories?post=105915"},{"taxonomy":"post_tag","embeddable":true,"href":"https:\/\/tvbrazilusa.com\/pt\/wp-json\/wp\/v2\/tags?post=105915"}],"curies":[{"name":"wp","href":"https:\/\/api.w.org\/{rel}","templated":true}]}}