{"id":105918,"date":"2025-02-23T21:59:27","date_gmt":"2025-02-23T21:59:27","guid":{"rendered":"https:\/\/tvbrazilusa.com\/2025\/02\/23\/eleicao-na-alemanha-boca-de-urna-mostra-lideranca-de-conservadores\/"},"modified":"2025-02-23T21:59:28","modified_gmt":"2025-02-23T21:59:28","slug":"eleicao-na-alemanha-boca-de-urna-mostra-lideranca-de-conservadores","status":"publish","type":"post","link":"https:\/\/tvbrazilusa.com\/pt\/2025\/02\/23\/eleicao-na-alemanha-boca-de-urna-mostra-lideranca-de-conservadores\/","title":{"rendered":"Elei\u00e7\u00e3o na Alemanha: boca de urna mostra lideran\u00e7a de conservadores"},"content":{"rendered":"<p> <script async src=\"https:\/\/pagead2.googlesyndication.com\/pagead\/js\/adsbygoogle.js?client=ca-pub-8864793242727901\"\r\n     crossorigin=\"anonymous\"><\/script><br \/>\n<\/p>\n<p>Os primeiros n\u00fameros das elei\u00e7\u00f5es antecipadas na Alemanha est\u00e3o chegando, e a Uni\u00e3o Democrata Crist\u00e3 (CDU), de centro-direita, parece estar prestes a voltar ao poder. Uma grande comemora\u00e7\u00e3o percorreu a sede do partido conservador quando as primeiras pesquisas de boca de urna foram anunciadas, indicando 29% para a coliga\u00e7\u00e3o CDU\/CSU.\n<\/p>\n<div id=\"mid2\" data-google-query-id=\"CNipnciy2osDFUdXpAQdoEge_Q\">\n<p>Isto significa que Merz, um conservador da velha guarda que nunca ocupou um cargo governamental anteriormente, provavelmente se tornar\u00e1 o novo chanceler da Alemanha, a maior economia e o estado mais populoso da Europa.<\/p>\n<p>Se as pesquisas se mantiverem, a Alternativa para a Alemanha (AfD), de extrema-direita, parece ter alcan\u00e7ado o seu resultado mais elevado at\u00e9 agora, com 19,5% dos votos \u2013 quase duplicando o seu apoio desde as \u00faltimas elei\u00e7\u00f5es em 2021. Este \u00e9 um aumento significativo previsto no apoio ao partido, que provavelmente \u00e9 agora a maior for\u00e7a de oposi\u00e7\u00e3o da Alemanha.\n<\/p>\n<p>O Partido Social Democrata (SPD), de centro-esquerda, do chanceler Olaf Scholz parece destinado a ficar em terceiro \u2013 uma grande reviravolta desde as elei\u00e7\u00f5es de 2021, quando obteve 25,7% dos votos.\n<\/p>\n<p>A Alian\u00e7a Sahra Wageknecht (BSW) perdeu por pouco o limite de 5% necess\u00e1rio para entrar no parlamento, enquanto o partido A Esquerda ultrapassou confortavelmente essa linha, obtendo significativos 8,5%.\n<\/p>\n<p>As se\u00e7\u00f5es eleitorais abriram \u00e0s 08h (hor\u00e1rio local) e fecharam \u00e0s 18h, no hor\u00e1rio local (4h e 14h no hor\u00e1rio de Bras\u00edlia, respectivamente).\n<\/p>\n<p><a href=\"https:\/\/www.cnnbrasil.com.br\/internacional\/eleicoes-na-alemanha-tudo-o-que-voce-precisa-saber-sobre-a-votacao\/\" target=\"_blank\" rel=\"noopener noreferrer\">Os votos s\u00e3o contados manualmente nas se\u00e7\u00f5es eleitorais<\/a>. O resultado preliminar oficial \u00e9 publicado na manh\u00e3 seguinte \u00e0 elei\u00e7\u00e3o, segunda-feira (24).\n<\/p>\n<h2>Quem s\u00e3o os candidatos?<\/h2>\n<p><a href=\"https:\/\/www.cnnbrasil.com.br\/internacional\/favorito-para-chanceler-na-alemanha-promete-politica-de-imigracao-rigida\/\">Friedrich Merz \u00e9 o favorito para se tornar o pr\u00f3ximo chanceler<\/a>\u00a0da Alemanha. O veterano pol\u00edtico, de 69 anos, e seu o partido de centro-direita Uni\u00e3o Democrata Crist\u00e3 (CDU), concorren esta elei\u00e7\u00e3o em uma coliga\u00e7\u00e3o formada com o Uni\u00e3o Social-Crist\u00e3 (CSU), partido pol\u00edtico conservador de orienta\u00e7\u00e3o democrata crist\u00e3 do estado da Baviera.\n<\/p>\n<p>O conservador \u00e9 do partido da ex-chanceler\u00a0<a href=\"https:\/\/www.cnnbrasil.com.br\/internacional\/merkel-critica-lider-do-proprio-partido-por-cooperar-com-extrema-direita\/\">Angela Merkel<\/a>, que governou o pa\u00eds entre 2005 e 2021, e \u00e9 uma rival de longa data do candidato dentro da pr\u00f3pria sigla.\n<\/p>\n<p>Merz tem o endurecimento da pol\u00edtica de imigra\u00e7\u00e3o como foco da campanha. Falando \u00e0\u00a0<strong>CNN<\/strong>\u00a0em Berlim depois da conven\u00e7\u00e3o do CDU, o pol\u00edtico disse que \u201ccontrolaria as fronteiras\u201d e devolveria aqueles que entrassem no pa\u00eds sem documentos.\n<\/p>\n<p>O partido de ultradireita Alternativa para a Alemanha (AfD) aparecia em segundo lugar nas pesquisas, com 20% das inten\u00e7\u00f5es de voto. A candidata, Alice Weidel, tamb\u00e9m defende pol\u00edticas anti-imigra\u00e7\u00e3o. A economista, de 46 anos, diz que o fen\u00f4meno da \u201cimigra\u00e7\u00e3o em massa\u201d precisa ser revertido.\n<\/p>\n<p>O partido de<a href=\"https:\/\/www.cnnbrasil.com.br\/tudo-sobre\/olaf-scholz\/\">\u00a0Olaf Scholz<\/a>, o\u00a0<span data-olk-copy-source=\"MessageBody\">Social-Democratas (SPD), de centro-esquerda, est\u00e1 em terceiro lugar nas pesquisas, com 16% das inten\u00e7\u00f5es de voto. Apesar do dado, em uma entrevista para a revista alem\u00e3 Der Spiegel, o atual chanceler disse que tem 60% de chance de se manter no cargo, que ocupa desde 2021. Nas \u00faltimas elei\u00e7\u00f5es, Scholz venceu dos conservadores por uma pequena margem. Agora, o SPD est\u00e1 muito atr\u00e1s do CDU\/CSU e tamb\u00e9m do AfD.\u00a0<\/span>\n<\/p>\n<p>O SPD, sob comando de Scholz, tem como foco quest\u00f5es sociais. O partido quer o aumento do sal\u00e1rio m\u00ednimo e que o custo de vida seja acess\u00edvel. A sigla\u00a0tamb\u00e9m defende que pessoas com renda mais alta paguem mais impostos.\n<\/p>\n<p>Com informa\u00e7\u00f5es CNN\n<\/p>\n<\/div>\n<p><br \/>\n<br \/><a href=\"https:\/\/diariodobrasilnoticias.com.br\/noticia\/eleicao-na-alemanha-boca-de-urna-mostra-lideranca-de-conservadores-67bb656b1eba4\">Source link <\/a><\/p>","protected":false},"excerpt":{"rendered":"<p>Os primeiros n\u00fameros das elei\u00e7\u00f5es antecipadas na Alemanha est\u00e3o chegando, e a Uni\u00e3o Democrata Crist\u00e3 (CDU), de centro-direita, parece estar prestes a voltar ao poder. Uma grande comemora\u00e7\u00e3o percorreu a&hellip;<\/p>","protected":false},"author":1,"featured_media":105919,"comment_status":"closed","ping_status":"open","sticky":false,"template":"","format":"standard","meta":{"content-type":"","footnotes":""},"categories":[16],"tags":[123,2448,5313,1267],"class_list":["post-105918","post","type-post","status-publish","format-standard","has-post-thumbnail","hentry","category-noticias","tag-brasil","tag-diario","tag-noticia","tag-noticias"],"_links":{"self":[{"href":"https:\/\/tvbrazilusa.com\/pt\/wp-json\/wp\/v2\/posts\/105918","targetHints":{"allow":["GET"]}}],"collection":[{"href":"https:\/\/tvbrazilusa.com\/pt\/wp-json\/wp\/v2\/posts"}],"about":[{"href":"https:\/\/tvbrazilusa.com\/pt\/wp-json\/wp\/v2\/types\/post"}],"author":[{"embeddable":true,"href":"https:\/\/tvbrazilusa.com\/pt\/wp-json\/wp\/v2\/users\/1"}],"replies":[{"embeddable":true,"href":"https:\/\/tvbrazilusa.com\/pt\/wp-json\/wp\/v2\/comments?post=105918"}],"version-history":[{"count":1,"href":"https:\/\/tvbrazilusa.com\/pt\/wp-json\/wp\/v2\/posts\/105918\/revisions"}],"predecessor-version":[{"id":105920,"href":"https:\/\/tvbrazilusa.com\/pt\/wp-json\/wp\/v2\/posts\/105918\/revisions\/105920"}],"wp:featuredmedia":[{"embeddable":true,"href":"https:\/\/tvbrazilusa.com\/pt\/wp-json\/wp\/v2\/media\/105919"}],"wp:attachment":[{"href":"https:\/\/tvbrazilusa.com\/pt\/wp-json\/wp\/v2\/media?parent=105918"}],"wp:term":[{"taxonomy":"category","embeddable":true,"href":"https:\/\/tvbrazilusa.com\/pt\/wp-json\/wp\/v2\/categories?post=105918"},{"taxonomy":"post_tag","embeddable":true,"href":"https:\/\/tvbrazilusa.com\/pt\/wp-json\/wp\/v2\/tags?post=105918"}],"curies":[{"name":"wp","href":"https:\/\/api.w.org\/{rel}","templated":true}]}}