{"id":105921,"date":"2025-02-23T22:12:27","date_gmt":"2025-02-23T22:12:27","guid":{"rendered":"https:\/\/tvbrazilusa.com\/2025\/02\/23\/prf-flagra-onibus-escolar-de-secretaria-de-educacao-de-municipio-do-ceara-sendo-usado-para-transporte-irregular-de-passageiros-em-picos\/"},"modified":"2025-02-23T22:12:29","modified_gmt":"2025-02-23T22:12:29","slug":"prf-flagra-onibus-escolar-de-secretaria-de-educacao-de-municipio-do-ceara-sendo-usado-para-transporte-irregular-de-passageiros-em-picos","status":"publish","type":"post","link":"https:\/\/tvbrazilusa.com\/pt\/2025\/02\/23\/prf-flagra-onibus-escolar-de-secretaria-de-educacao-de-municipio-do-ceara-sendo-usado-para-transporte-irregular-de-passageiros-em-picos\/","title":{"rendered":"PRF flagra \u00f4nibus escolar de Secretaria de Educa\u00e7\u00e3o de munic\u00edpio do Cear\u00e1 sendo usado para transporte irregular de passageiros em Picos"},"content":{"rendered":"<p> <script async src=\"https:\/\/pagead2.googlesyndication.com\/pagead\/js\/adsbygoogle.js?client=ca-pub-8864793242727901\"\r\n     crossorigin=\"anonymous\"><\/script><br \/>\n<\/p>\n<div id=\"taboola-read-more\" style=\"display:block; width:100%\">\n<p>A Pol\u00edcia Rodovi\u00e1ria Federal (PRF) flagrou, na manh\u00e3 de ontem (22), um \u00f4nibus do programa Caminho da Escola sendo utilizado para transporte irregular de passageiros em Picos\/PI. O ve\u00edculo, um Iveco\/BUS 10-190E, foi abordado durante fiscaliza\u00e7\u00e3o no km 294 da BR 316.\n<\/p>\n<p>O \u00f4nibus, que pertence \u00e0 Secretaria Municipal da Educa\u00e7\u00e3o de um munic\u00edpio do estado Cear\u00e1, deveria ser usado exclusivamente para o transporte de estudantes da rede p\u00fablica de ensino. No entanto, no momento da abordagem, transportava adultos que se deslocavam para Teresina para buscar material para uma quadrilha junina.<\/p>\n<p>O condutor do ve\u00edculo, um homem de 30 anos, foi autuado por improbidade administrativa contra os princ\u00edpios da administra\u00e7\u00e3o p\u00fablica. O caso ser\u00e1 encaminhado ao Minist\u00e9rio P\u00fablico do Cear\u00e1 para apura\u00e7\u00e3o de poss\u00edvel desvio de finalidade.\n<\/p>\n<p><em>Enquadramento Jur\u00eddico:<\/em>\n<\/p>\n<p>Improbidade Administrativa: Lei n\u00ba 8.429\/92 \u2013 Art. 10. Constitui ato de improbidade administrativa que causa les\u00e3o ao er\u00e1rio qualquer a\u00e7\u00e3o ou omiss\u00e3o, dolosa ou culposa, que enseje perda patrimonial, desvio, apropria\u00e7\u00e3o, malbaratamento ou dilapida\u00e7\u00e3o dos bens ou haveres das entidades referidas no art. 1\u00ba desta lei.\n<\/p>\n<p><em>Penas:<\/em>\n<\/p>\n<ul class=\"wp-block-list\">\n<li>Ressarcimento integral do dano;<\/li>\n<li>Perda da fun\u00e7\u00e3o p\u00fablica;<\/li>\n<li>Suspens\u00e3o dos direitos pol\u00edticos de 3 a 5 anos;<\/li>\n<li>Pagamento de multa civil de at\u00e9 100 vezes o valor da remunera\u00e7\u00e3o percebida pelo agente;<\/li>\n<li>Proibi\u00e7\u00e3o de contratar com o Poder P\u00fablico ou receber benef\u00edcios ou incentivos fiscais ou credit\u00edcios por at\u00e9 3 anos;<\/li>\n<\/ul>\n<p><em>Alerta:<\/em>\n<\/p>\n<p>A PRF alerta que o uso indevido de ve\u00edculos p\u00fablicos configura crime e causa preju\u00edzo ao er\u00e1rio. A fiscaliza\u00e7\u00e3o do uso correto dos recursos p\u00fablicos \u00e9 essencial para garantir a transpar\u00eancia e a efici\u00eancia da administra\u00e7\u00e3o p\u00fablica.\n<\/p>\n<p>Com informa\u00e7\u00f5es riachaonet              <\/p>\n<\/div>\n<p><br \/>\n<br \/><a href=\"https:\/\/diariodobrasilnoticias.com.br\/noticia\/prf-flagra-onibus-escolar-de-secretaria-de-educacao-de-municipio-do-ceara-sendo-usado-para-transporte-irregular-de-passageiros-em-picos-67bb8b5e8ad44\">Source link <\/a><\/p>","protected":false},"excerpt":{"rendered":"<p>A Pol\u00edcia Rodovi\u00e1ria Federal (PRF) flagrou, na manh\u00e3 de ontem (22), um \u00f4nibus do programa Caminho da Escola sendo utilizado para transporte irregular de passageiros em Picos\/PI. O ve\u00edculo, um&hellip;<\/p>","protected":false},"author":1,"featured_media":105922,"comment_status":"closed","ping_status":"open","sticky":false,"template":"","format":"standard","meta":{"content-type":"","footnotes":""},"categories":[16],"tags":[123,2448,5313,1267],"class_list":["post-105921","post","type-post","status-publish","format-standard","has-post-thumbnail","hentry","category-noticias","tag-brasil","tag-diario","tag-noticia","tag-noticias"],"_links":{"self":[{"href":"https:\/\/tvbrazilusa.com\/pt\/wp-json\/wp\/v2\/posts\/105921","targetHints":{"allow":["GET"]}}],"collection":[{"href":"https:\/\/tvbrazilusa.com\/pt\/wp-json\/wp\/v2\/posts"}],"about":[{"href":"https:\/\/tvbrazilusa.com\/pt\/wp-json\/wp\/v2\/types\/post"}],"author":[{"embeddable":true,"href":"https:\/\/tvbrazilusa.com\/pt\/wp-json\/wp\/v2\/users\/1"}],"replies":[{"embeddable":true,"href":"https:\/\/tvbrazilusa.com\/pt\/wp-json\/wp\/v2\/comments?post=105921"}],"version-history":[{"count":1,"href":"https:\/\/tvbrazilusa.com\/pt\/wp-json\/wp\/v2\/posts\/105921\/revisions"}],"predecessor-version":[{"id":105923,"href":"https:\/\/tvbrazilusa.com\/pt\/wp-json\/wp\/v2\/posts\/105921\/revisions\/105923"}],"wp:featuredmedia":[{"embeddable":true,"href":"https:\/\/tvbrazilusa.com\/pt\/wp-json\/wp\/v2\/media\/105922"}],"wp:attachment":[{"href":"https:\/\/tvbrazilusa.com\/pt\/wp-json\/wp\/v2\/media?parent=105921"}],"wp:term":[{"taxonomy":"category","embeddable":true,"href":"https:\/\/tvbrazilusa.com\/pt\/wp-json\/wp\/v2\/categories?post=105921"},{"taxonomy":"post_tag","embeddable":true,"href":"https:\/\/tvbrazilusa.com\/pt\/wp-json\/wp\/v2\/tags?post=105921"}],"curies":[{"name":"wp","href":"https:\/\/api.w.org\/{rel}","templated":true}]}}