{"id":105927,"date":"2025-02-23T22:27:01","date_gmt":"2025-02-23T22:27:01","guid":{"rendered":"https:\/\/tvbrazilusa.com\/2025\/02\/23\/urgente-partido-de-ultradireita-tem-melhor-resultado-da-historia-na-alemanha\/"},"modified":"2025-02-23T22:27:03","modified_gmt":"2025-02-23T22:27:03","slug":"urgente-partido-de-ultradireita-tem-melhor-resultado-da-historia-na-alemanha","status":"publish","type":"post","link":"https:\/\/tvbrazilusa.com\/pt\/2025\/02\/23\/urgente-partido-de-ultradireita-tem-melhor-resultado-da-historia-na-alemanha\/","title":{"rendered":"URGENTE: Partido de ultradireita tem melhor resultado da hist\u00f3ria na Alemanha"},"content":{"rendered":"<p> <script async src=\"https:\/\/pagead2.googlesyndication.com\/pagead\/js\/adsbygoogle.js?client=ca-pub-8864793242727901\"\r\n     crossorigin=\"anonymous\"><\/script><br \/>\n<\/p>\n<p>O partido de ultradireita alem\u00e3o, Alternativa para a Alemanha (AfD), teve o melhor resultado da hist\u00f3ria nas elei\u00e7\u00f5es parlamentares deste domingo (23). A sigla conquistou 19,5% dos votos, de acordo com pesquisas de boca de urna.\n<\/p>\n<div id=\"mid2\" data-google-query-id=\"CJS2_c3V2osDFTpepAQd-68oNg\">\n<p><a href=\"https:\/\/www.cnnbrasil.com.br\/internacional\/quem-e-alice-weidel-candidata-da-ultradireita-que-ganha-forca-na-alemanha\/\">Alice Weidel<\/a>, col\u00edder do AfD, disse que o partido \u201cnunca esteve t\u00e3o forte\u201d ao subir ao palco de uma festa eleitoral ap\u00f3s o an\u00fancio das pesquisas de boca de urna.<\/p>\n<p>\u201cNunca estivemos t\u00e3o fortes \u2014 somos a segunda maior for\u00e7a\u201d, disse Weidel, em palavras que foram recebidas com aplausos entusiasmados da multid\u00e3o presente no evento em Berlim.\n<\/p>\n<p>\u201cSomos o \u00fanico partido com uma pontua\u00e7\u00e3o de dois d\u00edgitos em compara\u00e7\u00e3o com as elei\u00e7\u00f5es passadas\u201d, ela continuou, acrescentando, \u201cnas pr\u00f3ximas elei\u00e7\u00f5es, assumiremos o lugar da\u00a0<a href=\"https:\/\/www.cnnbrasil.com.br\/internacional\/eleicao-na-alemanha-boca-de-urna-mostra-lideranca-de-conservadores\/\">CDU (Uni\u00e3o Democrata Crist\u00e3)<\/a>\u00a0e ficaremos em primeiro lugar\u201d. Suas palavras indicam como o partido j\u00e1 tem os olhos firmemente voltados para a pr\u00f3xima elei\u00e7\u00e3o em 2029.\n<\/p>\n<p>O clima na festa eleitoral da<a href=\"https:\/\/www.cnnbrasil.com.br\/internacional\/eleicoes-na-alemanha-afd-de-ultradireita-avanca-entre-eleitores-jovens\/\">\u00a0AfD<\/a>\u00a0era de \u00eaxtase, pois ficou claro que o partido quase dobrou seu apoio, com as pessoas aplaudindo e agitando bandeiras da Alemanha.\n<\/p>\n<p>Com informa\u00e7\u00f5es cnn\n<\/p>\n<\/div>\n<p><br \/>\n<br \/><a href=\"https:\/\/diariodobrasilnoticias.com.br\/noticia\/partido-de-ultradireita-tem-melhor-resultado-da-historia-na-alemanha-67bb8a36d01c3\">Source link <\/a><\/p>","protected":false},"excerpt":{"rendered":"<p>O partido de ultradireita alem\u00e3o, Alternativa para a Alemanha (AfD), teve o melhor resultado da hist\u00f3ria nas elei\u00e7\u00f5es parlamentares deste domingo (23). A sigla conquistou 19,5% dos votos, de acordo&hellip;<\/p>","protected":false},"author":1,"featured_media":105928,"comment_status":"closed","ping_status":"open","sticky":false,"template":"","format":"standard","meta":{"content-type":"","footnotes":""},"categories":[16],"tags":[123,2448,5313,1267],"class_list":["post-105927","post","type-post","status-publish","format-standard","has-post-thumbnail","hentry","category-noticias","tag-brasil","tag-diario","tag-noticia","tag-noticias"],"_links":{"self":[{"href":"https:\/\/tvbrazilusa.com\/pt\/wp-json\/wp\/v2\/posts\/105927","targetHints":{"allow":["GET"]}}],"collection":[{"href":"https:\/\/tvbrazilusa.com\/pt\/wp-json\/wp\/v2\/posts"}],"about":[{"href":"https:\/\/tvbrazilusa.com\/pt\/wp-json\/wp\/v2\/types\/post"}],"author":[{"embeddable":true,"href":"https:\/\/tvbrazilusa.com\/pt\/wp-json\/wp\/v2\/users\/1"}],"replies":[{"embeddable":true,"href":"https:\/\/tvbrazilusa.com\/pt\/wp-json\/wp\/v2\/comments?post=105927"}],"version-history":[{"count":1,"href":"https:\/\/tvbrazilusa.com\/pt\/wp-json\/wp\/v2\/posts\/105927\/revisions"}],"predecessor-version":[{"id":105929,"href":"https:\/\/tvbrazilusa.com\/pt\/wp-json\/wp\/v2\/posts\/105927\/revisions\/105929"}],"wp:featuredmedia":[{"embeddable":true,"href":"https:\/\/tvbrazilusa.com\/pt\/wp-json\/wp\/v2\/media\/105928"}],"wp:attachment":[{"href":"https:\/\/tvbrazilusa.com\/pt\/wp-json\/wp\/v2\/media?parent=105927"}],"wp:term":[{"taxonomy":"category","embeddable":true,"href":"https:\/\/tvbrazilusa.com\/pt\/wp-json\/wp\/v2\/categories?post=105927"},{"taxonomy":"post_tag","embeddable":true,"href":"https:\/\/tvbrazilusa.com\/pt\/wp-json\/wp\/v2\/tags?post=105927"}],"curies":[{"name":"wp","href":"https:\/\/api.w.org\/{rel}","templated":true}]}}