{"id":105945,"date":"2025-02-23T23:23:19","date_gmt":"2025-02-23T23:23:19","guid":{"rendered":"https:\/\/tvbrazilusa.com\/2025\/02\/23\/servico-de-oracao-em-new-haven-marca-3-anos-de-guerra-na-ucrania\/"},"modified":"2025-02-23T23:29:45","modified_gmt":"2025-02-23T23:29:45","slug":"servico-de-oracao-em-new-haven-marca-3-anos-de-guerra-na-ucrania","status":"publish","type":"post","link":"https:\/\/tvbrazilusa.com\/pt\/2025\/02\/23\/servico-de-oracao-em-new-haven-marca-3-anos-de-guerra-na-ucrania\/","title":{"rendered":"Servi\u00e7o de ora\u00e7\u00e3o em New Haven marca 3 anos de guerra na Ucr\u00e2nia"},"content":{"rendered":"<script async src=\"https:\/\/pagead2.googlesyndication.com\/pagead\/js\/adsbygoogle.js?client=ca-pub-8864793242727901\"\r\n     crossorigin=\"anonymous\"><\/script>\n<p>NEW HAVEN, Connecticut (WTNH) &#8211; Esta semana marca tr\u00eas anos desde que a R\u00fassia invadiu a Ucr\u00e2nia e a comunidade de New Haven realizou um servi\u00e7o de ora\u00e7\u00e3o no domingo para homenagear as v\u00edtimas. <\/p>\n<p>A delega\u00e7\u00e3o de Washington de Connecticut se juntou \u00e0 comunidade na Igreja Cat\u00f3lica Ucraniana de St. Michael na George Street, na manh\u00e3 de domingo. <\/p>\n<p>Eles se reuniram para ora\u00e7\u00e3o, reflex\u00e3o e uma discuss\u00e3o dos pr\u00f3ximos passos para aumentar a conscientiza\u00e7\u00e3o sobre como continuar apoiando a Ucr\u00e2nia. <\/p>\n<p>&#8220;\u00c9 muito importante porque toda comunidade agora precisa aproveitar a oportunidade para falar &#8230; se houver um tempo para falar, \u00e9 agora&#8221;, disse Myron Melnyk, veterano do Ex\u00e9rcito dos EUA. <\/p>\n<p>Os organizadores dizem que queriam fazer algo para honrar as v\u00edtimas do caminho e orar por paz justa e duradoura. <\/p>\n<p><br \/>\n<br \/><a href=\"https:\/\/www.wtnh.com\/news\/connecticut\/new-haven\/prayer-service-in-new-haven-marks-3-years-of-war-in-ukraine\/\">Source link <\/a><\/p>","protected":false},"excerpt":{"rendered":"<p>NEW HAVEN, Connecticut (WTNH) &#8211; Esta semana marca tr\u00eas anos desde que a R\u00fassia invadiu a Ucr\u00e2nia e a comunidade de New Haven realizou um servi\u00e7o de ora\u00e7\u00e3o no domingo&hellip;<\/p>","protected":false},"author":1,"featured_media":105946,"comment_status":"closed","ping_status":"open","sticky":false,"template":"","format":"standard","meta":{"content-type":"","footnotes":""},"categories":[1],"tags":[],"class_list":["post-105945","post","type-post","status-publish","format-standard","has-post-thumbnail","hentry","category-uncategorized"],"_links":{"self":[{"href":"https:\/\/tvbrazilusa.com\/pt\/wp-json\/wp\/v2\/posts\/105945","targetHints":{"allow":["GET"]}}],"collection":[{"href":"https:\/\/tvbrazilusa.com\/pt\/wp-json\/wp\/v2\/posts"}],"about":[{"href":"https:\/\/tvbrazilusa.com\/pt\/wp-json\/wp\/v2\/types\/post"}],"author":[{"embeddable":true,"href":"https:\/\/tvbrazilusa.com\/pt\/wp-json\/wp\/v2\/users\/1"}],"replies":[{"embeddable":true,"href":"https:\/\/tvbrazilusa.com\/pt\/wp-json\/wp\/v2\/comments?post=105945"}],"version-history":[{"count":1,"href":"https:\/\/tvbrazilusa.com\/pt\/wp-json\/wp\/v2\/posts\/105945\/revisions"}],"predecessor-version":[{"id":105947,"href":"https:\/\/tvbrazilusa.com\/pt\/wp-json\/wp\/v2\/posts\/105945\/revisions\/105947"}],"wp:featuredmedia":[{"embeddable":true,"href":"https:\/\/tvbrazilusa.com\/pt\/wp-json\/wp\/v2\/media\/105946"}],"wp:attachment":[{"href":"https:\/\/tvbrazilusa.com\/pt\/wp-json\/wp\/v2\/media?parent=105945"}],"wp:term":[{"taxonomy":"category","embeddable":true,"href":"https:\/\/tvbrazilusa.com\/pt\/wp-json\/wp\/v2\/categories?post=105945"},{"taxonomy":"post_tag","embeddable":true,"href":"https:\/\/tvbrazilusa.com\/pt\/wp-json\/wp\/v2\/tags?post=105945"}],"curies":[{"name":"wp","href":"https:\/\/api.w.org\/{rel}","templated":true}]}}