{"id":105948,"date":"2025-02-23T23:37:18","date_gmt":"2025-02-23T23:37:18","guid":{"rendered":"https:\/\/tvbrazilusa.com\/2025\/02\/23\/lula-volta-a-bater-de-frente-com-trump-e-parabeniza-moraes\/"},"modified":"2025-02-23T23:37:20","modified_gmt":"2025-02-23T23:37:20","slug":"lula-volta-a-bater-de-frente-com-trump-e-parabeniza-moraes","status":"publish","type":"post","link":"https:\/\/tvbrazilusa.com\/pt\/2025\/02\/23\/lula-volta-a-bater-de-frente-com-trump-e-parabeniza-moraes\/","title":{"rendered":"Lula volta a bater de frente com trump e parabeniza Moraes:"},"content":{"rendered":"<p> <script async src=\"https:\/\/pagead2.googlesyndication.com\/pagead\/js\/adsbygoogle.js?client=ca-pub-8864793242727901\"\r\n     crossorigin=\"anonymous\"><\/script><br \/>\n<\/p>\n<div id=\"taboola-read-more\" style=\"display:block; width:100%\">\n<p>Durante anivers\u00e1rio do Partido dos Trabalhadores (PT), neste s\u00e1bado (22), o presidente Luiz In\u00e1cio Lula da Silva voltou a bater de frente com o presidente dos Estados Unidos, Donald Trump, e disse que o republicano \u201cn\u00e3o foi eleito para ser xerife do mundo\u201d.<\/p>\n<p>Lula tamb\u00e9m parabenizou o ministro Alexandre de Moraes, do Supremo Tribunal Federal (STF), e falou que o magistrado est\u00e1 sendo perseguido pelo tribunal internacional, em refer\u00eancia \u00e0s a\u00e7\u00f5es movidas nos EUA contra o integrante da corte brasileira.<\/p>\n<p>\u201cVoc\u00eas est\u00e3o acompanhando a imprensa, hoje o que ele fala \u00e9 totalmente ao contr\u00e1rio do que ele falava nos anos 80. \u201cAm\u00e9rica para os americanos\u201d, \u201co canal do Panam\u00e1 \u00e9 dele\u201d,, \u201co Canad\u00e1 n\u00e3o \u00e9 mais um pa\u00eds \u00e9 um estado\u201d, \u201ca Gro\u00eanl\u00e2ndia \u00e9 dele\u201d, \u201co M\u00e9xico n\u00e3o tem mais o golfo\u201d. Esse cidad\u00e3o n\u00e3o foi eleito para ser xerife do mundo, ele foi eleito pra governar os Estados Unidos e ele que governe bem e quem vai governar o Brasil somos n\u00f3s. O brasileiro vai governar do jeito que a gente quer, ningu\u00e9m, nem esses produtores da plataforma que pensa que manda no mundo, ningu\u00e9m vai fazer com que a gente mude de rumo nesse pa\u00eds\u201d, disse Lula.\n<\/p>\n<p>Com informa\u00e7\u00f5es conex\u00e3o po\u00edtica              <\/p>\n<\/div>\n<p><br \/>\n<br \/><a href=\"https:\/\/diariodobrasilnoticias.com.br\/noticia\/lula-volta-a-bater-de-frente-com-trump-e-parabeniza-moraes-o-ministro-esta-sendo-perseguido-67bba99b6d9d2\">Source link <\/a><\/p>","protected":false},"excerpt":{"rendered":"<p>Durante anivers\u00e1rio do Partido dos Trabalhadores (PT), neste s\u00e1bado (22), o presidente Luiz In\u00e1cio Lula da Silva voltou a bater de frente com o presidente dos Estados Unidos, Donald Trump,&hellip;<\/p>","protected":false},"author":1,"featured_media":105949,"comment_status":"closed","ping_status":"open","sticky":false,"template":"","format":"standard","meta":{"content-type":"","footnotes":""},"categories":[16],"tags":[123,2448,5313,1267],"class_list":["post-105948","post","type-post","status-publish","format-standard","has-post-thumbnail","hentry","category-noticias","tag-brasil","tag-diario","tag-noticia","tag-noticias"],"_links":{"self":[{"href":"https:\/\/tvbrazilusa.com\/pt\/wp-json\/wp\/v2\/posts\/105948","targetHints":{"allow":["GET"]}}],"collection":[{"href":"https:\/\/tvbrazilusa.com\/pt\/wp-json\/wp\/v2\/posts"}],"about":[{"href":"https:\/\/tvbrazilusa.com\/pt\/wp-json\/wp\/v2\/types\/post"}],"author":[{"embeddable":true,"href":"https:\/\/tvbrazilusa.com\/pt\/wp-json\/wp\/v2\/users\/1"}],"replies":[{"embeddable":true,"href":"https:\/\/tvbrazilusa.com\/pt\/wp-json\/wp\/v2\/comments?post=105948"}],"version-history":[{"count":1,"href":"https:\/\/tvbrazilusa.com\/pt\/wp-json\/wp\/v2\/posts\/105948\/revisions"}],"predecessor-version":[{"id":105950,"href":"https:\/\/tvbrazilusa.com\/pt\/wp-json\/wp\/v2\/posts\/105948\/revisions\/105950"}],"wp:featuredmedia":[{"embeddable":true,"href":"https:\/\/tvbrazilusa.com\/pt\/wp-json\/wp\/v2\/media\/105949"}],"wp:attachment":[{"href":"https:\/\/tvbrazilusa.com\/pt\/wp-json\/wp\/v2\/media?parent=105948"}],"wp:term":[{"taxonomy":"category","embeddable":true,"href":"https:\/\/tvbrazilusa.com\/pt\/wp-json\/wp\/v2\/categories?post=105948"},{"taxonomy":"post_tag","embeddable":true,"href":"https:\/\/tvbrazilusa.com\/pt\/wp-json\/wp\/v2\/tags?post=105948"}],"curies":[{"name":"wp","href":"https:\/\/api.w.org\/{rel}","templated":true}]}}