{"id":10595,"date":"2024-07-28T13:00:58","date_gmt":"2024-07-28T13:00:58","guid":{"rendered":"https:\/\/tvbrazilusa.com\/2024\/07\/28\/valdemar-costa-neto-denuncia-estar-sendo-perseguido-politicamente-pelo-stf-em-processo-nos-eua\/"},"modified":"2024-07-28T13:20:33","modified_gmt":"2024-07-28T13:20:33","slug":"valdemar-costa-neto-denuncia-estar-sendo-perseguido-politicamente-pelo-stf-em-processo-nos-eua","status":"publish","type":"post","link":"https:\/\/tvbrazilusa.com\/pt\/2024\/07\/28\/valdemar-costa-neto-denuncia-estar-sendo-perseguido-politicamente-pelo-stf-em-processo-nos-eua\/","title":{"rendered":"Valdemar Costa Neto denuncia estar sendo perseguido politicamente pelo STF em processo nos EUA"},"content":{"rendered":"<p> <script async src=\"https:\/\/pagead2.googlesyndication.com\/pagead\/js\/adsbygoogle.js?client=ca-pub-8864793242727901\"\r\n     crossorigin=\"anonymous\"><\/script><br \/>\n<\/p>\n<div>\n<p>Foto: Reprodu\u00e7\u00e3o.<\/p>\n<p>Em recentes desdobramentos judiciais, o presidente do Partido Liberal (PL), Valdemar Costa Neto, fez s\u00e9rias alega\u00e7\u00f5es de persegui\u00e7\u00e3o pol\u00edtica, insinuando que o Supremo Tribunal Federal (STF), por meio de um de seus ministros, estaria exercendo oposi\u00e7\u00e3o direta ao seu partido. Os relatos v\u00eam \u00e0 tona em um processo de difama\u00e7\u00e3o contra sua ex-mulher, Maria Christina Mendes Caldeira, que tramita na Justi\u00e7a da Fl\u00f3rida, nos Estados Unidos.<\/p>\n<p>A situa\u00e7\u00e3o se intensificou ap\u00f3s a ex-mulher do dirigente comentar nas redes sociais sobre o passado de Valdemar, mencionando sua condena\u00e7\u00e3o no esquema do mensal\u00e3o. Em resposta, Valdemar Costa Neto processou Maria Christina Mendes Caldeira, buscando uma indeniza\u00e7\u00e3o de 50.000 d\u00f3lares, sob o argumento de que as alega\u00e7\u00f5es prejudicaram sua \u201creputa\u00e7\u00e3o ilibada\u201d.<\/p>\n<h2 class=\"wp-block-heading\">Persegui\u00e7\u00e3o pol\u00edtica e interfer\u00eancia do STF<\/h2>\n<p>O conflito pessoal entre Valdemar e Maria Christina se entrela\u00e7ou com um inqu\u00e9rito sob a relatoria de Alexandre de Moraes, ministro do STF, que investiga se houve uma tentativa de golpe ap\u00f3s a derrota de Jair Bolsonaro. Em fevereiro deste ano, Valdemar foi alvo de uma busca e apreens\u00e3o que resultou na descoberta de uma arma com registro vencido, levando ao seu encarceramento por dois dias.<\/p>\n<p>Durante a opera\u00e7\u00e3o, o passaporte de Valdemar Costa Neto foi confiscado, impossibilitando-o de comparecer \u00e0 audi\u00eancia nos Estados Unidos. Em sua defesa, ele alegou que a Justi\u00e7a brasileira atua como advers\u00e1ria de seu partido, e que sua pris\u00e3o teve motiva\u00e7\u00f5es pol\u00edticas.<\/p>\n<h2 class=\"wp-block-heading\">Como a persegui\u00e7\u00e3o pol\u00edtica afeta o Partido Liberal?<\/h2>\n<p>Valdemar Costa Neto relata uma s\u00e9rie de a\u00e7\u00f5es que, segundo ele, t\u00eam como objetivo desestabilizar o Partido Liberal (PL). Ele mencionou que, em fevereiro de 2024, aproximadamente 30 pessoas ligadas ao partido foram alvo de investiga\u00e7\u00f5es por suas supostas conex\u00f5es com a tentativa de golpe ap\u00f3s as elei\u00e7\u00f5es presidenciais. Entre os investigados, figuram nomes de peso como Jair Bolsonaro e o ex-ministro Walter Braga Netto.<\/p>\n<p>De acordo com Valdemar, a apreens\u00e3o de seu passaporte e sua pris\u00e3o tempor\u00e1ria foram medidas extremamente desproporcionais, ressaltando que isso seria de conhecimento geral no Brasil como uma persegui\u00e7\u00e3o pol\u00edtica deliberada. O pol\u00edtico descreveu as acusa\u00e7\u00f5es contra ele como triviais e fora do escopo das investiga\u00e7\u00f5es em andamento.<\/p>\n<h2 class=\"wp-block-heading\">Maria Christina Mendes Caldeira tem legitimidade para fazer pedidos?<\/h2>\n<p>As declara\u00e7\u00f5es de Valdemar foram enviadas ao inqu\u00e9rito do golpe quando Maria Christina solicitou informa\u00e7\u00f5es ao ministro Alexandre de Moraes sobre a situa\u00e7\u00e3o do passaporte dele, sustentando que havia d\u00favidas na Corte americana sobre sua aus\u00eancia na audi\u00eancia. Moraes, no entanto, realocou o caso, argumentando que Maria Christina n\u00e3o tinha legitimidade para fazer tais requisi\u00e7\u00f5es e que seu requerimento era irrelevante para a investiga\u00e7\u00e3o do suposto golpe.<\/p>\n<h2 class=\"wp-block-heading\">Qual \u00e9 a real dimens\u00e3o da oposi\u00e7\u00e3o ao Partido Liberal?<\/h2>\n<p>A pol\u00eamica em torno de Valdemar Costa Neto e as investiga\u00e7\u00f5es que envolvem o Partido Liberal levantam quest\u00f5es sobre o equil\u00edbrio de poderes e a imparcialidade das institui\u00e7\u00f5es brasileiras. Se as alega\u00e7\u00f5es de persegui\u00e7\u00e3o pol\u00edtica s\u00e3o verdadeiras, isso poderia significar uma utiliza\u00e7\u00e3o inadequada do sistema judicial para fins pol\u00edticos. Por outro lado, a seriedade das acusa\u00e7\u00f5es de tentativa de golpe requer uma investiga\u00e7\u00e3o rigorosa e imparcial.<\/p>\n<p>O desenvolvimento deste caso permanece em andamento e ser\u00e1 um ponto focal na pol\u00edtica brasileira nos pr\u00f3ximos meses. At\u00e9 l\u00e1, as a\u00e7\u00f5es e decis\u00f5es do Supremo Tribunal Federal e de figuras pol\u00edticas como Valdemar Costa Neto continuar\u00e3o sendo acompanhadas de perto, tanto no Brasil quanto internacionalmente.<\/p>\n<\/p><\/div>\n<p><br \/>\n<br \/><a href=\"https:\/\/terrabrasilnoticias.com\/2024\/07\/valdemar-costa-neto-denuncia-estar-sendo-perseguido-politicamente-pelo-stf-em-processo-nos-eua\/\">Source link <\/a><\/p>","protected":false},"excerpt":{"rendered":"<p>Foto: Reprodu\u00e7\u00e3o. Em recentes desdobramentos judiciais, o presidente do Partido Liberal (PL), Valdemar Costa Neto, fez s\u00e9rias alega\u00e7\u00f5es de persegui\u00e7\u00e3o pol\u00edtica, insinuando que o Supremo Tribunal Federal (STF), por meio&hellip;<\/p>","protected":false},"author":1,"featured_media":10596,"comment_status":"closed","ping_status":"open","sticky":false,"template":"","format":"standard","meta":{"content-type":"","footnotes":""},"categories":[16],"tags":[],"class_list":["post-10595","post","type-post","status-publish","format-standard","has-post-thumbnail","hentry","category-noticias"],"_links":{"self":[{"href":"https:\/\/tvbrazilusa.com\/pt\/wp-json\/wp\/v2\/posts\/10595","targetHints":{"allow":["GET"]}}],"collection":[{"href":"https:\/\/tvbrazilusa.com\/pt\/wp-json\/wp\/v2\/posts"}],"about":[{"href":"https:\/\/tvbrazilusa.com\/pt\/wp-json\/wp\/v2\/types\/post"}],"author":[{"embeddable":true,"href":"https:\/\/tvbrazilusa.com\/pt\/wp-json\/wp\/v2\/users\/1"}],"replies":[{"embeddable":true,"href":"https:\/\/tvbrazilusa.com\/pt\/wp-json\/wp\/v2\/comments?post=10595"}],"version-history":[{"count":1,"href":"https:\/\/tvbrazilusa.com\/pt\/wp-json\/wp\/v2\/posts\/10595\/revisions"}],"predecessor-version":[{"id":10597,"href":"https:\/\/tvbrazilusa.com\/pt\/wp-json\/wp\/v2\/posts\/10595\/revisions\/10597"}],"wp:featuredmedia":[{"embeddable":true,"href":"https:\/\/tvbrazilusa.com\/pt\/wp-json\/wp\/v2\/media\/10596"}],"wp:attachment":[{"href":"https:\/\/tvbrazilusa.com\/pt\/wp-json\/wp\/v2\/media?parent=10595"}],"wp:term":[{"taxonomy":"category","embeddable":true,"href":"https:\/\/tvbrazilusa.com\/pt\/wp-json\/wp\/v2\/categories?post=10595"},{"taxonomy":"post_tag","embeddable":true,"href":"https:\/\/tvbrazilusa.com\/pt\/wp-json\/wp\/v2\/tags?post=10595"}],"curies":[{"name":"wp","href":"https:\/\/api.w.org\/{rel}","templated":true}]}}