{"id":105951,"date":"2025-02-23T23:50:26","date_gmt":"2025-02-23T23:50:26","guid":{"rendered":"https:\/\/tvbrazilusa.com\/2025\/02\/23\/bonner-diz-evitar-grandes-eventos-para-nao-ser-hostilizado\/"},"modified":"2025-02-23T23:50:27","modified_gmt":"2025-02-23T23:50:27","slug":"bonner-diz-evitar-grandes-eventos-para-nao-ser-hostilizado","status":"publish","type":"post","link":"https:\/\/tvbrazilusa.com\/pt\/2025\/02\/23\/bonner-diz-evitar-grandes-eventos-para-nao-ser-hostilizado\/","title":{"rendered":"Bonner diz evitar grandes eventos para n\u00e3o ser hostilizado"},"content":{"rendered":"<p> <script async src=\"https:\/\/pagead2.googlesyndication.com\/pagead\/js\/adsbygoogle.js?client=ca-pub-8864793242727901\"\r\n     crossorigin=\"anonymous\"><\/script><br \/>\n<\/p>\n<div id=\"taboola-read-more\" style=\"display:block; width:100%\">\n<p>O jornalista William Bonner revelou que evita grandes eventos com medo de sofrer ataques por quest\u00f5es pol\u00edticas. A declara\u00e7\u00e3o foi dada no programa<em>\u00a0Altas Horas,<\/em>\u00a0neste s\u00e1bado (22).\n<\/p>\n<p>\u2013 Eu sou o mensageiro. O mensageiro leva a mensagem. Do outro lado tem o receptor, que recebe a mensagem, que pode gostar ou n\u00e3o dela. O problema \u00e9 que, ao longo dos \u00faltimos 15 anos houve um recrudescimento das posi\u00e7\u00f5es ideol\u00f3gicas, quando as pessoas foram se fechando dentro das tribos das redes sociais \u2013 explicou<\/p>\n<p>O apresentador do\u00a0<em>Jornal Nacional<\/em>\u00a0diz que por conta das \u201cbolhas\u201d as pessoas ficaram muito intolerantes e n\u00e3o gostaram da mensagem que estava sendo transmitida, gerando hostilidade para a Rede Globo, para o programa que ele apresenta e a ele. Primeiro foi a esquerda e depois a direita\n<\/p>\n<p>Em outro ponto, ele deixa claro que prefere n\u00e3o ir para grandes eventos para n\u00e3o ser abordado por quem n\u00e3o gosta dele, pois ele j\u00e1 foi xingado na rua. Bonner diz que acaba preferindo fazer viagens de carro, pois enfrentaria hostilidade no aeroporto e no voo.\n<\/p>\n<p>\u2013 Eu n\u00e3o deixo de fazer meus exerc\u00edcios na rua temendo que algu\u00e9m, ou da esquerda ou da direita, vai me hostilizar. Mas, por exemplo, show da Blitz, eu n\u00e3o vou, teatro, eu n\u00e3o vou. Qual \u00e9 o meu temor? Se eu for ao teatro e houver um, porque basta um, num teatro, no avi\u00e3o, no aeroporto, basta um levantar a voz e fazer uma gra\u00e7a \u2013 com o celular filmando \u2013 eu arru\u00edno o show, eu arru\u00edno a pe\u00e7a de teatro, eu estrago a viagem de todo mundo.\n<\/p>\n<p><strong>\u00a0<\/strong><\/p>\n<p>Com informa\u00e7\u00f5es pleno news\n<\/p>\n<p>\u00a0<\/p>\n<p>.\u00a0              <\/p>\n<\/div>\n<p><br \/>\n<br \/><a href=\"https:\/\/diariodobrasilnoticias.com.br\/noticia\/bonner-diz-evitar-grandes-eventos-para-nao-ser-hostilizado-67bb978f6ca6f\">Source link <\/a><\/p>","protected":false},"excerpt":{"rendered":"<p>O jornalista William Bonner revelou que evita grandes eventos com medo de sofrer ataques por quest\u00f5es pol\u00edticas. A declara\u00e7\u00e3o foi dada no programa\u00a0Altas Horas,\u00a0neste s\u00e1bado (22). \u2013 Eu sou o&hellip;<\/p>","protected":false},"author":1,"featured_media":105952,"comment_status":"closed","ping_status":"open","sticky":false,"template":"","format":"standard","meta":{"content-type":"","footnotes":""},"categories":[16],"tags":[123,2448,5313,1267],"class_list":["post-105951","post","type-post","status-publish","format-standard","has-post-thumbnail","hentry","category-noticias","tag-brasil","tag-diario","tag-noticia","tag-noticias"],"_links":{"self":[{"href":"https:\/\/tvbrazilusa.com\/pt\/wp-json\/wp\/v2\/posts\/105951","targetHints":{"allow":["GET"]}}],"collection":[{"href":"https:\/\/tvbrazilusa.com\/pt\/wp-json\/wp\/v2\/posts"}],"about":[{"href":"https:\/\/tvbrazilusa.com\/pt\/wp-json\/wp\/v2\/types\/post"}],"author":[{"embeddable":true,"href":"https:\/\/tvbrazilusa.com\/pt\/wp-json\/wp\/v2\/users\/1"}],"replies":[{"embeddable":true,"href":"https:\/\/tvbrazilusa.com\/pt\/wp-json\/wp\/v2\/comments?post=105951"}],"version-history":[{"count":1,"href":"https:\/\/tvbrazilusa.com\/pt\/wp-json\/wp\/v2\/posts\/105951\/revisions"}],"predecessor-version":[{"id":105953,"href":"https:\/\/tvbrazilusa.com\/pt\/wp-json\/wp\/v2\/posts\/105951\/revisions\/105953"}],"wp:featuredmedia":[{"embeddable":true,"href":"https:\/\/tvbrazilusa.com\/pt\/wp-json\/wp\/v2\/media\/105952"}],"wp:attachment":[{"href":"https:\/\/tvbrazilusa.com\/pt\/wp-json\/wp\/v2\/media?parent=105951"}],"wp:term":[{"taxonomy":"category","embeddable":true,"href":"https:\/\/tvbrazilusa.com\/pt\/wp-json\/wp\/v2\/categories?post=105951"},{"taxonomy":"post_tag","embeddable":true,"href":"https:\/\/tvbrazilusa.com\/pt\/wp-json\/wp\/v2\/tags?post=105951"}],"curies":[{"name":"wp","href":"https:\/\/api.w.org\/{rel}","templated":true}]}}