{"id":105999,"date":"2025-02-24T03:24:04","date_gmt":"2025-02-24T03:24:04","guid":{"rendered":"https:\/\/tvbrazilusa.com\/2025\/02\/24\/vigilia-realizada-em-homenagem-a-crianca-de-2-anos-em-west-haven\/"},"modified":"2025-02-24T03:30:45","modified_gmt":"2025-02-24T03:30:45","slug":"vigilia-realizada-em-homenagem-a-crianca-de-2-anos-em-west-haven","status":"publish","type":"post","link":"https:\/\/tvbrazilusa.com\/pt\/2025\/02\/24\/vigilia-realizada-em-homenagem-a-crianca-de-2-anos-em-west-haven\/","title":{"rendered":"Vig\u00edlia realizada em homenagem \u00e0 crian\u00e7a de 2 anos em West Haven"},"content":{"rendered":"<script async src=\"https:\/\/pagead2.googlesyndication.com\/pagead\/js\/adsbygoogle.js?client=ca-pub-8864793242727901\"\r\n     crossorigin=\"anonymous\"><\/script>\n<p>West Haven, Connecticut (WTNH)-A fam\u00edlia e os amigos se reuniram em uma vig\u00edlia em West Haven no domingo \u00e0 noite para se lembrar de um garoto de dois anos que foi morto por seu pr\u00f3prio pai. <\/p>\n<p>Ta&#8217;naj Fletcher, de dois anos, estava com Hailey Miller, de 19 anos, quando seu namorado e o pai da crian\u00e7a, Javon Fletcher, 26 anos, esfaquearam brutalmente os dois at\u00e9 a morte no fim de semana passado, segundo relatos da pol\u00edcia. <\/p>\n<p>&#8220;Eu sempre me lembro dele, ele est\u00e1 sempre no meu cora\u00e7\u00e3o&#8221;, disse Tyler Stewart, tia de Ta&#8217;naj. &#8220;E eu sempre vou olhar para ele. Ele \u00e9 meu anjo; meu anjo para sempre.&#8221;<\/p>\n<p>Conhecida por seu sorriso e &#8220;dan\u00e7a feliz&#8221;, Stewart disse que as pessoas estavam dan\u00e7ando com ele antes de ele nascer. Ela se lembrou das horas na sala de parto com a irm\u00e3. <\/p>\n<div class=\"nlp-ignore-block article-content rich-text\">\n<aside class=\"promo-link\">\n\t<a href=\"https:\/\/www.wtnh.com\/news\/connecticut\/new-haven\/police-investigation-in-west-haven\/?ipid=promo-link-block1\" class=\"promo-link__link\"><\/p>\n<p>\t\tMulher e crian\u00e7a mortas em West Haven Sabing\t<\/a><br \/>\n<\/aside>\n<\/div>\n<p>&#8220;Levou 12 horas, provavelmente mais, para ele sair&#8221;, lembrou -se. &#8220;Dan\u00e7amos com a equipe de sa\u00fade para tir\u00e1 -lo, ele finalmente saiu&#8221;.<\/p>\n<p>A vig\u00edlia foi realizada do lado de fora do apartamento onde ocorreu os assassinatos. Fam\u00edlia e amigos trouxeram bal\u00f5es azuis, acenderam velas e libertaram bal\u00f5es na mem\u00f3ria de Ta&#8217;naj. <\/p>\n<p>Alguns lutaram para segurar as l\u00e1grimas, mas Stewart colocou um sorriso pensando em seu novo. <\/p>\n<p>&#8220;Ele \u00e9 apenas uma pessoa feliz. Eu n\u00e3o posso ficar triste, ele n\u00e3o gostaria que eu ficasse triste&#8221;, disse ela. <\/p>\n<p>Javon Fletcher foi preso e acusado de assassinato, assassinato com circunst\u00e2ncias especiais e risco de les\u00f5es. A fam\u00edlia de Ta&#8217;naj ora pela justi\u00e7a e mant\u00e9m as \u00faltimas lembran\u00e7as que eles t\u00eam dele.<\/p>\n<p>&#8220;Eu sempre me lembro dele&#8221;, disse Stewart. &#8220;Nunca esqueci. E vou viver apenas para o meu beb\u00ea Naje. Farei tudo o que sempre planejei fazer por ele, apenas pelo seu esp\u00edrito agora.&#8221;<\/p>\n<p><br \/>\n<br \/><a href=\"https:\/\/www.wtnh.com\/news\/connecticut\/new-haven\/vigil-held-in-honor-of-2-year-old-in-west-haven\/\">Source link <\/a><\/p>","protected":false},"excerpt":{"rendered":"<p>West Haven, Connecticut (WTNH)-A fam\u00edlia e os amigos se reuniram em uma vig\u00edlia em West Haven no domingo \u00e0 noite para se lembrar de um garoto de dois anos que&hellip;<\/p>","protected":false},"author":1,"featured_media":106000,"comment_status":"closed","ping_status":"open","sticky":false,"template":"","format":"standard","meta":{"content-type":"","footnotes":""},"categories":[1],"tags":[],"class_list":["post-105999","post","type-post","status-publish","format-standard","has-post-thumbnail","hentry","category-uncategorized"],"_links":{"self":[{"href":"https:\/\/tvbrazilusa.com\/pt\/wp-json\/wp\/v2\/posts\/105999","targetHints":{"allow":["GET"]}}],"collection":[{"href":"https:\/\/tvbrazilusa.com\/pt\/wp-json\/wp\/v2\/posts"}],"about":[{"href":"https:\/\/tvbrazilusa.com\/pt\/wp-json\/wp\/v2\/types\/post"}],"author":[{"embeddable":true,"href":"https:\/\/tvbrazilusa.com\/pt\/wp-json\/wp\/v2\/users\/1"}],"replies":[{"embeddable":true,"href":"https:\/\/tvbrazilusa.com\/pt\/wp-json\/wp\/v2\/comments?post=105999"}],"version-history":[{"count":1,"href":"https:\/\/tvbrazilusa.com\/pt\/wp-json\/wp\/v2\/posts\/105999\/revisions"}],"predecessor-version":[{"id":106001,"href":"https:\/\/tvbrazilusa.com\/pt\/wp-json\/wp\/v2\/posts\/105999\/revisions\/106001"}],"wp:featuredmedia":[{"embeddable":true,"href":"https:\/\/tvbrazilusa.com\/pt\/wp-json\/wp\/v2\/media\/106000"}],"wp:attachment":[{"href":"https:\/\/tvbrazilusa.com\/pt\/wp-json\/wp\/v2\/media?parent=105999"}],"wp:term":[{"taxonomy":"category","embeddable":true,"href":"https:\/\/tvbrazilusa.com\/pt\/wp-json\/wp\/v2\/categories?post=105999"},{"taxonomy":"post_tag","embeddable":true,"href":"https:\/\/tvbrazilusa.com\/pt\/wp-json\/wp\/v2\/tags?post=105999"}],"curies":[{"name":"wp","href":"https:\/\/api.w.org\/{rel}","templated":true}]}}