{"id":106005,"date":"2025-02-24T03:20:09","date_gmt":"2025-02-24T03:20:09","guid":{"rendered":"https:\/\/tvbrazilusa.com\/2025\/02\/24\/o-jantar-anual-de-carne-de-carne-retorna-retorna-a-new-haven\/"},"modified":"2025-02-24T03:46:37","modified_gmt":"2025-02-24T03:46:37","slug":"o-jantar-anual-de-carne-de-carne-retorna-retorna-a-new-haven","status":"publish","type":"post","link":"https:\/\/tvbrazilusa.com\/pt\/2025\/02\/24\/o-jantar-anual-de-carne-de-carne-retorna-retorna-a-new-haven\/","title":{"rendered":"O jantar anual de carne de carne retorna retorna a New Haven"},"content":{"rendered":"<script async src=\"https:\/\/pagead2.googlesyndication.com\/pagead\/js\/adsbygoogle.js?client=ca-pub-8864793242727901\"\r\n     crossorigin=\"anonymous\"><\/script>\n<p>NEW HAVEN, Connecticut (WTNH) &#8211; O domingo foi o pontap\u00e9 inicial do Greater New Haven, no dia de St. Patrick, com o jantar anual de carne enlatada. <\/p>\n<p>O jantar anual de carne enlatada \u00e9 mais do que apenas carne e batatas. \u00c9 uma tradi\u00e7\u00e3o que se estende por tr\u00e1s das gera\u00e7\u00f5es. <\/p>\n<p>&#8220;\u00c9 uma tradi\u00e7\u00e3o que meu pai come\u00e7ou em 195 e \u00e9 uma honra e privil\u00e9gio continuar&#8221;, disse Parade Grand Marshal, Seamus Bohan. \u201cAqui eu tenho meu filho, Sean; terceira gera\u00e7\u00e3o depois do meu pai. \u201d  <\/p>\n<p>O jantar \u00e9 um trabalho de amor de v\u00e1rias maneiras. Os preparativos come\u00e7am dias antes do jantar.  <\/p>\n<p>&#8220;\u00c9 um processo que come\u00e7amos na quinta -feira, quando vamos comprar toda a carne enlatada e depois \u00e9 um processo de culin\u00e1ria de tr\u00eas dias&#8221;, disse Bohan. <\/p>\n<p>Ter muitos chefs na cozinha \u00e9 recebido quando se trata de preparar este jantar. Cada pessoa \u00e9 ex -membro dos Cavaleiros de St. Patrick ou um ex -Grand Marshall do desfile. <\/p>\n<p>Cathleen Steinau, Grand Marshall, de 2025, disse ao News 8: &#8220;Temos todos os tipos diferentes de pessoas entrando, estamos comemorando nossa heran\u00e7a irlandesa e temos os caras na cozinha preparando um jantar fant\u00e1stico para n\u00f3s&#8221;. <\/p>\n<p>Steinau est\u00e1 no comit\u00ea de desfile h\u00e1 22 anos e agora foi escolhido para servir como Grande Marechal deste ano, ela disse: \u201cEstou absolutamente exaltado! \u00c9 uma honra estar nessa posi\u00e7\u00e3o. \u201d <\/p>\n<p><br \/>\n<br \/><a href=\"https:\/\/www.wtnh.com\/news\/connecticut\/new-haven\/the-annual-corned-beef-dinner-returns-to-new-haven\/\">Source link <\/a><\/p>","protected":false},"excerpt":{"rendered":"<p>NEW HAVEN, Connecticut (WTNH) &#8211; O domingo foi o pontap\u00e9 inicial do Greater New Haven, no dia de St. Patrick, com o jantar anual de carne enlatada. O jantar anual&hellip;<\/p>","protected":false},"author":1,"featured_media":106006,"comment_status":"closed","ping_status":"open","sticky":false,"template":"","format":"standard","meta":{"content-type":"","footnotes":""},"categories":[1],"tags":[],"class_list":["post-106005","post","type-post","status-publish","format-standard","has-post-thumbnail","hentry","category-uncategorized"],"_links":{"self":[{"href":"https:\/\/tvbrazilusa.com\/pt\/wp-json\/wp\/v2\/posts\/106005","targetHints":{"allow":["GET"]}}],"collection":[{"href":"https:\/\/tvbrazilusa.com\/pt\/wp-json\/wp\/v2\/posts"}],"about":[{"href":"https:\/\/tvbrazilusa.com\/pt\/wp-json\/wp\/v2\/types\/post"}],"author":[{"embeddable":true,"href":"https:\/\/tvbrazilusa.com\/pt\/wp-json\/wp\/v2\/users\/1"}],"replies":[{"embeddable":true,"href":"https:\/\/tvbrazilusa.com\/pt\/wp-json\/wp\/v2\/comments?post=106005"}],"version-history":[{"count":1,"href":"https:\/\/tvbrazilusa.com\/pt\/wp-json\/wp\/v2\/posts\/106005\/revisions"}],"predecessor-version":[{"id":106007,"href":"https:\/\/tvbrazilusa.com\/pt\/wp-json\/wp\/v2\/posts\/106005\/revisions\/106007"}],"wp:featuredmedia":[{"embeddable":true,"href":"https:\/\/tvbrazilusa.com\/pt\/wp-json\/wp\/v2\/media\/106006"}],"wp:attachment":[{"href":"https:\/\/tvbrazilusa.com\/pt\/wp-json\/wp\/v2\/media?parent=106005"}],"wp:term":[{"taxonomy":"category","embeddable":true,"href":"https:\/\/tvbrazilusa.com\/pt\/wp-json\/wp\/v2\/categories?post=106005"},{"taxonomy":"post_tag","embeddable":true,"href":"https:\/\/tvbrazilusa.com\/pt\/wp-json\/wp\/v2\/tags?post=106005"}],"curies":[{"name":"wp","href":"https:\/\/api.w.org\/{rel}","templated":true}]}}