{"id":106008,"date":"2025-02-24T03:35:10","date_gmt":"2025-02-24T03:35:10","guid":{"rendered":"https:\/\/tvbrazilusa.com\/2025\/02\/24\/o-papa-francisco-em-estado-critico-com-insuficiencia-renal-precoce-mas-permanece-alerta-a-medida-que-as-oracoes-surgem\/"},"modified":"2025-02-24T04:37:49","modified_gmt":"2025-02-24T04:37:49","slug":"o-papa-francisco-em-estado-critico-com-insuficiencia-renal-precoce-mas-permanece-alerta-a-medida-que-as-oracoes-surgem","status":"publish","type":"post","link":"https:\/\/tvbrazilusa.com\/pt\/2025\/02\/24\/o-papa-francisco-em-estado-critico-com-insuficiencia-renal-precoce-mas-permanece-alerta-a-medida-que-as-oracoes-surgem\/","title":{"rendered":"O papa Francisco em estado cr\u00edtico com insufici\u00eancia renal precoce, mas permanece alerta \u00e0 medida que as ora\u00e7\u00f5es surgem"},"content":{"rendered":"<script async src=\"https:\/\/pagead2.googlesyndication.com\/pagead\/js\/adsbygoogle.js?client=ca-pub-8864793242727901\"\r\n     crossorigin=\"anonymous\"><\/script>\n<div>\n<p class=\"article__paragraph article__paragraph--left\" id=\"JEPKU3APVJH7DEBHOPWGXBRSLM\">ROMA (AP)-O papa Francisco permaneceu em estado cr\u00edtico domingo e os exames de sangue mostraram insufici\u00eancia renal precoce, mas ele permanece alerta, responsivo e participou da missa, disse o Vaticano, como a pneumonia de 88 anos de idade e uma complexa infec\u00e7\u00e3o pulmonar.<\/p>\n<p class=\"article__paragraph article__paragraph--left\" id=\"YKDUXTNZOJE5XJI3SQ74JH2MVE\">Em uma atualiza\u00e7\u00e3o tardia, o Vaticano disse que Francis n\u00e3o tinha mais crises respirat\u00f3rias desde o s\u00e1bado \u00e0 noite, mas ainda estava recebendo altos fluxos de oxig\u00eanio suplementar.<\/p>\n<p class=\"article__paragraph article__paragraph--left\" id=\"FHU6XR5G7JH3PJ4RG6QI5VWSWI\">Alguns exames de sangue mostraram &#8220;insufici\u00eancia renal inicial, leve&#8221;, mas os m\u00e9dicos disseram que estava sob controle.<\/p>\n<p class=\"article__paragraph article__paragraph--left\" id=\"SKECURLTHFENLCOHODYX4Q6CNQ\">&#8220;A complexidade do quadro cl\u00ednico e a espera necess\u00e1ria para que as terapias medicamentosas forne\u00e7am algum feedback, ditam que o progn\u00f3stico permanece guardado&#8221;, concluiu os m\u00e9dicos de Francis.<\/p>\n<p class=\"article__paragraph article__paragraph--left\" id=\"3AKFY4SMGJAL3GCSJHJG22UDTA\">Ora\u00e7\u00f5es por Francisco, enquanto isso, foram investidas de todo o mundo, de <a href=\"https:\/\/apnews.com\/article\/argentina-pope-francis-prayers-health-0775b256a93dc3175efe8c48d2904aa0\" target=\"_blank\" rel=\"\">Sua Argentina nativa<\/a> \u00e0 sede do Isl\u00e3 sunita no Cairo, para crian\u00e7as em Roma.<\/p>\n<p class=\"article__paragraph article__paragraph--left\" id=\"ZH737UGGMZDKRBBR3WBWQGFI3I\">Em Nova York, o cardeal Timothy Dolan admitiu o que os l\u00edderes da igreja em Roma n\u00e3o estavam dizendo publicamente: que os fi\u00e9is cat\u00f3licos estavam unidos &#8220;ao lado de um pai moribundo&#8221;.<\/p>\n<p class=\"article__paragraph article__paragraph--left\" id=\"U64DMLLNQNDDLD2UEDKJVZOUBA\">&#8220;Como nosso santo padre Papa Francisco est\u00e1 em sa\u00fade muito, muito fr\u00e1gil e provavelmente perto da morte&#8221;, disse Dolan em sua homilia, do p\u00falpito da Catedral de S\u00e3o Patr\u00edcio, embora mais tarde disse a rep\u00f3rteres que esperava e orou que Francisco &#8220;saltaria voltar.&#8221;<\/p>\n<p class=\"article__paragraph article__paragraph--left\" id=\"IT53EA2PBFH5LAH66U7E77HSIA\">Os m\u00e9dicos disseram que a condi\u00e7\u00e3o de Francis \u00e9 toque e go, dada a idade, fragilidade e doen\u00e7a pulmonar pr\u00e9-existente. Sua condi\u00e7\u00e3o tem <a href=\"https:\/\/apnews.com\/article\/pope-incapacitated-vatican-charge-3b6afdf158e01662d553945efbbff2ce\" target=\"_blank\" rel=\"\">especula\u00e7\u00e3o revivida<\/a> sobre o que pode acontecer se ele ficar inconsciente ou incapacitado e se ele poderia renunciar.<\/p>\n<h2 class=\"article-heading\">Ora\u00e7\u00f5es por papa no Vaticano<\/h2>\n<p class=\"article__paragraph article__paragraph--left\" id=\"R2VJEJUBTJBALN2CRCBNZTBQCA\">Francis deveria celebrar a missa na manh\u00e3 de domingo na Bas\u00edlica de S\u00e3o Pedro e ordenar di\u00e1conos como parte da comemora\u00e7\u00e3o do ano sagrado de um ano do Vaticano.<\/p>\n<p class=\"article__paragraph article__paragraph--left\" id=\"FTJU5PEHSZD5ZEHCZ5DOXUSVRY\">O organizador do ano sagrado, o arcebispo Rino Fisichella, comemorou a missa em seu lugar e ofereceu uma ora\u00e7\u00e3o especial para Francisco do altar antes de entregar a homilia que o papa havia preparado.<\/p>\n<p class=\"article__paragraph article__paragraph--left\" id=\"FAMM3HUVRVHX3CMZTL4WJLUFZY\">\u201cEmbora ele esteja em uma cama de hospital, sentimos o papa Francisco perto de n\u00f3s. N\u00f3s o sentimos presente entre n\u00f3s \u201d, disse Fisichella \u00e0s centenas de di\u00e1conos de t\u00fanica branca.<\/p>\n<p class=\"article__paragraph article__paragraph--left\" id=\"GJJE3YGVKFAHFAOYE3M7GTN3I4\">Uma mensagem pr\u00e9 -escrita que havia sido preparada para Francisco ler no domingo, mas ele n\u00e3o entregou, disse que estava &#8220;continuando com confian\u00e7a minha hospitaliza\u00e7\u00e3o no Hospital Gemelli, continuando com o tratamento necess\u00e1rio; E o descanso tamb\u00e9m faz parte da terapia! \u201d A mensagem pediu ora\u00e7\u00f5es por ele &#8211; como ele sempre pergunta &#8211; e observou o pr\u00f3ximo anivers\u00e1rio da invas\u00e3o da R\u00fassia da Ucr\u00e2nia, &#8220;uma ocasi\u00e3o dolorosa e vergonhosa para toda a humanidade&#8221;.<\/p>\n<p class=\"article__paragraph article__paragraph--left\" id=\"MPDKPDUA7NCX3EZC4YQEV23GNU\">Enquanto isso, na Argentina nativa de Francisco, os cat\u00f3licos oraram pelo papa na Catedral de Buenos Aires e o ic\u00f4nico obelisco da cidade foi iluminado &#8220;Francis, a cidade ora por voc\u00ea&#8221;.<\/p>\n<p class=\"article__paragraph article__paragraph--left\" id=\"IQ35LRTDWJDXXEL54R6G2KXLH4\">No Cairo, o Grande Imam de Al-Azhar, a sede do aprendizado sunita que forjou um v\u00ednculo estreito com Francis, desejou-lhe bem.<\/p>\n<p class=\"article__paragraph article__paragraph--left\" id=\"34LD5YIECVBSRF7XTCBPAMUAPY\">&#8220;Oro a Allah para conceder ao meu querido irm\u00e3o, Papa Francisco, uma r\u00e1pida recupera\u00e7\u00e3o e aben\u00e7o\u00e1-lo com boa sa\u00fade e bem-estar para que ele possa continuar sua jornada em servir a humanidade&#8221;, escreveu o xeque Ahmed al-Tayeb em um post no Facebook .<\/p>\n<p class=\"article__paragraph article__paragraph--left\" id=\"DCNW6XGA7FGMNBKXNYSLPWSWUA\">O Comit\u00ea Judaico Americano tamb\u00e9m ofereceu ora\u00e7\u00f5es. &#8220;Estamos juntos com nossos irm\u00e3os e irm\u00e3s cat\u00f3licos durante esse momento desafiador&#8221;, escreveu o grupo no X.<\/p>\n<p class=\"article__paragraph article__paragraph--left\" id=\"TNK4HNZRZJGJXL5KQYBVTRBX6Q\">E crian\u00e7as em idade escolar de Roma inauguraram o Hospital Gemelli com cart\u00f5es Get Well, enquanto os bispos italianos lideraram as ora\u00e7\u00f5es do Ros\u00e1rio e celebraram massas especiais em toda a It\u00e1lia.<\/p>\n<h2 class=\"article-heading\">Sepse \u00e9 uma amea\u00e7a potencial<\/h2>\n<p class=\"article__paragraph article__paragraph--left\" id=\"RKAWAJAMDBAHZMVVHJTN64CISA\">Os m\u00e9dicos alertaram que a principal amea\u00e7a que Francis enfrenta \u00e9 <a href=\"https:\/\/apnews.com\/article\/pope-francis-illness-explainer-pneumonia-vatican-6c90fdb0d03ed1703293564686a80978\" target=\"_blank\" rel=\"\">Sepse<\/a>uma infec\u00e7\u00e3o grave do sangue que pode ocorrer como uma complica\u00e7\u00e3o da pneumonia. At\u00e9 o momento, n\u00e3o houve refer\u00eancia a nenhum in\u00edcio de sepse nas atualiza\u00e7\u00f5es m\u00e9dicas fornecidas pelo Vaticano, inclusive no domingo.<\/p>\n<p class=\"article__paragraph article__paragraph--left\" id=\"3OAXZK2SKFDWZHMQ6F5IV37E7Q\">No s\u00e1bado, Francis desenvolveu uma baixa contagem de plaquetas, que permaneceu baixa, mas est\u00e1vel no domingo. As plaquetas s\u00e3o fragmentos semelhantes a c\u00e9lulas que circulam no sangue que ajudam a formar co\u00e1gulos sangu\u00edneos para parar de sangrar ou ajudar a curar as feridas. A baixa contagem de plaquetas pode ser causada por v\u00e1rias coisas, incluindo efeitos colaterais de medicamentos ou infec\u00e7\u00f5es.<\/p>\n<p class=\"article__paragraph article__paragraph--left\" id=\"Y7DBUXGUIRGS7CD2LZSCE2PD4A\">Francis tamb\u00e9m desenvolveu anemia e, durante as transfus\u00f5es de sangue no s\u00e1bado, recebeu hematina, um tratamento projetado para aumentar o n\u00edvel de hemoglobina em seu sangue, o que, por sua vez, ajuda o sangue a carregar mais oxig\u00eanio. Os m\u00e9dicos relataram no domingo que a terapia foi ben\u00e9fica.<\/p>\n<p class=\"article__paragraph article__paragraph--left\" id=\"VLA43DIQC5CUDFAMHBZEC6GBWY\">Francis, que tem doen\u00e7a pulmonar cr\u00f4nica e \u00e9 propenso a bronquite no inverno, foi admitido no Hospital Gemelli em 14 de fevereiro ap\u00f3s um <a href=\"https:\/\/apnews.com\/article\/pope-francis-vatican-gemelli-hospital-0a88f9b701a0933ac6a781df785cd0db\" target=\"_blank\" rel=\"\">Uma semana de bronquite piorou<\/a>.<\/p>\n<p class=\"article__paragraph article__paragraph--left\" id=\"67KK3FDGDBFWPCYIIYLQ7ZIOEQ\">Os m\u00e9dicos diagnosticaram primeiro o <a href=\"https:\/\/apnews.com\/article\/pope-illness-polymicrobial-infection-6638f63730046f420b4d0a6d364826f7\" target=\"_blank\" rel=\"\">Infec\u00e7\u00e3o complexa viral, bacteriana e f\u00fangica do trato respirat\u00f3rio<\/a> e ent\u00e3o o in\u00edcio da pneumonia nos dois pulm\u00f5es. Eles prescreveram &#8220;descanso absoluto&#8221; e uma combina\u00e7\u00e3o de cortisona e antibi\u00f3ticos, juntamente com oxig\u00eanio suplementar quando ele precisa.<\/p>\n<h2 class=\"article-heading\">As recentes reformas de Francis sugerem que ele sabia que estava envelhecendo e mais fr\u00e1gil<\/h2>\n<p class=\"article__paragraph article__paragraph--left\" id=\"UKNJENEIDJGQNFNJ25IJAKS2KA\">Francis tomou v\u00e1rias decis\u00f5es recentes que sugerem que ele sabia que estava envelhecendo e fr\u00e1gil.<\/p>\n<p class=\"article__paragraph article__paragraph--left\" id=\"2ALCZ5OGDFAKHBLDFOQD7RFE3I\">No ano passado, ele <a href=\"https:\/\/apnews.com\/article\/pope-funeral-rites-francis-vatican-d8b24d48b743e4b6b11f565196741504\" target=\"_blank\" rel=\"\">revisou os ritos funer\u00e1rios<\/a> Isso ser\u00e1 usado depois que ele morre, simplificando os rituais para enfatizar seu papel como mero bispo e permitindo o enterro fora do Vaticano, de acordo com seus desejos. Mas os elementos centrais dos ritos permanecem, incluindo os tr\u00eas momentos -chave que devem ser observados entre a morte de um papa e seu funeral: em sua casa, na Bas\u00edlica de S\u00e3o Pedro e no lugar do enterro.<\/p>\n<p class=\"article__paragraph article__paragraph--left\" id=\"JSM2VDN7YZHTXE4J3VFANQCGCE\">Em dezembro, Francis <a href=\"https:\/\/apnews.com\/article\/vatican-cardinals-pope-7b4c2e55b2f0d42436a6ec65182e489a\" target=\"_blank\" rel=\"\">criou 21 novos cardeais<\/a>. Todos, exceto um, tinham menos de 80 anos e, portanto, eleg\u00edveis para votar em um conclave para eleger seu sucessor. Suas adi\u00e7\u00f5es elevaram o n\u00famero total de cardeais da idade de voto para 140, bem acima do limite de 120 estabelecidos por S\u00e3o Jo\u00e3o Paulo II. Mas v\u00e1rios dos eleitores atuais est\u00e3o completando 80 anos este ano, reduzindo o n\u00famero.<\/p>\n<p class=\"article__paragraph article__paragraph--left\" id=\"BIZPNH36TZCI7FUKZDUE5V74AQ\">No in\u00edcio deste m\u00eas, uma vez que ele j\u00e1 estava doente, Francis decidiu <a href=\"https:\/\/apnews.com\/article\/vatican-conclave-pope-camerlengo-a2dc467fd152255e4301109b96a13901\" target=\"_blank\" rel=\"\">estender o mandato de cinco anos do reitor atual<\/a> Do College of Cardinals, o cardeal Giovanni Battista Re, 91, em vez de abrir caminho para algu\u00e9m novo. Conforme retratado no filme &#8220;Conclave&#8221;, o reitor do College of Cardinals desempenha um papel importante na vida da hierarquia cat\u00f3lica e \u00e9 uma figura crucial durante a transi\u00e7\u00e3o entre um papado e o outro.<\/p>\n<p class=\"article__paragraph article__paragraph--left\" id=\"7ZZIN4S2GFBAXHPF6XJSSJYVTA\">Francis tamb\u00e9m decidiu estender o termo do vice-reitor, o cardeal argentino Leonardo Sandri, 81.<\/p>\n<p class=\"article__paragraph article__paragraph--left\" id=\"HLFHZLH3XRDBPILFEBNZCPFCRQ\">___<\/p>\n<p class=\"article__paragraph article__paragraph--left\" id=\"QUIDEP47K5EEFHRIW7ZI4KW64Y\"><i><b>Por Nicole Winfield Associated Press<\/b><\/i><\/p>\n<p class=\"article__paragraph article__paragraph--left\" id=\"OTTLWTRB5NBXBI7CZXPZ2GZHUE\"><i><b>A cobertura religiosa da Associated Press recebe apoio atrav\u00e9s dos APs <\/b><\/i><a href=\"https:\/\/bit.ly\/ap-twir\" target=\"_blank\" rel=\"\"><i><b>colabora\u00e7\u00e3o<\/b><\/i><\/a><i><b>  Com a conversa, com financiamento da Lilly Endowment Inc., o AP \u00e9 o \u00fanico respons\u00e1vel por esse conte\u00fado.<\/b><\/i><\/p>\n<\/div>\n<p><br \/>\n<br \/><a href=\"https:\/\/www.nj.com\/news\/2025\/02\/pope-francis-in-critical-condition-with-early-kidney-failure-but-remains-alert-as-prayers-pour-in.html\">Source link <\/a><\/p>","protected":false},"excerpt":{"rendered":"<p>ROMA (AP)-O papa Francisco permaneceu em estado cr\u00edtico domingo e os exames de sangue mostraram insufici\u00eancia renal precoce, mas ele permanece alerta, responsivo e participou da missa, disse o Vaticano,&hellip;<\/p>","protected":false},"author":1,"featured_media":106009,"comment_status":"closed","ping_status":"open","sticky":false,"template":"","format":"standard","meta":{"content-type":"","footnotes":""},"categories":[1],"tags":[],"class_list":["post-106008","post","type-post","status-publish","format-standard","has-post-thumbnail","hentry","category-uncategorized"],"_links":{"self":[{"href":"https:\/\/tvbrazilusa.com\/pt\/wp-json\/wp\/v2\/posts\/106008","targetHints":{"allow":["GET"]}}],"collection":[{"href":"https:\/\/tvbrazilusa.com\/pt\/wp-json\/wp\/v2\/posts"}],"about":[{"href":"https:\/\/tvbrazilusa.com\/pt\/wp-json\/wp\/v2\/types\/post"}],"author":[{"embeddable":true,"href":"https:\/\/tvbrazilusa.com\/pt\/wp-json\/wp\/v2\/users\/1"}],"replies":[{"embeddable":true,"href":"https:\/\/tvbrazilusa.com\/pt\/wp-json\/wp\/v2\/comments?post=106008"}],"version-history":[{"count":1,"href":"https:\/\/tvbrazilusa.com\/pt\/wp-json\/wp\/v2\/posts\/106008\/revisions"}],"predecessor-version":[{"id":106010,"href":"https:\/\/tvbrazilusa.com\/pt\/wp-json\/wp\/v2\/posts\/106008\/revisions\/106010"}],"wp:featuredmedia":[{"embeddable":true,"href":"https:\/\/tvbrazilusa.com\/pt\/wp-json\/wp\/v2\/media\/106009"}],"wp:attachment":[{"href":"https:\/\/tvbrazilusa.com\/pt\/wp-json\/wp\/v2\/media?parent=106008"}],"wp:term":[{"taxonomy":"category","embeddable":true,"href":"https:\/\/tvbrazilusa.com\/pt\/wp-json\/wp\/v2\/categories?post=106008"},{"taxonomy":"post_tag","embeddable":true,"href":"https:\/\/tvbrazilusa.com\/pt\/wp-json\/wp\/v2\/tags?post=106008"}],"curies":[{"name":"wp","href":"https:\/\/api.w.org\/{rel}","templated":true}]}}