{"id":106013,"date":"2025-02-24T06:42:55","date_gmt":"2025-02-24T06:42:55","guid":{"rendered":"https:\/\/tvbrazilusa.com\/2025\/02\/24\/sag-award-vence-zoe-saldana-sobre-sindicatos-e-liberdade-conclave-entre-os-premios-conectados-a-nj\/"},"modified":"2025-02-24T07:01:14","modified_gmt":"2025-02-24T07:01:14","slug":"sag-award-vence-zoe-saldana-sobre-sindicatos-e-liberdade-conclave-entre-os-premios-conectados-a-nj","status":"publish","type":"post","link":"https:\/\/tvbrazilusa.com\/pt\/2025\/02\/24\/sag-award-vence-zoe-saldana-sobre-sindicatos-e-liberdade-conclave-entre-os-premios-conectados-a-nj\/","title":{"rendered":"SAG Award vence: Zoe Salda\u00f1a sobre sindicatos e liberdade, &#8216;Conclave&#8217; entre os pr\u00eamios conectados \u00e0 NJ"},"content":{"rendered":"<p> <script async src=\"https:\/\/pagead2.googlesyndication.com\/pagead\/js\/adsbygoogle.js?client=ca-pub-8864793242727901\"\r\n     crossorigin=\"anonymous\"><\/script><br \/>\n<\/p>\n<div>\n<p class=\"article__paragraph article__paragraph--left\" id=\"BIL6PFMBBBFZTGQGNXGOKI3BZ4\"><a href=\"https:\/\/www.nj.com\/entertainment\/2025\/02\/timothee-chalamet-pulls-upset-with-sag-awards-win-i-wanna-be-one-of-the-greats.html\" target=\"_blank\" rel=\"\" title=\"https:\/\/www.nj.com\/entertainment\/2025\/02\/timothee-chalamet-pulls-upset-with-sag-awards-win-i-wanna-be-one-of-the-greats.html\">Timoth\u00e9e Chalamet<\/a> triunfou no <a href=\"https:\/\/www.nj.com\/entertainment\/2025\/02\/timothee-chalamet-pulls-upset-with-sag-awards-win-i-wanna-be-one-of-the-greats.html\" target=\"_blank\" rel=\"\" title=\"https:\/\/www.nj.com\/entertainment\/2025\/02\/timothee-chalamet-pulls-upset-with-sag-awards-win-i-wanna-be-one-of-the-greats.html\">2025 SAG Awards<\/a> Domingo para \u201c<a href=\"https:\/\/www.nj.com\/entertainment\/2025\/02\/timothee-chalamet-pulls-upset-with-sag-awards-win-i-wanna-be-one-of-the-greats.html\" target=\"_blank\" rel=\"\" title=\"https:\/\/www.nj.com\/entertainment\/2025\/02\/timothee-chalamet-pulls-upset-with-sag-awards-win-i-wanna-be-one-of-the-greats.html\">Um desconhecido completo<\/a>\u201dUm filme ele <a href=\"https:\/\/www.nj.com\/entertainment\/2024\/12\/the-complete-unknown-next-door-nj-actors-on-bob-dylan-movie-filmed-in-jersey.html\" target=\"_blank\" rel=\"\" title=\"https:\/\/www.nj.com\/entertainment\/2024\/12\/the-complete-unknown-next-door-nj-actors-on-bob-dylan-movie-filmed-in-jersey.html\">filmado em Nova Jersey<\/a>. <\/p>\n<p class=\"article__paragraph article__paragraph--left\" id=\"UCFXDZI4PBCLDHZ4GFK3MA6GCA\">Chalamet (veja mais sobre <a href=\"https:\/\/www.nj.com\/entertainment\/2025\/02\/timothee-chalamet-pulls-upset-with-sag-awards-win-i-wanna-be-one-of-the-greats.html\" target=\"_blank\" rel=\"\" title=\"https:\/\/www.nj.com\/entertainment\/2025\/02\/timothee-chalamet-pulls-upset-with-sag-awards-win-i-wanna-be-one-of-the-greats.html\">sua vit\u00f3ria e seu discurso de aceita\u00e7\u00e3o aqui<\/a>) ganhou o favorito da temporada de pr\u00eamios <a href=\"https:\/\/www.nj.com\/entertainment\/2025\/02\/timothee-chalamet-pulls-upset-with-sag-awards-win-i-wanna-be-one-of-the-greats.html\" target=\"_blank\" rel=\"\" title=\"https:\/\/www.nj.com\/entertainment\/2025\/02\/timothee-chalamet-pulls-upset-with-sag-awards-win-i-wanna-be-one-of-the-greats.html\">Adrien Brody<\/a> (&#8220;O brutalista&#8221;) para ter a honra de melhor ator principal. <\/p>\n<p class=\"article__paragraph article__paragraph--left\" id=\"JGA6R7KSJVAVRI7ZWBYLLE62WI\">No entanto, a imers\u00e3o de Chalamet em <a href=\"https:\/\/www.nj.com\/entertainment\/2024\/12\/the-complete-unknown-next-door-nj-actors-on-bob-dylan-movie-filmed-in-jersey.html\" target=\"_blank\" rel=\"\" title=\"https:\/\/www.nj.com\/entertainment\/2024\/12\/the-complete-unknown-next-door-nj-actors-on-bob-dylan-movie-filmed-in-jersey.html\">Bob Dylan<\/a> N\u00e3o foi a \u00fanica vit\u00f3ria conectada a Jersey na cerim\u00f4nia.<\/p>\n<p class=\"article__paragraph article__paragraph--left\" id=\"YZLNVJPZBRF2TDV6YZ3NAK3UV4\">Enquanto ele puxou uma virada no SAG Awards, <a href=\"https:\/\/www.nj.com\/entertainment\/2025\/02\/njs-sean-baker-zoe-saldana-jesse-eisenberg-win-baftas-on-road-to-oscars.html\" target=\"_blank\" rel=\"\" title=\"https:\/\/www.nj.com\/entertainment\/2025\/02\/njs-sean-baker-zoe-saldana-jesse-eisenberg-win-baftas-on-road-to-oscars.html\">Zoe Salda\u00f1a<\/a> continuou a ela <a href=\"https:\/\/www.nj.com\/entertainment\/2025\/01\/nj-golden-globes-wins-zoe-saldana-sebastian-stan-and-more-take-home-awards.html\" target=\"_blank\" rel=\"\" title=\"https:\/\/www.nj.com\/entertainment\/2025\/01\/nj-golden-globes-wins-zoe-saldana-sebastian-stan-and-more-take-home-awards.html\">Varredura da temporada de premia\u00e7\u00e3o<\/a>.<\/p>\n<p class=\"article__paragraph article__paragraph--left\" id=\"6GYWNDBETRDTJHX2LBCWK32DBY\"><b>Leia mais: <\/b><a href=\"https:\/\/www.nj.com\/entertainment\/2025\/02\/timothee-chalamet-pulls-upset-with-sag-awards-win-i-wanna-be-one-of-the-greats.html\" target=\"_blank\" rel=\"\" title=\"https:\/\/www.nj.com\/entertainment\/2025\/02\/timothee-chalamet-pulls-upset-with-sag-awards-win-i-wanna-be-one-of-the-greats.html\"><b>Timoth\u00e9e Chalamet fica chateado com a vit\u00f3ria do SAG Awards: &#8216;Eu quero ser um dos grandes nomes&#8217;<\/b><\/a><\/p>\n<p class=\"article__paragraph article__paragraph--left\" id=\"RSMCLP2LMFBKHCGSX24BPSOFBU\">Salda\u00f1a venceu novamente por seu desempenho em \u201c<a href=\"https:\/\/www.nj.com\/entertainment\/2025\/02\/njs-sean-baker-zoe-saldana-jesse-eisenberg-win-baftas-on-road-to-oscars.html\" target=\"_blank\" rel=\"\" title=\"https:\/\/www.nj.com\/entertainment\/2025\/02\/njs-sean-baker-zoe-saldana-jesse-eisenberg-win-baftas-on-road-to-oscars.html\">Emilia P\u00e9rez<\/a>\u201dLevando para casa o SAG Award por excelente desempenho de uma ator em um papel de apoio. <\/p>\n<p class=\"article__paragraph article__paragraph--left\" id=\"HWZ3KCECBJDUBK7AFKG44CED5Q\">O ator, que nasceu em Passaic e cresceu em Queens e na Rep\u00fablica Dominicana, interpreta a advogada Rita Mora Castro no drama musical da Netflix em Jacques Audiard, na l\u00edngua espanhola, <a href=\"https:\/\/www.nj.com\/entertainment\/2025\/01\/see-one-mexican-response-to-emilia-perez-a-french-film-actually-made-in-mexico.html\" target=\"_blank\" rel=\"\" title=\"https:\/\/www.nj.com\/entertainment\/2025\/01\/see-one-mexican-response-to-emilia-perez-a-french-film-actually-made-in-mexico.html\">Situado no M\u00e9xico e filmado na Fran\u00e7a<\/a>. <\/p>\n<p class=\"article__paragraph article__paragraph--left\" id=\"O263JM5G7JANDB2RHQZASPOCDI\">&#8220;Estar nesta sala \u00e9 uma verdadeira honra&#8221;, disse Salda\u00f1a, 46 anos, aceitando o pr\u00eamio na cerim\u00f4nia, que foi transmitida ao vivo na Netflix. \u201cEsta \u00e9 a minha comunidade. \u00c9 o meu circo. \u201d <\/p>\n<p class=\"article__paragraph article__paragraph--left\" id=\"D5Q7N6ELOFCNNAYOWQAND3CYMU\">Ela se lembrou de ter recebido seu cart\u00e3o SAG em 1998, quando n\u00e3o sabia o que era o sindicato dos atores. <\/p>\n<p class=\"article__paragraph article__paragraph--left\" id=\"U56ZN4AZWVG4BINMDI5H4QNW6M\">\u201cSou grato por minha m\u00e3e, meu pai e minhas irm\u00e3s procuraram e me ajudaram a me educar sobre o que significa fazer parte de uma uni\u00e3o que me protege para que eu possa ganhar a vida com essa ind\u00fastria louca e louca, Salda\u00f1a disse. <\/p>\n<p class=\"article__paragraph article__paragraph--left\" id=\"2DPVXNUJTFGNRCWY3K65RT4U6Q\">Em &#8220;<a href=\"https:\/\/www.netflix.com\/watch\/81901696?source=35\" target=\"_blank\" rel=\"\" title=\"https:\/\/www.netflix.com\/watch\/81901696?source=35\">Emilia P\u00e9rez<\/a>.<\/p>\n<p class=\"article__paragraph article__paragraph--left\" id=\"TV6OTOS6WNG2HMTM7QWYBEUTMI\">&#8220;Tenho orgulho de fazer parte de uma uni\u00e3o que me permite ser quem eu sou&#8221;, continuou Salda\u00f1a em seu discurso. \u201cE nunca fui questionado sobre de onde venho e julguei como falo ou quais s\u00e3o meus pronomes. Eu acredito que todo mundo tem <a href=\"https:\/\/www.nj.com\/entertainment\/2025\/02\/hunter-schafer-misgendered-on-passport-because-of-trump-i-am-never-going-to-stop-being-trans.html\" target=\"_blank\" rel=\"\" title=\"https:\/\/www.nj.com\/entertainment\/2025\/02\/hunter-schafer-misgendered-on-passport-because-of-trump-i-am-never-going-to-stop-being-trans.html\">o direito de ser quem eles s\u00e3o<\/a> E &#8216;Emilia P\u00e9rez&#8217; \u00e9 sobre verdade e \u00e9 sobre amor. E acho que n\u00f3s, como atores, agora mais do que nunca, realmente temos que contar hist\u00f3rias bonitas e instigantes e viver dentro do espectro da liberdade art\u00edstica. \u201d <\/p>\n<figure class=\"article__image\">\n<div class=\"article__image-wrapper\"><picture><source media=\"(max-width: 500px)\" srcset=\"https:\/\/www.nj.com\/resizer\/v2\/QAL2G4ELCNGUTFWXKP55KYRFOQ.jpg?auth=3742821d0d85dc7bb2fbfb3fe9007756bbf82c77c2b39238993400d2c915e1f1&#038;width=500&#038;quality=90 500w\"\/><source media=\"(max-width: 800px)\" srcset=\"https:\/\/www.nj.com\/resizer\/v2\/QAL2G4ELCNGUTFWXKP55KYRFOQ.jpg?auth=3742821d0d85dc7bb2fbfb3fe9007756bbf82c77c2b39238993400d2c915e1f1&#038;width=800&#038;quality=90 800w\"\/><source srcset=\"https:\/\/www.nj.com\/resizer\/v2\/QAL2G4ELCNGUTFWXKP55KYRFOQ.jpg?auth=3742821d0d85dc7bb2fbfb3fe9007756bbf82c77c2b39238993400d2c915e1f1&#038;width=1280&#038;quality=90 1280w\"\/><\/picture><figcaption class=\"article__image-caption\">\n<p class=\"article__mm-image-caption-text\">Zoe Salda\u00f1a e Karla Sof\u00eda Gasc\u00f3n em &#8220;Emilia P\u00e9rez&#8221;. Gasc\u00f3n n\u00e3o compareceu aos SAGs ap\u00f3s controv\u00e9rsia sobre seus tweets ofensivos.<span class=\"article__mm-image-credit\">Netflix<\/span><\/p>\n<\/figcaption><\/div>\n<\/figure>\n<p class=\"article__paragraph article__paragraph--left\" id=\"BNURM4B7AVCH5CIRZSJMFF3FQI\">\u201c\u201c<a href=\"https:\/\/www.netflix.com\/watch\/81901696?source=35\" target=\"_blank\" rel=\"\" title=\"https:\/\/www.netflix.com\/watch\/81901696?source=35\">Emilia P\u00e9rez<\/a>\u201d\u00c9 o <a href=\"https:\/\/www.nj.com\/entertainment\/2025\/01\/nj-oscar-nominees-anora-a-real-pain-emilia-perez-a-complete-unknown-trump-film-the-apprentice.html#:~:text=N.J.%20Oscar%20nominees%3A%20'Anora%2C,The%20Apprentice'%20-%20nj.com\" target=\"_blank\" title=\"https:\/\/www.nj.com\/entertainment\/2025\/01\/nj-oscar-nominees-anora-a-real-pain-emilia-perez-a-complete-unknown-trump-film-the-apprentice.html#:~:text=N.J.%20Oscar%20nominees%3A%20'Anora%2C,The%20Apprentice'%20-%20nj.com\">mais indicado<\/a> filme no <a href=\"https:\/\/www.nj.com\/entertainment\/2025\/01\/nj-oscar-nominees-anora-a-real-pain-emilia-perez-a-complete-unknown-trump-film-the-apprentice.html#:~:text=N.J.%20Oscar%20nominees%3A%20'Anora%2C,The%20Apprentice'%20-%20nj.com\" target=\"_blank\" title=\"https:\/\/www.nj.com\/entertainment\/2025\/01\/nj-oscar-nominees-anora-a-real-pain-emilia-perez-a-complete-unknown-trump-film-the-apprentice.html#:~:text=N.J.%20Oscar%20nominees%3A%20'Anora%2C,The%20Apprentice'%20-%20nj.com\">2025 Oscars<\/a>com 13 indica\u00e7\u00f5es. <\/p>\n<p class=\"article__paragraph article__paragraph--left\" id=\"YWRTQJ3LZZGVZIRP3AZ3BMTW4E\">A superf\u00edcie de <a href=\"https:\/\/variety.com\/2025\/film\/news\/karla-sofia-gascon-tweets-muslims-george-floyd-backlash-emilia-perez-1236291448\/\" target=\"_blank\" rel=\"\" title=\"https:\/\/variety.com\/2025\/film\/news\/karla-sofia-gascon-tweets-muslims-george-floyd-backlash-emilia-perez-1236291448\/\">Tweets ofensivos, anti-mu\u00e7ulmanos e racistas<\/a> Da co-estrela de Salda\u00f1a <a href=\"https:\/\/www.instagram.com\/karsiagascon\/\" target=\"_blank\" rel=\"\" title=\"https:\/\/www.instagram.com\/karsiagascon\/\">Karla Sof\u00eda Gasc\u00f3n<\/a>que interpreta Emilia P\u00e9rez, abalou a campanha de premia\u00e7\u00e3o do filme, mas aparentemente n\u00e3o afetou as chances de Salda\u00f1a de ganhar pr\u00eamios. <\/p>\n<p class=\"article__paragraph article__paragraph--left\" id=\"UH2TERXNVVGKHEIQEHKWB5UIUM\">Gasc\u00f3n \u00e9 o primeiro ator abertamente transg\u00eanero indicado para Melhor Atriz no Oscar. Ela n\u00e3o estava no SAG Awards e n\u00e3o est\u00e1 em outros pr\u00eamios recentes desde a controv\u00e9rsia sobre seus tweets anteriores. <\/p>\n<p class=\"article__paragraph article__paragraph--left\" id=\"VV4JULWFPRCWNO4RBTVBWLHLYU\">Gasc\u00f3n, Salda\u00f1a, Selena Gomez e Adriana Paz ganharam em conjunto o pr\u00eamio de B por B<a href=\"https:\/\/www.festival-cannes.com\/en\/press\/press-releases\/the-77th-festival-de-cannes-winners-list\/\" target=\"_blank\" rel=\"\" title=\"https:\/\/www.festival-cannes.com\/en\/press\/press-releases\/the-77th-festival-de-cannes-winners-list\/\">atriz EST no Festival de Cannes<\/a> por suas performances. No SAG Awards, Salda\u00f1a e Gomez apresentaram o filme.<\/p>\n<p class=\"article__paragraph article__paragraph--left\" id=\"6REU24PG7NEABGC3WNWQGHX5QA\">Se houver uma coisa certa no <a href=\"https:\/\/www.nj.com\/entertainment\/2025\/01\/nj-oscar-nominees-anora-a-real-pain-emilia-perez-a-complete-unknown-trump-film-the-apprentice.html#:~:text=N.J.%20Oscar%20nominees%3A%20'Anora%2C,The%20Apprentice'%20%2D%20nj.com\" target=\"_blank\" rel=\"\" title=\"https:\/\/www.nj.com\/entertainment\/2025\/01\/nj-oscar-nominees-anora-a-real-pain-emilia-perez-a-complete-unknown-trump-film-the-apprentice.html#:~:text=N.J.%20Oscar%20nominees%3A%20'Anora%2C,The%20Apprentice'%20%2D%20nj.com\">Academia Os pr\u00eamios<\/a> Domingo, \u00e9 provavelmente que Salda\u00f1a vence <a href=\"https:\/\/www.nj.com\/entertainment\/2025\/01\/nj-oscar-nominees-anora-a-real-pain-emilia-perez-a-complete-unknown-trump-film-the-apprentice.html#:~:text=N.J.%20Oscar%20nominees%3A%20'Anora%2C,The%20Apprentice'%20%2D%20nj.com\" target=\"_blank\" rel=\"\" title=\"https:\/\/www.nj.com\/entertainment\/2025\/01\/nj-oscar-nominees-anora-a-real-pain-emilia-perez-a-complete-unknown-trump-film-the-apprentice.html#:~:text=N.J.%20Oscar%20nominees%3A%20'Anora%2C,The%20Apprentice'%20%2D%20nj.com\">Melhor atriz coadjuvante<\/a>que ser\u00e1 seu primeiro Oscar.<\/p>\n<p class=\"article__paragraph article__paragraph--left\" id=\"KNAWX3YUI5AF3KQX7BZD43RZAU\">Outra coisa certa \u00e9 <a href=\"https:\/\/www.nj.com\/entertainment\/2024\/11\/njs-jesse-eisenberg-talks-a-real-pain-inherited-trauma-and-his-family-promise.html\" target=\"_blank\" rel=\"\" title=\"https:\/\/www.nj.com\/entertainment\/2024\/11\/njs-jesse-eisenberg-talks-a-real-pain-inherited-trauma-and-his-family-promise.html\">Kieran Culkin<\/a> vencendo <a href=\"https:\/\/www.nj.com\/entertainment\/2025\/01\/nj-oscar-nominees-anora-a-real-pain-emilia-perez-a-complete-unknown-trump-film-the-apprentice.html#:~:text=N.J.%20Oscar%20nominees%3A%20'Anora%2C,The%20Apprentice'%20%2D%20nj.com\" target=\"_blank\" rel=\"\" title=\"https:\/\/www.nj.com\/entertainment\/2025\/01\/nj-oscar-nominees-anora-a-real-pain-emilia-perez-a-complete-unknown-trump-film-the-apprentice.html#:~:text=N.J.%20Oscar%20nominees%3A%20'Anora%2C,The%20Apprentice'%20%2D%20nj.com\">Melhor ator de apoio<\/a> para &#8220;<a href=\"https:\/\/www.nj.com\/entertainment\/2024\/11\/njs-jesse-eisenberg-talks-a-real-pain-inherited-trauma-and-his-family-promise.html\" target=\"_blank\" rel=\"\" title=\"https:\/\/www.nj.com\/entertainment\/2024\/11\/njs-jesse-eisenberg-talks-a-real-pain-inherited-trauma-and-his-family-promise.html\">Uma verdadeira dor<\/a>\u201dEscrito e dirigido por sua co-estrela, <a href=\"https:\/\/www.nj.com\/entertainment\/2024\/11\/njs-jesse-eisenberg-talks-a-real-pain-inherited-trauma-and-his-family-promise.html\" target=\"_blank\" rel=\"\" title=\"https:\/\/www.nj.com\/entertainment\/2024\/11\/njs-jesse-eisenberg-talks-a-real-pain-inherited-trauma-and-his-family-promise.html\">East Brunswick<\/a>\u00e9 o pr\u00f3prio <a href=\"https:\/\/www.nj.com\/entertainment\/2024\/11\/njs-jesse-eisenberg-talks-a-real-pain-inherited-trauma-and-his-family-promise.html\" target=\"_blank\" rel=\"\" title=\"https:\/\/www.nj.com\/entertainment\/2024\/11\/njs-jesse-eisenberg-talks-a-real-pain-inherited-trauma-and-his-family-promise.html\">Jesse Eisenberg<\/a>. <\/p>\n<p class=\"article__paragraph article__paragraph--left\" id=\"TYAUUFXUMNFL3ES4ERE4I47EHI\"><b>Leia mais: <\/b><a href=\"https:\/\/www.nj.com\/entertainment\/2025\/02\/njs-jesse-eisenberg-wins-independent-spirit-award-calls-producer-emma-stone-his-fairy-godmother.html\" target=\"_blank\" rel=\"\" title=\"https:\/\/www.nj.com\/entertainment\/2025\/02\/njs-jesse-eisenberg-wins-independent-spirit-award-calls-producer-emma-stone-his-fairy-godmother.html\"><b>Jesse Eisenberg, de NJ, ganha o pr\u00eamio Independent Spirit, chama a produtora Emma Stone sua &#8216;madrinha de fada&#8217;<\/b><\/a><\/p>\n<p class=\"article__paragraph article__paragraph--left\" id=\"E2KITYBKZBEAVOSJTL222DPBJI\">Culkin tamb\u00e9m ganhou um pr\u00eamio SAG por sua atua\u00e7\u00e3o no filme domingo e, como Salda\u00f1a, varreu a temporada de pr\u00eamios.<\/p>\n<p class=\"article__paragraph article__paragraph--left\" id=\"JQWH5MAYUVCGHLOYVVW72E46PI\">  Ele venceu mais recentemente no <a href=\"https:\/\/www.nj.com\/entertainment\/2025\/02\/njs-jesse-eisenberg-wins-independent-spirit-award-calls-producer-emma-stone-his-fairy-godmother.html\" target=\"_blank\" rel=\"\" title=\"https:\/\/www.nj.com\/entertainment\/2025\/02\/njs-jesse-eisenberg-wins-independent-spirit-award-calls-producer-emma-stone-his-fairy-godmother.html\">Film Independent Spirit Awards<\/a> S\u00e1bado, onde <a href=\"https:\/\/www.nj.com\/entertainment\/2025\/02\/njs-jesse-eisenberg-wins-independent-spirit-award-calls-producer-emma-stone-his-fairy-godmother.html\" target=\"_blank\" rel=\"\" title=\"https:\/\/www.nj.com\/entertainment\/2025\/02\/njs-jesse-eisenberg-wins-independent-spirit-award-calls-producer-emma-stone-his-fairy-godmother.html\">Eisenberg ganhou por melhor roteiro<\/a> Depois de vencer anteriormente <a href=\"https:\/\/www.nj.com\/entertainment\/2025\/02\/njs-sean-baker-zoe-saldana-jesse-eisenberg-win-baftas-on-road-to-oscars.html\" target=\"_blank\" rel=\"\" title=\"https:\/\/www.nj.com\/entertainment\/2025\/02\/njs-sean-baker-zoe-saldana-jesse-eisenberg-win-baftas-on-road-to-oscars.html\">Melhor roteiro original no BAFTAS<\/a>. A contagem de pr\u00eamios de Salda\u00f1a e Culkin tamb\u00e9m inclui vit\u00f3rias no <a href=\"https:\/\/www.nj.com\/entertainment\/2025\/01\/nj-golden-globes-wins-zoe-saldana-sebastian-stan-and-more-take-home-awards.html\" target=\"_blank\" rel=\"\" title=\"https:\/\/www.nj.com\/entertainment\/2025\/01\/nj-golden-globes-wins-zoe-saldana-sebastian-stan-and-more-take-home-awards.html\">Globo de Ouro<\/a>Assim, <a href=\"https:\/\/www.nj.com\/entertainment\/2025\/02\/anora-from-njs-sean-baker-wins-best-picture-at-critics-choice-awards-see-more-jersey-wins.html\" target=\"_blank\" rel=\"\" title=\"https:\/\/www.nj.com\/entertainment\/2025\/02\/anora-from-njs-sean-baker-wins-best-picture-at-critics-choice-awards-see-more-jersey-wins.html\">Critics Choice Awards<\/a> e <a href=\"https:\/\/www.nj.com\/entertainment\/2025\/02\/njs-sean-baker-zoe-saldana-jesse-eisenberg-win-baftas-on-road-to-oscars.html\" target=\"_blank\" rel=\"\" title=\"https:\/\/www.nj.com\/entertainment\/2025\/02\/njs-sean-baker-zoe-saldana-jesse-eisenberg-win-baftas-on-road-to-oscars.html\">BAFTAS<\/a>.<\/p>\n<p class=\"article__paragraph article__paragraph--left\" id=\"6X3UROACX5FXDMVR3XBPXF4DGE\">Outra conex\u00e3o de Jersey pode ser encontrada em uma das outras grandes vit\u00f3rias no SAG Awards &#8211; excelente desempenho de um elenco em um filme, tamb\u00e9m conhecido como melhor conjunto. <\/p>\n<figure class=\"article__image\">\n<div class=\"article__image-wrapper\"><picture><source media=\"(max-width: 500px)\" srcset=\"https:\/\/www.nj.com\/resizer\/v2\/SQVT57IQLFAB7GYSSMKL6R6ARE.jpg?auth=522e84f1d9fc568f7bb9ed3e7ea31f28f7ce7ff0d8ea2349dc3d51803fa3b4f6&#038;width=500&#038;quality=90 500w\"\/><source media=\"(max-width: 800px)\" srcset=\"https:\/\/www.nj.com\/resizer\/v2\/SQVT57IQLFAB7GYSSMKL6R6ARE.jpg?auth=522e84f1d9fc568f7bb9ed3e7ea31f28f7ce7ff0d8ea2349dc3d51803fa3b4f6&#038;width=800&#038;quality=90 800w\"\/><source srcset=\"https:\/\/www.nj.com\/resizer\/v2\/SQVT57IQLFAB7GYSSMKL6R6ARE.jpg?auth=522e84f1d9fc568f7bb9ed3e7ea31f28f7ce7ff0d8ea2349dc3d51803fa3b4f6&#038;width=1280&#038;quality=90 1280w\"\/><img loading=\"lazy\" src=\"https:\/\/www.nj.com\/resizer\/v2\/SQVT57IQLFAB7GYSSMKL6R6ARE.jpg?auth=522e84f1d9fc568f7bb9ed3e7ea31f28f7ce7ff0d8ea2349dc3d51803fa3b4f6&#038;width=500&#038;quality=90\" sizes=\"auto, 50vw\" fetchpriority=\"low\" alt=\"Ff\" decoding=\"async\" class=\"article__image-content\" height=\"600\" width=\"300\"\/><\/picture><figcaption class=\"article__image-caption\">\n<p class=\"article__mm-image-caption-text\">Ralph Fiennes em &#8220;Conclave&#8221;. Quando o elenco do filme apresentou o filme no The Sags, eles desejaram um r\u00e1pido recupera\u00e7\u00e3o do papa Francisco.<span class=\"article__mm-image-credit\">Recursos de foco<\/span><\/p>\n<\/figcaption><\/div>\n<\/figure>\n<p class=\"article__paragraph article__paragraph--left\" id=\"W35GQFXEYFBGJO37WB2YFIR7HQ\">\u201c\u201c<a href=\"https:\/\/www.nj.com\/entertainment\/2025\/02\/inside-conclave-with-nj-producer-behind-oscar-nominated-movie-winning-awards.html\" target=\"_blank\" rel=\"\" title=\"https:\/\/www.nj.com\/entertainment\/2025\/02\/inside-conclave-with-nj-producer-behind-oscar-nominated-movie-winning-awards.html\">Conclave<\/a>&#8220;Conquistou&#8221; Wicked &#8220;,&#8221; Anora &#8220;,&#8221; um completo desconhecido &#8220;e&#8221; Emilia P\u00e9rez &#8220;.<\/p>\n<p class=\"article__paragraph article__paragraph--left\" id=\"OZWG24X22JHYFPCGZD6G4N662M\">Um dos produtores do filme \u00e9 o Westfield&#8217;s <a href=\"https:\/\/www.nj.com\/entertainment\/2025\/02\/inside-conclave-with-nj-producer-behind-oscar-nominated-movie-winning-awards.html\" target=\"_blank\" rel=\"\" title=\"https:\/\/www.nj.com\/entertainment\/2025\/02\/inside-conclave-with-nj-producer-behind-oscar-nominated-movie-winning-awards.html\">Michael Jackman<\/a>.<\/p>\n<p class=\"article__paragraph article__paragraph--left\" id=\"VX6ALSMUVJABJKFRH2M2BGKHE4\">\u201c\u201c<a href=\"https:\/\/www.nj.com\/entertainment\/2025\/02\/inside-conclave-with-nj-producer-behind-oscar-nominated-movie-winning-awards.html\" target=\"_blank\" rel=\"\" title=\"https:\/\/www.nj.com\/entertainment\/2025\/02\/inside-conclave-with-nj-producer-behind-oscar-nominated-movie-winning-awards.html\">Conclave<\/a>\u201d\u00c9 uma hist\u00f3ria ambientada no Vaticano, dentro da sele\u00e7\u00e3o de um novo papa. A reuni\u00e3o de cardeais traz bastante <a href=\"https:\/\/www.nj.com\/entertainment\/2025\/02\/inside-conclave-with-nj-producer-behind-oscar-nominated-movie-winning-awards.html\" target=\"_blank\" rel=\"\" title=\"https:\/\/www.nj.com\/entertainment\/2025\/02\/inside-conclave-with-nj-producer-behind-oscar-nominated-movie-winning-awards.html\">Intriga e pol\u00edtica<\/a>. <\/p>\n<p class=\"article__paragraph article__paragraph--left\" id=\"77HWX6TWLBDI5D56R4TGJJWRYM\"><b>Leia mais: <\/b><a href=\"https:\/\/www.nj.com\/entertainment\/2025\/02\/inside-conclave-with-nj-producer-behind-oscar-nominated-movie-winning-awards.html\" target=\"_blank\" rel=\"\" title=\"https:\/\/www.nj.com\/entertainment\/2025\/02\/inside-conclave-with-nj-producer-behind-oscar-nominated-movie-winning-awards.html\"><b>Dentro de &#8216;Conclave&#8217; com o produtor de NJ por tr\u00e1s dos pr\u00eamios vencedores de filmes indicados ao Oscar<\/b><\/a><\/p>\n<p class=\"article__paragraph article__paragraph--left\" id=\"5QITIYENA5CORH7FKR2MOJRYYI\">Estrelas <a href=\"https:\/\/www.nj.com\/entertainment\/2025\/02\/inside-conclave-with-nj-producer-behind-oscar-nominated-movie-winning-awards.html\" target=\"_blank\" rel=\"\" title=\"https:\/\/www.nj.com\/entertainment\/2025\/02\/inside-conclave-with-nj-producer-behind-oscar-nominated-movie-winning-awards.html\">Ralph Fiennes<\/a>Assim, <a href=\"https:\/\/www.nj.com\/entertainment\/2025\/02\/inside-conclave-with-nj-producer-behind-oscar-nominated-movie-winning-awards.html\" target=\"_blank\" rel=\"\" title=\"https:\/\/www.nj.com\/entertainment\/2025\/02\/inside-conclave-with-nj-producer-behind-oscar-nominated-movie-winning-awards.html\">Isabella Rossellini<\/a>Assim, <a href=\"https:\/\/www.nj.com\/entertainment\/2025\/02\/inside-conclave-with-nj-producer-behind-oscar-nominated-movie-winning-awards.html\" target=\"_blank\" rel=\"\" title=\"https:\/\/www.nj.com\/entertainment\/2025\/02\/inside-conclave-with-nj-producer-behind-oscar-nominated-movie-winning-awards.html\">John Lithgow<\/a> e <a href=\"https:\/\/www.nj.com\/entertainment\/2025\/02\/inside-conclave-with-nj-producer-behind-oscar-nominated-movie-winning-awards.html\" target=\"_blank\" rel=\"\" title=\"https:\/\/www.nj.com\/entertainment\/2025\/02\/inside-conclave-with-nj-producer-behind-oscar-nominated-movie-winning-awards.html\">Sergio Castellitto<\/a> aceitou o pr\u00eamio como o verdadeiro papa, <a href=\"https:\/\/apnews.com\/article\/vatican-pope-pneumonia-06324d49846f26a24acec1da5fc74ab2\" target=\"_blank\" rel=\"\" title=\"https:\/\/apnews.com\/article\/vatican-pope-pneumonia-06324d49846f26a24acec1da5fc74ab2\">Papa Francis<\/a>permaneceu em <a href=\"https:\/\/apnews.com\/article\/vatican-pope-pneumonia-06324d49846f26a24acec1da5fc74ab2\" target=\"_blank\" rel=\"\" title=\"https:\/\/apnews.com\/article\/vatican-pope-pneumonia-06324d49846f26a24acec1da5fc74ab2\">condi\u00e7\u00e3o cr\u00edtica com insufici\u00eancia renal precoce<\/a>. No in\u00edcio da cerim\u00f4nia, ao apresentar o filme, eles desejaram uma recupera\u00e7\u00e3o r\u00e1pida. <\/p>\n<p class=\"article__paragraph article__paragraph--left\" id=\"O5F7LEUWH5CTDCCKQFWXY7UB7M\">Fiennes, que lidera o filme como <a href=\"https:\/\/www.nj.com\/entertainment\/2025\/02\/inside-conclave-with-nj-producer-behind-oscar-nominated-movie-winning-awards.html\" target=\"_blank\" rel=\"\" title=\"https:\/\/www.nj.com\/entertainment\/2025\/02\/inside-conclave-with-nj-producer-behind-oscar-nominated-movie-winning-awards.html\">Cardeal Thomas Lawrence<\/a>espelhou seu papel no filme como reitor do <a href=\"https:\/\/www.nj.com\/entertainment\/2025\/02\/inside-conclave-with-nj-producer-behind-oscar-nominated-movie-winning-awards.html\" target=\"_blank\" rel=\"\" title=\"https:\/\/www.nj.com\/entertainment\/2025\/02\/inside-conclave-with-nj-producer-behind-oscar-nominated-movie-winning-awards.html\">College of Cardinals<\/a> Quando ele falou pelo grupo de atores depois que eles ganharam o pr\u00eamio final da noite. <\/p>\n<p class=\"article__paragraph article__paragraph--left\" id=\"7LMF6KF62VFFLOARGSLM4P7D5M\">&#8220;N\u00e3o fui eleito para falar, fui designado para falar em nome de nosso conclave, nosso conjunto&#8221;, disse Fiennes, aceitando a honra com uma piscadela \u00e0 premissa do filme.<\/p>\n<p class=\"article__paragraph article__paragraph--left\" id=\"VFQG4XT3X5HWHH723Q4NACFNRQ\">\u201c\u201c<a href=\"https:\/\/www.nj.com\/entertainment\/2025\/02\/inside-conclave-with-nj-producer-behind-oscar-nominated-movie-winning-awards.html\" target=\"_blank\" rel=\"\" title=\"https:\/\/www.nj.com\/entertainment\/2025\/02\/inside-conclave-with-nj-producer-behind-oscar-nominated-movie-winning-awards.html\">Conclave<\/a>,&#8221; dirigido por <a href=\"https:\/\/www.nj.com\/entertainment\/2025\/02\/inside-conclave-with-nj-producer-behind-oscar-nominated-movie-winning-awards.html\" target=\"_blank\" rel=\"\" title=\"https:\/\/www.nj.com\/entertainment\/2025\/02\/inside-conclave-with-nj-producer-behind-oscar-nominated-movie-winning-awards.html\">Edward Berger<\/a>tamb\u00e9m ganhou <a href=\"https:\/\/www.nj.com\/entertainment\/2025\/02\/inside-conclave-with-nj-producer-behind-oscar-nominated-movie-winning-awards.html\" target=\"_blank\" rel=\"\" title=\"https:\/\/www.nj.com\/entertainment\/2025\/02\/inside-conclave-with-nj-producer-behind-oscar-nominated-movie-winning-awards.html\">Melhor foto<\/a> e o melhor filme brit\u00e2nico no <a href=\"https:\/\/www.nj.com\/entertainment\/2025\/02\/inside-conclave-with-nj-producer-behind-oscar-nominated-movie-winning-awards.html\" target=\"_blank\" rel=\"\" title=\"https:\/\/www.nj.com\/entertainment\/2025\/02\/inside-conclave-with-nj-producer-behind-oscar-nominated-movie-winning-awards.html\">BAFTAS<\/a>.<\/p>\n<section class=\"Stories-By-Author-module_wrapper__ezbcK Stories-By-Author-module_nj__Ap1-Y\"\/>\n<p class=\"article__paragraph article__paragraph--left\" id=\"FX6YNTZGAVF73LSH4SN3GZLQWI\"><i>Obrigado pela leitura. Por favor, considere apoiar <\/i><a href=\"http:\/\/nj.com\/\" target=\"_blank\" rel=\"\"><i>Nj.com<\/i><\/a><i>  com uma assinatura.<\/i><\/p>\n<p class=\"article__paragraph article__paragraph--left\" id=\"ABDJ7XJ3OVDJPNKCJU4OEV64HQ\"><i>Amy Kuperinsky pode ser alcan\u00e7ada em <\/i><a href=\"https:\/\/www.nj.com\/entertainment\/2025\/02\/mailto:akuperinsky@njadvancemedia.com\" target=\"_blank\" rel=\"\"><i>akuperinsky@njadvancemedia.com<\/i><\/a><i>  e seguido em <\/i><a href=\"http:\/\/www.twitter.com\/amykup\" target=\"_blank\" rel=\"\"><i>@Amykup<\/i><\/a><i>  no Twitter\/x, <\/i><a href=\"https:\/\/bsky.app\/profile\/amykup.bsky.social\" target=\"_blank\" rel=\"\"><i>@amykup.bsky.social<\/i><\/a><i>  em bluesky e <\/i><a href=\"https:\/\/www.instagram.com\/kupamy\/\" target=\"_blank\" rel=\"\"><i>@kupamy<\/i><\/a><i>  sobre <\/i><a href=\"https:\/\/www.instagram.com\/kupamy\/\" target=\"_blank\" rel=\"\"><i>Instagram<\/i><\/a><i>  e <\/i><a href=\"https:\/\/www.threads.net\/@kupamy\" target=\"_blank\" rel=\"\"><i>T\u00f3picos<\/i><\/a><i>. <\/i><\/p>\n<\/div>\n<p><script async src=\"\/\/platform.twitter.com\/widgets.js\" charset=\"utf-8\"><\/script><script async src=\"\/\/www.instagram.com\/embed.js\"><\/script><br \/>\n<br \/><br \/>\n<br \/><a href=\"https:\/\/www.nj.com\/entertainment\/2025\/02\/sag-award-wins-zoe-saldana-on-unions-and-freedom-conclave-among-nj-connected-awards.html\">Source link <\/a><\/p>","protected":false},"excerpt":{"rendered":"<p>Timoth\u00e9e Chalamet triunfou no 2025 SAG Awards Domingo para \u201cUm desconhecido completo\u201dUm filme ele filmado em Nova Jersey. Chalamet (veja mais sobre sua vit\u00f3ria e seu discurso de aceita\u00e7\u00e3o aqui)&hellip;<\/p>","protected":false},"author":1,"featured_media":88065,"comment_status":"closed","ping_status":"open","sticky":false,"template":"","format":"standard","meta":{"content-type":"","footnotes":""},"categories":[1],"tags":[],"class_list":["post-106013","post","type-post","status-publish","format-standard","has-post-thumbnail","hentry","category-uncategorized"],"_links":{"self":[{"href":"https:\/\/tvbrazilusa.com\/pt\/wp-json\/wp\/v2\/posts\/106013","targetHints":{"allow":["GET"]}}],"collection":[{"href":"https:\/\/tvbrazilusa.com\/pt\/wp-json\/wp\/v2\/posts"}],"about":[{"href":"https:\/\/tvbrazilusa.com\/pt\/wp-json\/wp\/v2\/types\/post"}],"author":[{"embeddable":true,"href":"https:\/\/tvbrazilusa.com\/pt\/wp-json\/wp\/v2\/users\/1"}],"replies":[{"embeddable":true,"href":"https:\/\/tvbrazilusa.com\/pt\/wp-json\/wp\/v2\/comments?post=106013"}],"version-history":[{"count":1,"href":"https:\/\/tvbrazilusa.com\/pt\/wp-json\/wp\/v2\/posts\/106013\/revisions"}],"predecessor-version":[{"id":106014,"href":"https:\/\/tvbrazilusa.com\/pt\/wp-json\/wp\/v2\/posts\/106013\/revisions\/106014"}],"wp:featuredmedia":[{"embeddable":true,"href":"https:\/\/tvbrazilusa.com\/pt\/wp-json\/wp\/v2\/media\/88065"}],"wp:attachment":[{"href":"https:\/\/tvbrazilusa.com\/pt\/wp-json\/wp\/v2\/media?parent=106013"}],"wp:term":[{"taxonomy":"category","embeddable":true,"href":"https:\/\/tvbrazilusa.com\/pt\/wp-json\/wp\/v2\/categories?post=106013"},{"taxonomy":"post_tag","embeddable":true,"href":"https:\/\/tvbrazilusa.com\/pt\/wp-json\/wp\/v2\/tags?post=106013"}],"curies":[{"name":"wp","href":"https:\/\/api.w.org\/{rel}","templated":true}]}}