{"id":106027,"date":"2025-02-20T17:18:19","date_gmt":"2025-02-20T17:18:19","guid":{"rendered":"https:\/\/tvbrazilusa.com\/2025\/02\/20\/quando-comeca-o-horario-de-verao-o-que-saber-na-fl\/"},"modified":"2025-02-24T09:07:04","modified_gmt":"2025-02-24T09:07:04","slug":"quando-comeca-o-horario-de-verao-o-que-saber-na-fl","status":"publish","type":"post","link":"https:\/\/tvbrazilusa.com\/pt\/2025\/02\/20\/quando-comeca-o-horario-de-verao-o-que-saber-na-fl\/","title":{"rendered":"Quando come\u00e7a o hor\u00e1rio de ver\u00e3o? O que saber na FL"},"content":{"rendered":"<p> <script async src=\"https:\/\/pagead2.googlesyndication.com\/pagead\/js\/adsbygoogle.js?client=ca-pub-8864793242727901\"\r\n     crossorigin=\"anonymous\"><\/script><br \/>\n<\/p>\n<div>\n<p>FLORIDA &#8211; \u00c9 quase hora de colocar os rel\u00f3gios \u00e0 frente uma hora e desfrutar do p\u00f4r do sol mais tarde na Fl\u00f3rida com o in\u00edcio do dia de ver\u00e3o no domingo, 9 de mar\u00e7o.<\/p>\n<\/div>\n<div>\n<p>H\u00e1 uma chance de que seja a \u00faltima vez que \u201csurgimos em frente\u201d, pois a pr\u00e1tica no segundo domingo de mar\u00e7o se tornou conhecida, ou que vamos deixar os rel\u00f3gios em paz.<\/p>\n<p>O presidente Donald Trump disse em um dezembro<a href=\"https:\/\/truthsocial.com\/@realDonaldTrump\/posts\/113647254141876924\" rel=\"nofollow\" target=\"_blank\"> Publique em sua verdade a plataforma social<\/a> que &#8220;o Partido Republicano usar\u00e1 seus melhores esfor\u00e7os para eliminar o hor\u00e1rio de ver\u00e3o, que tem um c\u00edrculo eleitoral pequeno, mas forte, mas n\u00e3o deveria!&#8221;<\/p>\n<\/div>\n<div>\n<p>&#8220;O tempo de economia do dia \u00e9 inconveniente e muito caro para a nossa na\u00e7\u00e3o&#8221;, escreveu ele. <\/p>\n<p>No entanto, n\u00e3o est\u00e1 claro se Trump favorece o tempo de economia padr\u00e3o ou de ver\u00e3o como um tempo permanente durante todo o ano. Em 2019, durante seu primeiro mandato na Casa Branca, Trump disse no<a href=\"https:\/\/x.com\/realDonaldTrump\/status\/1105110383227035654?ref_src=twsrc%5Etfw%7Ctwcamp%5Etweetembed%7Ctwterm%5E1105110383227035654%7Ctwgr%5Ee455831c6fcc734b6977354d94362cc3706aa5bf%7Ctwcon%5Es1_&#038;ref_url=https%3A%2F%2Fwww.cbsnews.com%2Fnews%2Fpresident-trump-supports-making-daylight-saving-time-permanent%2F\" rel=\"nofollow\" target=\"_blank\"> plataforma agora conhecida como x<\/a>\u201cFazer a luz do dia economizar tempo permanente est\u00e1 bem para mim!\u201d <\/p>\n<\/div>\n<div>\n<p>&#8220;Parece que as pessoas querem abolir as mudan\u00e7as de tempo irritante!&#8221; Elon Musk, consultor de efici\u00eancia do governo de Trump, disse em novembro <a href=\"https:\/\/x.com\/elonmusk\/status\/1861801650383659230?lang=en\" rel=\"nofollow\" target=\"_blank\">Postagem em x<\/a>que o empres\u00e1rio bilion\u00e1rio de tecnologia agora possui.<\/p>\n<p>N\u00e3o est\u00e1 claro se Trump e os republicanos pretendem priorizar a ado\u00e7\u00e3o de um tempo permanente durante todo o ano. Terminar as mudan\u00e7as do rel\u00f3gio requer a\u00e7\u00e3o pelo Congresso.<\/p>\n<\/div>\n<div>\n<p>Quase todo estado dos EUA considerou v\u00e1rias contas de fuso hor\u00e1rio desde 2015, de acordo com o <a href=\"https:\/\/www.ncsl.org\/transportation\/daylight-saving-time-state-legislation\" rel=\"nofollow\" target=\"_blank\">Confer\u00eancia Nacional de Legislaturas Estaduais<\/a>e 20 est\u00e3o prontos para entrar em vigor se o Congresso permitir.<\/p>\n<p>Em 2018, a Fl\u00f3rida foi o primeiro estado a aprovar legisla\u00e7\u00e3o que cimentou a observ\u00e2ncia do hor\u00e1rio de ver\u00e3o, aguardando a aprova\u00e7\u00e3o federal, de acordo com o NCSL.<\/p>\n<\/div>\n<div>\n<p>\u201cOuvi os americanos constantemente que eles est\u00e3o cansados \u200b\u200bde mudar seus rel\u00f3gios duas vezes por ano-\u00e9 uma pr\u00e1tica desnecess\u00e1ria e de d\u00e9cadas que \u00e9 mais um aborrecimento para as fam\u00edlias do que se beneficiar para eles&#8221;, &#8221; <a href=\"https:\/\/www.rickscott.senate.gov\/2025\/1\/sen-rick-scott-leads-bipartisan-bill-to-lock-the-clock#:~:text=In%202018%2C%20as%20Governor%20of,Daylight%20Saving%20Time%20year%2Dround.\" target=\"_blank\" rel=\"nofollow\">Sen. Rick Scott dos EUA<\/a> disse em um comunicado de imprensa em 8 de janeiro, depois de apresentar a Lei de Prote\u00e7\u00e3o ao Sol, que ele disse que tornaria o hor\u00e1rio de ver\u00e3o do padr\u00e3o durante todo o ano. <\/p>\n<p>&#8220;Em 2018, como governador da Fl\u00f3rida, assinei a legisla\u00e7\u00e3o que permitiria ao estado optar por n\u00e3o mudar o tempo e fui um esfor\u00e7o importante para fazer isso no n\u00edvel federal. Estou animado por ter O presidente Trump de volta \u00e0 Casa Branca e totalmente a bordo para bloquear o rel\u00f3gio para que possamos aprovar esse bom projeto de lei e fazer essa mudan\u00e7a de senso comum que simplificar\u00e1 e beneficiar\u00e1 a vida das fam\u00edlias americanas. \u201d<\/p>\n<p>Pesquisas ao longo dos anos &#8211; um <a href=\"https:\/\/docs.cdn.yougov.com\/etwjvohrxx\/Daylight_Saving_Time_Toplines_Crosstabs.pdf\" rel=\"nofollow\" target=\"_blank\">Pesquisa do YouGov<\/a> em 2023, a <a href=\"https:\/\/www.monmouth.edu\/polling-institute\/reports\/monmouthpoll_us_031522\/\" rel=\"nofollow\" target=\"_blank\">Enquete da Universidade de Monmouth<\/a> em 2022 e um <a href=\"https:\/\/apnorc.org\/projects\/daylight-saving-time-vs-standard-time\/\" rel=\"nofollow\" target=\"_blank\">Associated Press-NORC Poll<\/a> Em 2019 &#8211; demonstraram que a maioria dos americanos est\u00e1 cansada de brincar com seus rel\u00f3gios duas vezes por ano. Onde eles discordam \u00e9 se o tempo permanente deve ser padr\u00e3o ou de economia de ver\u00e3o.<\/p>\n<p>Uma pesquisa informal e n\u00e3o cient\u00edfica dos leitores de patch refletiu no outono no \u00faltimo refletir as conclus\u00f5es dessas e de outras pesquisas sobre <a href=\"https:\/\/patch.com\/us\/across-america\/dst-ends-its-time-ditch-twice-year-clock-changes-survey\">Mantenha ou diminua o hor\u00e1rio de ver\u00e3o<\/a>.<\/p>\n<p>\u201cO que quer que seja escolhido, apenas mantenha o mesmo. Pare de mudar os rel\u00f3gios! \u201d Um leitor da Virginia disse a Patch. \u201cEu literalmente tenho que decolar a segunda e ter\u00e7a -feira ap\u00f3s a primavera, ou meu trabalho sofre por uma semana. Leva tanto tempo para me ajustar. \u201d<\/p>\n<\/div>\n<div>\n<p>Aqueles que discutem o hor\u00e1rio de ver\u00e3o citam o benef\u00edcio econ\u00f4mico de mais luz do dia \u00e0 noite, quando as pessoas est\u00e3o fora da escola ou do trabalho e podem patrocinar mais empresas e restaurantes e participar de mais atividades comunit\u00e1rias ao ar livre. Outros citam pesquisas que sugerem que o tempo de poupan\u00e7a permanente reduz o crime.<\/p>\n<p>Especialistas m\u00e9dicos dizem que o hor\u00e1rio de ver\u00e3o interrompe os ritmos circadianos naturais do corpo humano. Aumentos no risco de ataques card\u00edacos e derrames, dist\u00farbios do humor e acidentes de tr\u00e2nsito devido \u00e0 diminui\u00e7\u00e3o do alerta tamb\u00e9m est\u00e3o associados ao interruptor de tempo. Os pais dizem que isso sai da hora de dormir de seus filhos.<\/p>\n<p>Em 2020, o <a href=\"https:\/\/pmc.ncbi.nlm.nih.gov\/articles\/PMC7954020\/#:~:text=It%20is%20the%20position%20of,for%20public%20health%20and%20safety.\" rel=\"nofollow\" target=\"_blank\">American Academy of Sleep Medicine disse<\/a> Ele acreditava que os Estados Unidos deveriam &#8220;eliminar as mudan\u00e7as sazonais de tempo em favor de um tempo nacional, fixo e durante todo o ano&#8221;.<\/p>\n<p>O DST durante todo o ano significaria que, no in\u00edcio de janeiro, o sol n\u00e3o subiria at\u00e9 bem depois das 8 horas da manh\u00e3 em muitas partes do pa\u00eds, particularmente no norte dos EUA e o tempo padr\u00e3o durante todo o ano, o tempo empurraria <a href=\"https:\/\/www.facebook.com\/AccuWeather\/posts\/rise-and-shine-heres-how-early-the-sun-would-wake-up-in-june-without-daylight-sa\/976412081010105\/\" rel=\"nofollow\" target=\"_blank\">Sunrises at\u00e9 as 4:30 da manh\u00e3<\/a> em algumas \u00e1reas.<\/p>\n<p>Se nada acontecer no n\u00edvel federal e o DST entrar em vigor conforme programado no domingo, 9 de mar\u00e7o, ele terminar\u00e1 no domingo, 2 de novembro &#8211; novamente assumindo que nada acontece em Washington para impedi -lo.<\/p>\n<\/div>\n<p><br \/>\n<br \/><a href=\"http:\/\/patch.com\/florida\/southtampa\/when-does-daylight-saving-time-begin-what-know-fl?utm_source=article-mostrecent&#038;utm_medium=rss&#038;utm_term=politics%20%26%20government&#038;utm_campaign=recirc&#038;utm_content=aol\">Source link <\/a><\/p>","protected":false},"excerpt":{"rendered":"<p>FLORIDA &#8211; \u00c9 quase hora de colocar os rel\u00f3gios \u00e0 frente uma hora e desfrutar do p\u00f4r do sol mais tarde na Fl\u00f3rida com o in\u00edcio do dia de ver\u00e3o&hellip;<\/p>","protected":false},"author":1,"featured_media":106028,"comment_status":"closed","ping_status":"open","sticky":false,"template":"","format":"standard","meta":{"content-type":"","footnotes":""},"categories":[1],"tags":[],"class_list":["post-106027","post","type-post","status-publish","format-standard","has-post-thumbnail","hentry","category-uncategorized"],"_links":{"self":[{"href":"https:\/\/tvbrazilusa.com\/pt\/wp-json\/wp\/v2\/posts\/106027","targetHints":{"allow":["GET"]}}],"collection":[{"href":"https:\/\/tvbrazilusa.com\/pt\/wp-json\/wp\/v2\/posts"}],"about":[{"href":"https:\/\/tvbrazilusa.com\/pt\/wp-json\/wp\/v2\/types\/post"}],"author":[{"embeddable":true,"href":"https:\/\/tvbrazilusa.com\/pt\/wp-json\/wp\/v2\/users\/1"}],"replies":[{"embeddable":true,"href":"https:\/\/tvbrazilusa.com\/pt\/wp-json\/wp\/v2\/comments?post=106027"}],"version-history":[{"count":1,"href":"https:\/\/tvbrazilusa.com\/pt\/wp-json\/wp\/v2\/posts\/106027\/revisions"}],"predecessor-version":[{"id":106029,"href":"https:\/\/tvbrazilusa.com\/pt\/wp-json\/wp\/v2\/posts\/106027\/revisions\/106029"}],"wp:featuredmedia":[{"embeddable":true,"href":"https:\/\/tvbrazilusa.com\/pt\/wp-json\/wp\/v2\/media\/106028"}],"wp:attachment":[{"href":"https:\/\/tvbrazilusa.com\/pt\/wp-json\/wp\/v2\/media?parent=106027"}],"wp:term":[{"taxonomy":"category","embeddable":true,"href":"https:\/\/tvbrazilusa.com\/pt\/wp-json\/wp\/v2\/categories?post=106027"},{"taxonomy":"post_tag","embeddable":true,"href":"https:\/\/tvbrazilusa.com\/pt\/wp-json\/wp\/v2\/tags?post=106027"}],"curies":[{"name":"wp","href":"https:\/\/api.w.org\/{rel}","templated":true}]}}