{"id":106053,"date":"2025-02-24T11:05:42","date_gmt":"2025-02-24T11:05:42","guid":{"rendered":"https:\/\/tvbrazilusa.com\/2025\/02\/24\/diretora-e-ameacada-por-estudantes-apos-cumprir-lei-que-proibe-uso-de-celulares-nas-escolas\/"},"modified":"2025-02-24T11:05:43","modified_gmt":"2025-02-24T11:05:43","slug":"diretora-e-ameacada-por-estudantes-apos-cumprir-lei-que-proibe-uso-de-celulares-nas-escolas","status":"publish","type":"post","link":"https:\/\/tvbrazilusa.com\/pt\/2025\/02\/24\/diretora-e-ameacada-por-estudantes-apos-cumprir-lei-que-proibe-uso-de-celulares-nas-escolas\/","title":{"rendered":"Diretora \u00e9 amea\u00e7ada por estudantes ap\u00f3s cumprir lei que pro\u00edbe uso de celulares nas escolas"},"content":{"rendered":"<p> <script async src=\"https:\/\/pagead2.googlesyndication.com\/pagead\/js\/adsbygoogle.js?client=ca-pub-8864793242727901\"\r\n     crossorigin=\"anonymous\"><\/script><br \/>\n<\/p>\n<div id=\"taboola-read-more\" style=\"display:block; width:100%\">\n<p>Uma diretora de uma escola estadual em S\u00e3o Jos\u00e9 de Mipibu, na Regi\u00e3o Metropolitana de Natal, foi amea\u00e7ada ap\u00f3s cumprir, na unidade em que trabalha, a lei nacional que pro\u00edbe o uso de celulares, que passou a valer neste ano em todo o Brasil ap\u00f3s san\u00e7\u00e3o do presidente Lula.\n<\/p>\n<p>Maria dos Prazeres da Silva, que \u00e9 professora e diretora da Escola Estadual Professor Francisco Barbosa, recebeu ame\u00e7as pessoalmente e pela internet, tanto de alunos como de parentes deles.<\/p>\n<p>A educadora registrou um boletim de ocorr\u00eancia na delegacia do Munic\u00edpio, ap\u00f3s amea\u00e7as contra ela e a fam\u00edlia, e o caso passou a ser investigado pela Pol\u00edcia Civil. O boletim foi registrado de forma indireta, sem citar os autores das amea\u00e7as.\n<\/p>\n<p>Em nota, a Secretaria de Estado da Educa\u00e7\u00e3o, do Esporte e do Lazer do Rio Grande do Norte informou que acompanha a situa\u00e7\u00e3o por meio da 2\u00aa Diretoria Regional de Educa\u00e7\u00e3o e &#8220;prestar\u00e1 o devido suporte \u00e0 gestora e \u00e0 equipe escolar&#8221;.\n<\/p>\n<p>A pasta disse ainda que &#8220;repudia qualquer forma de intimida\u00e7\u00e3o contra profissionais da educa\u00e7\u00e3o&#8221; e refor\u00e7a &#8220;que a regulamenta\u00e7\u00e3o do uso de celulares nas escolas segue a legisla\u00e7\u00e3o nacional e estadual vigente&#8221;.<br \/>O caso foi registrado como crime de amea\u00e7a, previsto no artigo 147 do C\u00f3digo Penal Brasileiro e que prev\u00ea deten\u00e7\u00e3o de um a seis meses ou multa. O texto diz que \u00e9 crime:\n<\/p>\n<p>\ud83d\udea8 Art. 147: &#8220;Amea\u00e7ar algu\u00e9m, por palavra, escrito ou gesto, ou qualquer outro meio simb\u00f3lico, de causar-lhe mal injusto e grave&#8221;.\n<\/p>\n<p>A diretora Maria dos Prazeres da Silva diz alunos resistirem a proibi\u00e7\u00f5es \u00e9 algo que \u00e9 previsto pelos educadores, mas as amea\u00e7as surpreenderam.\n<\/p>\n<p>&#8220;A resist\u00eancia deles vai existir sempre, porque a gente tem regras. Para uso de fardamento, para uso da garrafa, para entrada e sa\u00edda da escola. Tudo eles t\u00eam resist\u00eancia. O que for pra eles n\u00e3o poderem fazer eles v\u00e3o ter resist\u00eancia. O celular n\u00e3o vai ser diferente, e a gente entende&#8221;, disse.\n<\/p>\n<p>&#8220;Ent\u00e3o a gente j\u00e1 estava preparado para enfrentar essa resist\u00eancia. O que n\u00e3o estou preparada \u00e9 para as amea\u00e7as que sofri&#8221;, disse a diretora.\n<\/p>\n<p>&#8216;N\u00e3o vou deixar de realizar o meu trabalho&#8217;<br \/>A Escola Estadual Professor Francisco Barbosa, na qual Maria dos Prazeres da Silva \u00e9 diretora, tem mais de 1 mil alunos matriculados divididos em tr\u00eas turnos. A maioria dos estudantes s\u00e3o adolescentes.\n<\/p>\n<p>Antes do in\u00edcio do ano letivo, pais e alunos foram avisados da proibi\u00e7\u00e3o do uso de celulares na escola, seguindo a lei que passou a valer em todo o Brasil.\n<\/p>\n<p>A medida adotada pela dire\u00e7\u00e3o foi a recomenda\u00e7\u00e3o para os alunos sequer levassem o aparelho para a escola, j\u00e1 que n\u00e3o poderiam us\u00e1-lo.\n<\/p>\n<p>O caso da diretora ficou conhecido ap\u00f3s ela desabafar sobre as amea\u00e7as que sofreu em um v\u00eddeo que rodou nas redes sociais.\n<\/p>\n<p>&#8220;N\u00e3o vou deixar de realizar o meu trabalho, n\u00e3o vou deixar de cumprir o que \u00e9 necess\u00e1rio. Pais e respons\u00e1veis, eduquem seus filhos pra eles saberem que a viol\u00eancia n\u00e3o \u00e9 o caminho. Desobedecer as regras n\u00e3o \u00e9 o caminho&#8221;, disse a diretora no v\u00eddeo.<br \/>Antes mesmo da lei federal, no Rio Grande do Norte j\u00e1 existia uma lei aprovada pela Assembleia Legislativa, e promulgada em janeiro de 2024, que proibia o uso de celulares nas salas de aulas, mas que n\u00e3o chegou a ser regulamentada.\n<\/p>\n<p>&#8220;Eu n\u00e3o fiz nada que n\u00e3o estivesse dentro da lei. Agora eles fizeram, como insistir em usar o celular mesmo sabendo que estava proibido. As amea\u00e7as, quando envolvem fam\u00edlia, quando envolvem a vida&#8230;&#8221;, disse.\n<\/p>\n<p>&#8220;Eu n\u00e3o posso, como eles disseram, ser uma hero\u00edna morta, e tamb\u00e9m n\u00e3o quero ser uma hero\u00edna viva. Eu quero ser uma m\u00e3e viva, uma mulher viva, uma irm\u00e3 viva, e e quero ser uma professora viva, mas tamb\u00e9m respeitada&#8221;.<\/p>\n<p>Fonte: G1              <\/p>\n<\/div>\n<p><br \/>\n<br \/><a href=\"https:\/\/diariodobrasilnoticias.com.br\/noticia\/diretora-e-ameacada-por-estudantes-apos-cumprir-lei-que-proibe-uso-de-celulares-nas-escolas-67bc4f214ac27\">Source link <\/a><\/p>","protected":false},"excerpt":{"rendered":"<p>Uma diretora de uma escola estadual em S\u00e3o Jos\u00e9 de Mipibu, na Regi\u00e3o Metropolitana de Natal, foi amea\u00e7ada ap\u00f3s cumprir, na unidade em que trabalha, a lei nacional que pro\u00edbe&hellip;<\/p>","protected":false},"author":1,"featured_media":106054,"comment_status":"closed","ping_status":"open","sticky":false,"template":"","format":"standard","meta":{"content-type":"","footnotes":""},"categories":[16],"tags":[123,2448,5313,1267],"class_list":["post-106053","post","type-post","status-publish","format-standard","has-post-thumbnail","hentry","category-noticias","tag-brasil","tag-diario","tag-noticia","tag-noticias"],"_links":{"self":[{"href":"https:\/\/tvbrazilusa.com\/pt\/wp-json\/wp\/v2\/posts\/106053","targetHints":{"allow":["GET"]}}],"collection":[{"href":"https:\/\/tvbrazilusa.com\/pt\/wp-json\/wp\/v2\/posts"}],"about":[{"href":"https:\/\/tvbrazilusa.com\/pt\/wp-json\/wp\/v2\/types\/post"}],"author":[{"embeddable":true,"href":"https:\/\/tvbrazilusa.com\/pt\/wp-json\/wp\/v2\/users\/1"}],"replies":[{"embeddable":true,"href":"https:\/\/tvbrazilusa.com\/pt\/wp-json\/wp\/v2\/comments?post=106053"}],"version-history":[{"count":1,"href":"https:\/\/tvbrazilusa.com\/pt\/wp-json\/wp\/v2\/posts\/106053\/revisions"}],"predecessor-version":[{"id":106055,"href":"https:\/\/tvbrazilusa.com\/pt\/wp-json\/wp\/v2\/posts\/106053\/revisions\/106055"}],"wp:featuredmedia":[{"embeddable":true,"href":"https:\/\/tvbrazilusa.com\/pt\/wp-json\/wp\/v2\/media\/106054"}],"wp:attachment":[{"href":"https:\/\/tvbrazilusa.com\/pt\/wp-json\/wp\/v2\/media?parent=106053"}],"wp:term":[{"taxonomy":"category","embeddable":true,"href":"https:\/\/tvbrazilusa.com\/pt\/wp-json\/wp\/v2\/categories?post=106053"},{"taxonomy":"post_tag","embeddable":true,"href":"https:\/\/tvbrazilusa.com\/pt\/wp-json\/wp\/v2\/tags?post=106053"}],"curies":[{"name":"wp","href":"https:\/\/api.w.org\/{rel}","templated":true}]}}