{"id":106071,"date":"2025-02-24T12:19:01","date_gmt":"2025-02-24T12:19:01","guid":{"rendered":"https:\/\/tvbrazilusa.com\/2025\/02\/24\/extra-diario-jornalista-da-globo-news-diz-que-ministro-alexandre-de-moraes-esta-tranquilo-com-acao-nos-eua-nao-tenho-um-centavo-fora-do-brasil-veja-video\/"},"modified":"2025-02-24T12:19:04","modified_gmt":"2025-02-24T12:19:04","slug":"extra-diario-jornalista-da-globo-news-diz-que-ministro-alexandre-de-moraes-esta-tranquilo-com-acao-nos-eua-nao-tenho-um-centavo-fora-do-brasil-veja-video","status":"publish","type":"post","link":"https:\/\/tvbrazilusa.com\/pt\/2025\/02\/24\/extra-diario-jornalista-da-globo-news-diz-que-ministro-alexandre-de-moraes-esta-tranquilo-com-acao-nos-eua-nao-tenho-um-centavo-fora-do-brasil-veja-video\/","title":{"rendered":"Extra Di\u00e1rio: Jornalista da Globo News diz que ministro Alexandre de Moraes est\u00e1 tranquilo com a\u00e7\u00e3o nos EUA: &#8216;n\u00e3o tenho um centavo fora do Brasil; VEJA V\u00cdDEO"},"content":{"rendered":"<p> <script async src=\"https:\/\/pagead2.googlesyndication.com\/pagead\/js\/adsbygoogle.js?client=ca-pub-8864793242727901\"\r\n     crossorigin=\"anonymous\"><\/script><br \/>\n<\/p>\n<div>\n<p data-start=\"0\" data-end=\"555\" data-is-last-node=\"\" data-is-only-node=\"\">Durante uma transmiss\u00e3o na GloboNews, uma jornalista afirmou que o ministro do STF, Alexandre de Moraes, est\u00e1 tranquilo diante da a\u00e7\u00e3o movida contra ele nos Estados Unidos. Segundo a rep\u00f3rter, Moraes teria destacado que n\u00e3o possui \u201cum centavo fora do Brasil\u201d e n\u00e3o v\u00ea raz\u00f5es para preocupa\u00e7\u00e3o com o processo. A declara\u00e7\u00e3o surge em meio a debates sobre sua atua\u00e7\u00e3o no Judici\u00e1rio e o impacto de suas decis\u00f5es em investiga\u00e7\u00f5es sobre desinforma\u00e7\u00e3o e ataques \u00e0 democracia.\u00a0\n<\/p>\n<p data-start=\"0\" data-end=\"555\" data-is-last-node=\"\" data-is-only-node=\"\">ASSISTA:<\/p>\n<p data-start=\"0\" data-end=\"555\" data-is-last-node=\"\" data-is-only-node=\"\">\u00a0\n<\/p>\n<p data-start=\"0\" data-end=\"555\" data-is-last-node=\"\" data-is-only-node=\"\">Fonte: Globo News\n<\/p>\n<\/div>\n<p><br \/>\n<br \/><a href=\"https:\/\/diariodobrasilnoticias.com.br\/noticia\/extra-diario-jornalista-da-globo-news-diz-que-ministro-alexandre-de-moraes-esta-tranquilo-com-acao-nos-eua-nao-tenho-um-centavo-fora-do-brasil-veja-video-67bc45b0b3ce0\">Source link <\/a><\/p>","protected":false},"excerpt":{"rendered":"<p>Durante uma transmiss\u00e3o na GloboNews, uma jornalista afirmou que o ministro do STF, Alexandre de Moraes, est\u00e1 tranquilo diante da a\u00e7\u00e3o movida contra ele nos Estados Unidos. Segundo a rep\u00f3rter,&hellip;<\/p>","protected":false},"author":1,"featured_media":106072,"comment_status":"closed","ping_status":"open","sticky":false,"template":"","format":"standard","meta":{"content-type":"","footnotes":""},"categories":[16],"tags":[123,2448,5313,1267],"class_list":["post-106071","post","type-post","status-publish","format-standard","has-post-thumbnail","hentry","category-noticias","tag-brasil","tag-diario","tag-noticia","tag-noticias"],"_links":{"self":[{"href":"https:\/\/tvbrazilusa.com\/pt\/wp-json\/wp\/v2\/posts\/106071","targetHints":{"allow":["GET"]}}],"collection":[{"href":"https:\/\/tvbrazilusa.com\/pt\/wp-json\/wp\/v2\/posts"}],"about":[{"href":"https:\/\/tvbrazilusa.com\/pt\/wp-json\/wp\/v2\/types\/post"}],"author":[{"embeddable":true,"href":"https:\/\/tvbrazilusa.com\/pt\/wp-json\/wp\/v2\/users\/1"}],"replies":[{"embeddable":true,"href":"https:\/\/tvbrazilusa.com\/pt\/wp-json\/wp\/v2\/comments?post=106071"}],"version-history":[{"count":1,"href":"https:\/\/tvbrazilusa.com\/pt\/wp-json\/wp\/v2\/posts\/106071\/revisions"}],"predecessor-version":[{"id":106073,"href":"https:\/\/tvbrazilusa.com\/pt\/wp-json\/wp\/v2\/posts\/106071\/revisions\/106073"}],"wp:featuredmedia":[{"embeddable":true,"href":"https:\/\/tvbrazilusa.com\/pt\/wp-json\/wp\/v2\/media\/106072"}],"wp:attachment":[{"href":"https:\/\/tvbrazilusa.com\/pt\/wp-json\/wp\/v2\/media?parent=106071"}],"wp:term":[{"taxonomy":"category","embeddable":true,"href":"https:\/\/tvbrazilusa.com\/pt\/wp-json\/wp\/v2\/categories?post=106071"},{"taxonomy":"post_tag","embeddable":true,"href":"https:\/\/tvbrazilusa.com\/pt\/wp-json\/wp\/v2\/tags?post=106071"}],"curies":[{"name":"wp","href":"https:\/\/api.w.org\/{rel}","templated":true}]}}