{"id":106077,"date":"2025-02-24T12:46:22","date_gmt":"2025-02-24T12:46:22","guid":{"rendered":"https:\/\/tvbrazilusa.com\/2025\/02\/24\/processo-revela-que-a-justica-brasileira-nao-conseguiu-comprovar-a-interpol-os-supostos-crimes-de-allan-dos-santos\/"},"modified":"2025-02-24T12:46:23","modified_gmt":"2025-02-24T12:46:23","slug":"processo-revela-que-a-justica-brasileira-nao-conseguiu-comprovar-a-interpol-os-supostos-crimes-de-allan-dos-santos","status":"publish","type":"post","link":"https:\/\/tvbrazilusa.com\/pt\/2025\/02\/24\/processo-revela-que-a-justica-brasileira-nao-conseguiu-comprovar-a-interpol-os-supostos-crimes-de-allan-dos-santos\/","title":{"rendered":"Processo revela que a Justi\u00e7a brasileira n\u00e3o conseguiu comprovar \u00e0 Interpol os supostos crimes de Allan dos Santos"},"content":{"rendered":"<p> <script async src=\"https:\/\/pagead2.googlesyndication.com\/pagead\/js\/adsbygoogle.js?client=ca-pub-8864793242727901\"\r\n     crossorigin=\"anonymous\"><\/script><br \/>\n<\/p>\n<div>\n<p class=\"postParagraph_post-paragraph__juWZN\">\u201cCom a investiga\u00e7\u00e3o agora acess\u00edvel ao p\u00fablico, comunicamos o desfecho de um pedido de revis\u00e3o instaurado por nosso escrit\u00f3rio junto \u00e0 Comiss\u00e3o de Controle dos Arquivos da Interpol (CCF), em Lyon, Fran\u00e7a. Nessa decis\u00e3o, a CCF assegurou o direito de nosso cliente \u00e0 exclus\u00e3o de suas informa\u00e7\u00f5es do sistema de difus\u00e3o vermelha Red Notice, os quais haviam sido inseridos por ordem do ministro Alexandre de Moraes\u201d, disse o advogado Renor Oliver Filho.\n<\/p>\n<p>Allan dos Santos mora nos Estados Unidos desde 2020, quando Moraes determinou sua pris\u00e3o. Por conta disso, o magistrado pediu a inser\u00e7\u00e3o do nome dele na difus\u00e3o vermelha da Interpol em 2021, com acesso p\u00fablico, j\u00e1 que a maioria normalmente n\u00e3o fica vis\u00edvel \u2013 \u201ca maioria dos Avisos Vermelhos s\u00e3o restritos apenas ao uso policial\u201d, diz a Interpol.\n<\/p>\n<p>No entanto, desde 2022 a Interpol pedia esclarecimentos sobre quais crimes foram imputados ao jornalista para justificar a necessidade de tornar o nome p\u00fablico no sistema. De acordo com um of\u00edcio ao qual a Gazeta do Povo teve acesso, o \u00f3rg\u00e3o pediu informa\u00e7\u00f5es como:\n<\/p>\n<ul>\n<li>Quais a\u00e7\u00f5es espec\u00edficas foram tomadas por Santos para ocultar ou dissimular a natureza de bens provenientes de um crime;<\/li>\n<li>A natureza do crime e como sabia que os bens eram produtos desse crime;<\/li>\n<li>Que a\u00e7\u00f5es espec\u00edficas foram realizadas para promover ou participar de uma organiza\u00e7\u00e3o criminosa;<\/li>\n<li>A defini\u00e7\u00e3o legal aplic\u00e1vel de \u201corganiza\u00e7\u00e3o criminosa\u201d e como a que ele participava atendia a essa defini\u00e7\u00e3o;<\/li>\n<li>E o encaminhamento de informa\u00e7\u00f5es que demonstrem que a pessoa procurada \u00e9 a mesma que cometeu os crimes indicados.<\/li>\n<\/ul>\n<p>\u201cAt\u00e9 o momento n\u00e3o houve a publica\u00e7\u00e3o da Not\u00edcia Vermelha em desfavor de Allan Lopes dos Santos, pois seria necess\u00e1rio que fossem prestados maiores esclarecimentos sobre o crime de lavagem de dinheiro praticado pelo foragido, em especial para que fosse trazida \u2018uma descri\u00e7\u00e3o sucinta e clara das atividades criminosas da pessoa procurada, incluindo a hora e o local da suposta atividade criminosa\u2019\u201d, escreveu a Interpol no of\u00edcio enviado a Moraes.\n<\/p>\n<p>A dificuldade da Pol\u00edcia Federal explicar \u00e0 Interpol as informa\u00e7\u00f5es pedidas levou at\u00e9 mesmo a um descontentamento de dois ju\u00edzes instrutores da equipe de Moraes, um no STF e outro no Tribunal Superior Eleitoral (TSE), segundo revelou a Folha de S. Paulo a partir de \u00e1udios vazados de um aplicativo de conversas.\n<\/p>\n<p>Al\u00e9m do \u00f3rg\u00e3o, eles se queixaram do Departamento de Estado dos Estados Unidos, que tamb\u00e9m pediu mais informa\u00e7\u00f5es sobre os supostos crimes praticados por ele para atender ao pedido de extradi\u00e7\u00e3o.\n<\/p>\n<p>Neste meio tempo, a defesa de Allan dos Santos protocolou um recurso diretamente com a Interpol para questionar a inser\u00e7\u00e3o do nome dele na lista, decis\u00e3o que foi atendida em outubro do ano passado e agora tornada p\u00fablica com o levantamento do sigilo do processo.\n<\/p>\n<p>\u201cO Secretariado Geral da Organiza\u00e7\u00e3o Internacional de Pol\u00edcia Criminal-INTERPOL certifica que, a partir de hoje [25 de outubro de 2024], o Sr. LOPES DOS SANTOS Allan, nascido em 17 de julho de 1983, n\u00e3o est\u00e1 sujeito a um Aviso ou difus\u00e3o da INTERPOL\u201d, disse a organiza\u00e7\u00e3o em of\u00edcio \u00e0 defesa do jornalista.\n<\/p>\n<div>\n<p class=\"postParagraph_post-paragraph__juWZN\">Renor Oliver Filho afirmou que o pr\u00f3ximo passo ser\u00e1 protocolar no STF um pedido de esclarecimentos e se inteirar dos autos. \u201c\u00c9 um volume imenso de documentos, s\u00e3o milhares de p\u00e1ginas que eram f\u00edsicas e agora foram digitalizadas. Queremos que o ministro suspenda todos os bloqueios contra o Ter\u00e7a Livre e revogue a pris\u00e3o dele\u201d, completou.\n<\/p>\n<\/div>\n<div>\n<p class=\"postParagraph_post-paragraph__juWZN\">A defesa de Allan dos Santos sustenta que a investiga\u00e7\u00e3o e decreto de pris\u00e3o caracterizam uma persegui\u00e7\u00e3o pol\u00edtica e que violam garantias processuais, amplo direito de defesa, bem como as liberdades de express\u00e3o e de imprensa.\n<\/p>\n<\/div>\n<div>\n<p class=\"postParagraph_post-paragraph__juWZN\">S\u00e3o direitos humanos assegurados n\u00e3o apenas pela Constitui\u00e7\u00e3o brasileira, mas tamb\u00e9m por tratados internacionais, como a pr\u00f3pria Declara\u00e7\u00e3o Universal dos Direitos Humanos e o Pacto de San Jos\u00e9 da Costa Rica, aplic\u00e1vel nas Am\u00e9ricas.\n<\/p>\n<p class=\"postParagraph_post-paragraph__juWZN\">\u00a0\n<\/p>\n<p class=\"postParagraph_post-paragraph__juWZN\">Fonte: Gazeta do Povo\n<\/p>\n<\/div>\n<\/div>\n<p><br \/>\n<br \/><a href=\"https:\/\/diariodobrasilnoticias.com.br\/noticia\/processo-revela-que-a-justica-brasileira-nao-conseguiu-comprovar-a-interpol-os-supostos-crimes-de-allan-dos-santos-67bc492e0aa6d\">Source link <\/a><\/p>","protected":false},"excerpt":{"rendered":"<p>\u201cCom a investiga\u00e7\u00e3o agora acess\u00edvel ao p\u00fablico, comunicamos o desfecho de um pedido de revis\u00e3o instaurado por nosso escrit\u00f3rio junto \u00e0 Comiss\u00e3o de Controle dos Arquivos da Interpol (CCF), em&hellip;<\/p>","protected":false},"author":1,"featured_media":106078,"comment_status":"closed","ping_status":"open","sticky":false,"template":"","format":"standard","meta":{"content-type":"","footnotes":""},"categories":[16],"tags":[123,2448,5313,1267],"class_list":["post-106077","post","type-post","status-publish","format-standard","has-post-thumbnail","hentry","category-noticias","tag-brasil","tag-diario","tag-noticia","tag-noticias"],"_links":{"self":[{"href":"https:\/\/tvbrazilusa.com\/pt\/wp-json\/wp\/v2\/posts\/106077","targetHints":{"allow":["GET"]}}],"collection":[{"href":"https:\/\/tvbrazilusa.com\/pt\/wp-json\/wp\/v2\/posts"}],"about":[{"href":"https:\/\/tvbrazilusa.com\/pt\/wp-json\/wp\/v2\/types\/post"}],"author":[{"embeddable":true,"href":"https:\/\/tvbrazilusa.com\/pt\/wp-json\/wp\/v2\/users\/1"}],"replies":[{"embeddable":true,"href":"https:\/\/tvbrazilusa.com\/pt\/wp-json\/wp\/v2\/comments?post=106077"}],"version-history":[{"count":1,"href":"https:\/\/tvbrazilusa.com\/pt\/wp-json\/wp\/v2\/posts\/106077\/revisions"}],"predecessor-version":[{"id":106079,"href":"https:\/\/tvbrazilusa.com\/pt\/wp-json\/wp\/v2\/posts\/106077\/revisions\/106079"}],"wp:featuredmedia":[{"embeddable":true,"href":"https:\/\/tvbrazilusa.com\/pt\/wp-json\/wp\/v2\/media\/106078"}],"wp:attachment":[{"href":"https:\/\/tvbrazilusa.com\/pt\/wp-json\/wp\/v2\/media?parent=106077"}],"wp:term":[{"taxonomy":"category","embeddable":true,"href":"https:\/\/tvbrazilusa.com\/pt\/wp-json\/wp\/v2\/categories?post=106077"},{"taxonomy":"post_tag","embeddable":true,"href":"https:\/\/tvbrazilusa.com\/pt\/wp-json\/wp\/v2\/tags?post=106077"}],"curies":[{"name":"wp","href":"https:\/\/api.w.org\/{rel}","templated":true}]}}