{"id":106080,"date":"2025-02-24T12:34:58","date_gmt":"2025-02-24T12:34:58","guid":{"rendered":"https:\/\/tvbrazilusa.com\/2025\/02\/24\/a-politica-de-cabelo-facial-dos-yankees-nao-e-a-unica-tradicao-que-muda-em-2025\/"},"modified":"2025-02-24T12:58:35","modified_gmt":"2025-02-24T12:58:35","slug":"a-politica-de-cabelo-facial-dos-yankees-nao-e-a-unica-tradicao-que-muda-em-2025","status":"publish","type":"post","link":"https:\/\/tvbrazilusa.com\/pt\/2025\/02\/24\/a-politica-de-cabelo-facial-dos-yankees-nao-e-a-unica-tradicao-que-muda-em-2025\/","title":{"rendered":"A pol\u00edtica de cabelo facial dos Yankees n\u00e3o \u00e9 a \u00fanica tradi\u00e7\u00e3o que muda em 2025"},"content":{"rendered":"<script async src=\"https:\/\/pagead2.googlesyndication.com\/pagead\/js\/adsbygoogle.js?client=ca-pub-8864793242727901\"\r\n     crossorigin=\"anonymous\"><\/script>\n<div>\n<p class=\"article__paragraph article__paragraph--left\" id=\"NEBJLYFH5FG7XCGPZKIUJJCHRA\">Pouco tempo depois do propriet\u00e1rio do Yankees, Hal Steinbrenner, anunciou o <a href=\"https:\/\/www.nj.com\/sports\/2025\/02\/bearded-ex-yankees-player-thought-their-policy-change-was-a-joke-at-first.html\" target=\"_blank\" rel=\"noreferrer\" title=\"https:\/\/www.nj.com\/sports\/2025\/02\/bearded-ex-yankees-player-thought-their-policy-change-was-a-joke-at-first.html\">Altera\u00e7\u00e3o da regra de cabelo facial de longa data da equipe<\/a>outra tradi\u00e7\u00e3o mudou.<\/p>\n<p class=\"article__paragraph article__paragraph--left\" id=\"M4XL273CVZEVRK5UPFYQGZDL5A\">Ap\u00f3s as perdas, os Yankees n\u00e3o interpretar\u00e3o mais o \u201c(tema de) Nova York, Nova York\u201d de Frank Sinatra, confirmou um porta -voz da equipe, via Via <a href=\"https:\/\/www.nytimes.com\/athletic\/6155176\/2025\/02\/23\/yankees-frank-sinatra-new-york-new-york\/?source=user_shared_article\" target=\"_blank\" rel=\"noreferrer\" title=\"https:\/\/www.nytimes.com\/athletic\/6155176\/2025\/02\/23\/yankees-frank-sinatra-new-york-new-york\/?source=user_shared_article\">O atl\u00e9tico<\/a>.<\/p>\n<p class=\"article__paragraph article__paragraph--left\" id=\"GLAPOIBBV5HMTPOKR5ELF2GK3E\">A m\u00fasica ic\u00f4nica tocava normalmente no Yankee Stadium ap\u00f3s a final de cada jogo, mas agora ser\u00e1 reservada para vit\u00f3rias. Uma rota\u00e7\u00e3o de m\u00fasicas agora ser\u00e1 tocada ap\u00f3s as derrotas.<\/p>\n<p class=\"article__paragraph article__paragraph--left\" id=\"TGRVFC5RD5HUVOYJB22RLVBRNM\">A tradi\u00e7\u00e3o \u201cNova York, Nova York\u201d come\u00e7ou em 1980, quando o ex -propriet\u00e1rio George Steinbrenner escreveu Sinatra uma carta para pedir permiss\u00e3o para tocar a m\u00fasica enquanto os f\u00e3s sa\u00edram do est\u00e1dio. Uma rota\u00e7\u00e3o diferente das m\u00fasicas de Sinatra agora tocar\u00e1 ap\u00f3s perdas.<\/p>\n<p class=\"article__paragraph article__paragraph--left\" id=\"DUYVMMIVANDKFBBPPR6VXLKVFI\">Outra tradi\u00e7\u00e3o de longa data foi retra\u00edda recentemente, quando Hal Steinbrenner divulgou um comunicado na sexta-feira <a href=\"https:\/\/www.nj.com\/yankees\/2025\/02\/would-george-approve-yankees-hal-steinbrenner-allowing-groomed-beards-but-keeps-rest-of-appearance-policy.html\" target=\"_blank\" rel=\"\" title=\"https:\/\/www.nj.com\/yankees\/2025\/02\/would-george-approve-yankees-hal-steinbrenner-allowing-groomed-beards-but-keeps-rest-of-appearance-policy.html\">anunciando que os Yankees proibiam os p\u00ealos faciais<\/a> estava chegando ao fim.<\/p>\n<p class=\"article__paragraph article__paragraph--left\" id=\"SEU4WAWXDJAXXCRZW7XSZ52V2E\">Agora, os jogadores de riscos podem manter &#8220;barbas bem arrumadas&#8221;, disse o an\u00fancio.<\/p>\n<p class=\"article__paragraph article__paragraph--left\" id=\"57LHAHRCUNHJTBQSVJ4Q5426ZY\">Aqui est\u00e1 a declara\u00e7\u00e3o completa de Steinbrenner:<\/p>\n<p class=\"article__paragraph article__paragraph--left\" id=\"FJXSE5HMTNG2LAF4ENGWGXQMDA\">\u201cNas \u00faltimas semanas, conversei com um grande n\u00famero de ianques antigos e atuais &#8211; abrangendo v\u00e1rias \u00e9pocas &#8211; para obter suas perspectivas sobre nossa longa pol\u00edtica de cabelos faciais e higiene, e aprecio o feedback s\u00e9rio e variado. Essas conversas mais recentes s\u00e3o uma extens\u00e3o do di\u00e1logo interno em andamento que remonta a v\u00e1rios anos.<\/p>\n<p class=\"article__paragraph article__paragraph--left\" id=\"P2UTCWW7UJCKTISJLW2ZOMVB2A\">\u201cEm \u00faltima an\u00e1lise, a decis\u00e3o final repousa comigo e, ap\u00f3s uma grande considera\u00e7\u00e3o, alteraremos nossas expectativas para permitir que nossos jogadores e pessoal uniformizado tenham barbas bem arrumadas avan\u00e7ando. \u00c9 o momento apropriado de ir al\u00e9m do conforto familiar de nossa pol\u00edtica anterior. \u201d<\/p>\n<section class=\"Stories-By-Section-Tag-module_wrapper__69Ed7 Stories-By-Section-Tag-module_nj__RFbQx\"\/>\n<p class=\"article__paragraph article__paragraph--left\" id=\"AWFBQP3CDJFFPE6RB6BJZKNI4A\"><i>Obrigado por confiar em n\u00f3s para fornecer o jornalismo em que voc\u00ea pode confiar. Por favor, considere nos apoiar com uma assinatura<\/i>.<\/p>\n<p class=\"article__paragraph article__paragraph--left\" id=\"45W2AG4Y2NFU5M4XIZ7Z5TBKVE\"><i>Bridget Hyland pode ser alcan\u00e7ado em <\/i><a href=\"https:\/\/www.nj.com\/sports\/2025\/02\/mailto:bhyland@njadvancemedia.com\" target=\"_blank\" rel=\"\"><i>bhyland@njadvancemedia.com<\/i><\/a><i>.<\/i><\/p>\n<\/div>\n<p><br \/>\n<br \/><a href=\"https:\/\/www.nj.com\/sports\/2025\/02\/yankees-facial-hair-policy-is-not-the-only-tradition-changing-in-2025.html\">Source link <\/a><\/p>","protected":false},"excerpt":{"rendered":"<p>Pouco tempo depois do propriet\u00e1rio do Yankees, Hal Steinbrenner, anunciou o Altera\u00e7\u00e3o da regra de cabelo facial de longa data da equipeoutra tradi\u00e7\u00e3o mudou. Ap\u00f3s as perdas, os Yankees n\u00e3o&hellip;<\/p>","protected":false},"author":1,"featured_media":75793,"comment_status":"closed","ping_status":"open","sticky":false,"template":"","format":"standard","meta":{"content-type":"","footnotes":""},"categories":[1],"tags":[],"class_list":["post-106080","post","type-post","status-publish","format-standard","has-post-thumbnail","hentry","category-uncategorized"],"_links":{"self":[{"href":"https:\/\/tvbrazilusa.com\/pt\/wp-json\/wp\/v2\/posts\/106080","targetHints":{"allow":["GET"]}}],"collection":[{"href":"https:\/\/tvbrazilusa.com\/pt\/wp-json\/wp\/v2\/posts"}],"about":[{"href":"https:\/\/tvbrazilusa.com\/pt\/wp-json\/wp\/v2\/types\/post"}],"author":[{"embeddable":true,"href":"https:\/\/tvbrazilusa.com\/pt\/wp-json\/wp\/v2\/users\/1"}],"replies":[{"embeddable":true,"href":"https:\/\/tvbrazilusa.com\/pt\/wp-json\/wp\/v2\/comments?post=106080"}],"version-history":[{"count":1,"href":"https:\/\/tvbrazilusa.com\/pt\/wp-json\/wp\/v2\/posts\/106080\/revisions"}],"predecessor-version":[{"id":106081,"href":"https:\/\/tvbrazilusa.com\/pt\/wp-json\/wp\/v2\/posts\/106080\/revisions\/106081"}],"wp:featuredmedia":[{"embeddable":true,"href":"https:\/\/tvbrazilusa.com\/pt\/wp-json\/wp\/v2\/media\/75793"}],"wp:attachment":[{"href":"https:\/\/tvbrazilusa.com\/pt\/wp-json\/wp\/v2\/media?parent=106080"}],"wp:term":[{"taxonomy":"category","embeddable":true,"href":"https:\/\/tvbrazilusa.com\/pt\/wp-json\/wp\/v2\/categories?post=106080"},{"taxonomy":"post_tag","embeddable":true,"href":"https:\/\/tvbrazilusa.com\/pt\/wp-json\/wp\/v2\/tags?post=106080"}],"curies":[{"name":"wp","href":"https:\/\/api.w.org\/{rel}","templated":true}]}}