{"id":10609,"date":"2024-07-28T13:32:24","date_gmt":"2024-07-28T13:32:24","guid":{"rendered":"https:\/\/tvbrazilusa.com\/2024\/07\/28\/homem-de-deltona-morre-em-acidente-na-i-4-no-condado-de-volusia-diz-fhp\/"},"modified":"2024-07-28T13:58:27","modified_gmt":"2024-07-28T13:58:27","slug":"homem-de-deltona-morre-em-acidente-na-i-4-no-condado-de-volusia-diz-fhp","status":"publish","type":"post","link":"https:\/\/tvbrazilusa.com\/pt\/2024\/07\/28\/homem-de-deltona-morre-em-acidente-na-i-4-no-condado-de-volusia-diz-fhp\/","title":{"rendered":"Homem de Deltona morre em acidente na I-4 no Condado de Volusia, diz FHP"},"content":{"rendered":"<script async src=\"https:\/\/pagead2.googlesyndication.com\/pagead\/js\/adsbygoogle.js?client=ca-pub-8864793242727901\"\r\n     crossorigin=\"anonymous\"><\/script>\n<div id=\"\">\n<p class=\"dist__Box-sc-1fnzlkn-0 dist__TextBase-sc-1fnzlkn-3 CGHCP htMUPQ article-text\"><strong>CONDADO DE VOLUSIA, Fl\u00f3rida.<\/strong> \u2013 Um homem foi ejetado de um sed\u00e3 e morreu em um acidente no s\u00e1bado \u00e0 noite na Interestadual 4 no Condado de Volusia, de acordo com a Patrulha Rodovi\u00e1ria da Fl\u00f3rida.<\/p>\n<p class=\"dist__Box-sc-1fnzlkn-0 dist__TextBase-sc-1fnzlkn-3 CGHCP htMUPQ article-text\">O acidente ocorreu por volta das 23h17 na I-4 sentido leste, perto do marcador de milha 106, na \u00e1rea de DeBary, disseram os policiais.<\/p>\n<p class=\"dist__Box-sc-1fnzlkn-0 dist__TextBase-sc-1fnzlkn-3 CGHCP htMUPQ article-text\">De acordo com um relat\u00f3rio de acidente da FHP, um homem de 28 anos de Deltona estava dirigindo um Nissan Altima 2011 acima do limite de velocidade publicado e n\u00e3o observou dois ve\u00edculos \u00e0 sua frente na faixa externa. A frente do Altima ent\u00e3o atingiu a traseira de um Kia Optima 2016, que ent\u00e3o colidiu com a traseira de um Nissan Rogue 2020, afirma o relat\u00f3rio.<\/p>\n<p class=\"dist__Box-sc-1fnzlkn-0 dist__TextBase-sc-1fnzlkn-3 CGHCP htMUPQ article-text\">O Altima saiu da estrada para a direita e foi para o acostamento externo, onde atingiu uma \u00e1rvore, de acordo com a FHP. O homem de Deltona foi ejetado do sedan e declarado morto no local, disseram os policiais, acrescentando que ele n\u00e3o estava usando cinto de seguran\u00e7a durante o acidente.<\/p>\n<p class=\"dist__Box-sc-1fnzlkn-0 dist__TextBase-sc-1fnzlkn-3 CGHCP htMUPQ article-text\">Os outros dois motoristas n\u00e3o ficaram feridos no acidente e permaneceram no local, disseram os policiais.<\/p>\n<p class=\"dist__Box-sc-1fnzlkn-0 dist__TextBase-sc-1fnzlkn-3 CGHCP htMUPQ article-text\">A FHP ainda est\u00e1 investigando.<\/p>\n<p class=\"dist__Box-sc-1fnzlkn-0 dist__TextBase-sc-1fnzlkn-3 CGHCP htMUPQ article-text\"><i>Observa\u00e7\u00e3o: este mapa descreve a \u00e1rea geral do acidente e n\u00e3o necessariamente sua localiza\u00e7\u00e3o exata.<\/i><\/p>\n<hr class=\"dist__Box-sc-1fnzlkn-0 dist__BaseDivider-sc-1fnzlkn-8 NJMqq\"\/>\n<p class=\"dist__Box-sc-1fnzlkn-0 dist__TextBase-sc-1fnzlkn-3 CGHCP htMUPQ article-text\"><b>Receba as manchetes de hoje em minutos com <\/b><a href=\"https:\/\/podcasts.apple.com\/us\/podcast\/your-florida-daily\/id1632084191\"><b>Seu di\u00e1rio da Fl\u00f3rida<\/b><\/a><b>:<\/b><\/p>\n<\/div>\n<p>Copyright 2024 por WKMG ClickOrlando &#8211; Todos os direitos reservados.<\/p>\n<p><br \/>\n<br \/><a href=\"https:\/\/www.clickorlando.com\/traffic\/2024\/07\/28\/deltona-man-killed-in-crash-on-i-4-in-volusia-county-fhp-says\/\">Source link <\/a><\/p>","protected":false},"excerpt":{"rendered":"<p>CONDADO DE VOLUSIA, Fl\u00f3rida. \u2013 Um homem foi ejetado de um sed\u00e3 e morreu em um acidente no s\u00e1bado \u00e0 noite na Interestadual 4 no Condado de Volusia, de acordo&hellip;<\/p>","protected":false},"author":1,"featured_media":10610,"comment_status":"closed","ping_status":"open","sticky":false,"template":"","format":"standard","meta":{"content-type":"","footnotes":""},"categories":[1],"tags":[1519,1260],"class_list":["post-10609","post","type-post","status-publish","format-standard","has-post-thumbnail","hentry","category-uncategorized","tag-condado-de-volusia","tag-trafego"],"_links":{"self":[{"href":"https:\/\/tvbrazilusa.com\/pt\/wp-json\/wp\/v2\/posts\/10609","targetHints":{"allow":["GET"]}}],"collection":[{"href":"https:\/\/tvbrazilusa.com\/pt\/wp-json\/wp\/v2\/posts"}],"about":[{"href":"https:\/\/tvbrazilusa.com\/pt\/wp-json\/wp\/v2\/types\/post"}],"author":[{"embeddable":true,"href":"https:\/\/tvbrazilusa.com\/pt\/wp-json\/wp\/v2\/users\/1"}],"replies":[{"embeddable":true,"href":"https:\/\/tvbrazilusa.com\/pt\/wp-json\/wp\/v2\/comments?post=10609"}],"version-history":[{"count":1,"href":"https:\/\/tvbrazilusa.com\/pt\/wp-json\/wp\/v2\/posts\/10609\/revisions"}],"predecessor-version":[{"id":10611,"href":"https:\/\/tvbrazilusa.com\/pt\/wp-json\/wp\/v2\/posts\/10609\/revisions\/10611"}],"wp:featuredmedia":[{"embeddable":true,"href":"https:\/\/tvbrazilusa.com\/pt\/wp-json\/wp\/v2\/media\/10610"}],"wp:attachment":[{"href":"https:\/\/tvbrazilusa.com\/pt\/wp-json\/wp\/v2\/media?parent=10609"}],"wp:term":[{"taxonomy":"category","embeddable":true,"href":"https:\/\/tvbrazilusa.com\/pt\/wp-json\/wp\/v2\/categories?post=10609"},{"taxonomy":"post_tag","embeddable":true,"href":"https:\/\/tvbrazilusa.com\/pt\/wp-json\/wp\/v2\/tags?post=10609"}],"curies":[{"name":"wp","href":"https:\/\/api.w.org\/{rel}","templated":true}]}}