{"id":106091,"date":"2025-02-24T13:41:28","date_gmt":"2025-02-24T13:41:28","guid":{"rendered":"https:\/\/tvbrazilusa.com\/2025\/02\/24\/musa-de-escola-de-samba-sofre-infarto-e-morre-horas-apos-desfilar\/"},"modified":"2025-02-24T13:41:29","modified_gmt":"2025-02-24T13:41:29","slug":"musa-de-escola-de-samba-sofre-infarto-e-morre-horas-apos-desfilar","status":"publish","type":"post","link":"https:\/\/tvbrazilusa.com\/pt\/2025\/02\/24\/musa-de-escola-de-samba-sofre-infarto-e-morre-horas-apos-desfilar\/","title":{"rendered":"Musa de escola de samba sofre infarto e morre horas ap\u00f3s desfilar"},"content":{"rendered":"<p> <script async src=\"https:\/\/pagead2.googlesyndication.com\/pagead\/js\/adsbygoogle.js?client=ca-pub-8864793242727901\"\r\n     crossorigin=\"anonymous\"><\/script><br \/>\n<\/p>\n<div id=\"taboola-read-more\" style=\"display:block; width:100%\">\n<p>A musa da escola de samba Independente de Boa Vista, Aline Bianca, de 38 anos, morreu neste domingo (23), horas ap\u00f3s desfilar pela agremia\u00e7\u00e3o no Carnaval de Vit\u00f3ria, no Esp\u00edrito Santo.\n<\/p>\n<p>De acordo com nota divulgada pela escola de samba, depois do desfile, Aline passou mal em casa e foi levada ao Hospital Meridional, em Serra, onde sofreu um infarto e n\u00e3o resistiu.<\/p>\n<p>Os desfiles das escolas de samba do Carnaval de Vit\u00f3ria come\u00e7aram \u00e0s 22h do \u00faltimo s\u00e1bado (22) e terminaram na manh\u00e3 deste domingo. A Independente de Boa Vista foi a sexta e pen\u00faltima agremia\u00e7\u00e3o do Grupo Especial a desfilar, no Samb\u00e3o do Povo, em Vit\u00f3ria.\n<\/p>\n<p>Em nota divulgada nas redes sociais, a escola de samba lamentou o falecimento de sua musa:\n<\/p>\n<p>\u201cAline desfilou com garra e brilho \u00e0 frente do segundo carro aleg\u00f3rico da nossa escola, representando a comunidade com toda sua paix\u00e3o pelo Carnaval. A Boa Vista lamenta imensamente essa perda e se solidariza com familiares e amigos neste momento de dor. Que Aline seja sempre lembrada por sua alegria, carisma e amor pelo samba\u201d, afirmou a escola.\n<\/p>\n<p>O vel\u00f3rio de Aline Bianca ser\u00e1 nesta segunda-feira (24), \u00e0s 10h, no Cemit\u00e9rio Jardim da Paz, em Serra. O sepultamento ocorrer\u00e1 no mesmo local, \u00e0s 14h.\n<\/p>\n<p>Fonte: CNN Brasil              <\/p>\n<\/div>\n<p><br \/>\n<br \/><a href=\"https:\/\/diariodobrasilnoticias.com.br\/noticia\/musa-de-escola-de-samba-sofre-infarto-e-morre-horas-apos-desfilar-67bc735159c79\">Source link <\/a><\/p>","protected":false},"excerpt":{"rendered":"<p>A musa da escola de samba Independente de Boa Vista, Aline Bianca, de 38 anos, morreu neste domingo (23), horas ap\u00f3s desfilar pela agremia\u00e7\u00e3o no Carnaval de Vit\u00f3ria, no Esp\u00edrito&hellip;<\/p>","protected":false},"author":1,"featured_media":106092,"comment_status":"closed","ping_status":"open","sticky":false,"template":"","format":"standard","meta":{"content-type":"","footnotes":""},"categories":[16],"tags":[123,2448,5313,1267],"class_list":["post-106091","post","type-post","status-publish","format-standard","has-post-thumbnail","hentry","category-noticias","tag-brasil","tag-diario","tag-noticia","tag-noticias"],"_links":{"self":[{"href":"https:\/\/tvbrazilusa.com\/pt\/wp-json\/wp\/v2\/posts\/106091","targetHints":{"allow":["GET"]}}],"collection":[{"href":"https:\/\/tvbrazilusa.com\/pt\/wp-json\/wp\/v2\/posts"}],"about":[{"href":"https:\/\/tvbrazilusa.com\/pt\/wp-json\/wp\/v2\/types\/post"}],"author":[{"embeddable":true,"href":"https:\/\/tvbrazilusa.com\/pt\/wp-json\/wp\/v2\/users\/1"}],"replies":[{"embeddable":true,"href":"https:\/\/tvbrazilusa.com\/pt\/wp-json\/wp\/v2\/comments?post=106091"}],"version-history":[{"count":1,"href":"https:\/\/tvbrazilusa.com\/pt\/wp-json\/wp\/v2\/posts\/106091\/revisions"}],"predecessor-version":[{"id":106093,"href":"https:\/\/tvbrazilusa.com\/pt\/wp-json\/wp\/v2\/posts\/106091\/revisions\/106093"}],"wp:featuredmedia":[{"embeddable":true,"href":"https:\/\/tvbrazilusa.com\/pt\/wp-json\/wp\/v2\/media\/106092"}],"wp:attachment":[{"href":"https:\/\/tvbrazilusa.com\/pt\/wp-json\/wp\/v2\/media?parent=106091"}],"wp:term":[{"taxonomy":"category","embeddable":true,"href":"https:\/\/tvbrazilusa.com\/pt\/wp-json\/wp\/v2\/categories?post=106091"},{"taxonomy":"post_tag","embeddable":true,"href":"https:\/\/tvbrazilusa.com\/pt\/wp-json\/wp\/v2\/tags?post=106091"}],"curies":[{"name":"wp","href":"https:\/\/api.w.org\/{rel}","templated":true}]}}