{"id":106094,"date":"2025-02-24T13:55:58","date_gmt":"2025-02-24T13:55:58","guid":{"rendered":"https:\/\/tvbrazilusa.com\/2025\/02\/24\/professor-e-sociologo-antonio-lavareda-fala-em-entrevista-a-cnn-que-lula-3-nao-fez-nada-nos-primeiros-dois-anos-de-governo-veja-declaracao\/"},"modified":"2025-02-24T13:55:59","modified_gmt":"2025-02-24T13:55:59","slug":"professor-e-sociologo-antonio-lavareda-fala-em-entrevista-a-cnn-que-lula-3-nao-fez-nada-nos-primeiros-dois-anos-de-governo-veja-declaracao","status":"publish","type":"post","link":"https:\/\/tvbrazilusa.com\/pt\/2025\/02\/24\/professor-e-sociologo-antonio-lavareda-fala-em-entrevista-a-cnn-que-lula-3-nao-fez-nada-nos-primeiros-dois-anos-de-governo-veja-declaracao\/","title":{"rendered":"Professor e soci\u00f3logo Ant\u00f4nio Lavareda fala, em entrevista \u00e0 CNN, que Lula 3 n\u00e3o fez nada nos primeiros dois anos de governo; veja declara\u00e7\u00e3o"},"content":{"rendered":"<p> <script async src=\"https:\/\/pagead2.googlesyndication.com\/pagead\/js\/adsbygoogle.js?client=ca-pub-8864793242727901\"\r\n     crossorigin=\"anonymous\"><\/script><br \/>\n<\/p>\n<div id=\"taboola-read-more\" style=\"display:block; width:100%\">\n<p>Para o professor, soci\u00f3logo e cientista pol\u00edtico Antonio Lavareda, o terceiro mandato do presidente Luiz In\u00e1cio Lula da Silva (PT) ainda n\u00e3o deixou uma marca de destaque como os dois primeiros.\n<\/p>\n<p>\u201cFaltou nesses dois anos \u2014 metade do mandato \u2014 uma mensagem central, uma narrativa sobre o significado do Lula 3\u201d, afirmou Lavareda. \u201cO Lula 1 foi o Lula da inclus\u00e3o social, o Lula 2 somou-se o PAC, e o Lula 3, especificamente, ningu\u00e9m sabe ainda a que veio\u201d, continuou.<\/p>\n<p>Conduzido por Clarissa Oliveira e Antonio Lavareda, o CNN Elei\u00e7\u00f5es 2026 marca sua estreia neste domingo (23) e discutiu a queda de popularidade do presidente, al\u00e9m de perspectivas da direita brasileira para o pr\u00f3ximo pleito.\n<\/p>\n<p>De acordo com o\u00a0<strong>\u00cdndice CNN\/Ipespe<\/strong>, o presidente perdeu, por m\u00eas, uma m\u00e9dia de 0,35 ponto percentual na sua popularidade desde janeiro de 2023.\n<\/p>\n<p>\u201c\u00c9 um percentual, como eu disse, os otimistas veem uma perspectiva. Olha a\u00ed, outro gr\u00e1fico: presidente perdeu, em m\u00e9dia, 0,35 pontos percentuais por m\u00eas, a m\u00e9dia, desde que come\u00e7ou. Mas \u00e9 motivo de preocupa\u00e7\u00e3o, tanto \u00e9 que v\u00eam as mudan\u00e7as, mudan\u00e7as de ministros, e essa reviravolta a\u00ed, essa tentativa de reviravolta da comunica\u00e7\u00e3o.\u201d\n<\/p>\n<p>Para a analista de pol\u00edtica Clarissa Oliveira, al\u00e9m da queda de popularidade, o governo enfrenta mais um desafio: a dificuldade com a articula\u00e7\u00e3o pol\u00edtica no Congresso.\n<\/p>\n<p>\u201cE o governo est\u00e1 indo em uma tend\u00eancia muito ruim com outro desafio ainda, que \u00e9 a perspectiva de um cen\u00e1rio, terreno muito dificultado, no Congresso Nacional. Ou seja, fica dif\u00edcil aprovar mudan\u00e7as estruturantes, projetos importantes, ajuste, fiscal. Tudo isso que \u00e9 uma li\u00e7\u00e3o de casa que o governo precisa fazer\u201d, avaliou Clarissa.\n<\/p>\n<p>Lavareda adiciona a exist\u00eancia de dificuldades econ\u00f4micas, al\u00e9m das pol\u00edticas, como um ponto de interfer\u00eancia na popularidade.\n<\/p>\n<p>\u201cE h\u00e1 dificuldades no terreno econ\u00f4mico tamb\u00e9m. H\u00e1 a probabilidade bastante elevada de que o governo precise fazer contingenciamento das verbas p\u00fablicas at\u00e9 o final do ano, e isso a\u00ed vai restringir os investimentos p\u00fablicos. Isso rebate obviamente na popularidade\u201d, comentou.\n<\/p>\n<p>J\u00e1 outro levantamento feito pelo\u00a0<strong>\u00cdndice CNN\/Ipespe<\/strong>\u00a0mostra que, em um eventual segundo turno, Lula e o ex-presidente Jair Bolsonaro (PL) empatariam.\n<\/p>\n<p>O atual mandat\u00e1rio ganharia de todos os outros nomes que aparecem na sequ\u00eancia: Tarc\u00edsio de Freitas (Republicanos), Gusttavo Lima (sem partido), Eduardo Bolsonaro (PL), Ronaldo Caiado (Uni\u00e3o), Pablo Mar\u00e7al (PRTB) e Romeu Zema (Novo).\n<\/p>\n<p>Lavareda acredita que o empate entre os dois pol\u00edticos \u201cmostra o pa\u00eds dividido\u201d, como ocorreu nas elei\u00e7\u00f5es de 2022, quando os dois se enfrentaram.\n<\/p>\n<p>\u201cCom certeza os nomes que ser\u00e3o mais competitivos, nomes que v\u00eam independente da dist\u00e2ncia que n\u00f3s estamos hoje do pleito, esses nomes v\u00e3o ser extra\u00eddos dessa lista\u201d, disse Lavareda.\n<\/p>\n<p>J\u00e1 Clarissa Oliveira enxerga que o governo est\u00e1 passando por um momento dif\u00edcil, com uma crise de popularidade sem precedentes.\n<\/p>\n<p>\u201cO presidente Lula tem minimizado esse problema, ele diz que \u00e9 cedo para ver os resultados da sua gest\u00e3o, avisa que ainda vai rodar o pa\u00eds inteiro e que em 2025, segundo ele, vai ser um ano de entregas\u201d, avaliou a analista.\n<\/p>\n<p>\u201cMas, quando a gente olha para as \u00faltimas pesquisas, o governo t\u00e1 perdendo terreno, inclusive na sua pr\u00f3pria base, em regi\u00f5es do pa\u00eds onde Lula historicamente tinha um apoio tremendo e o bolsonarismo t\u00e1 de olho nisso\u201d, finalizou.\n<\/p>\n<p>Fonte: CNN Brasil              <\/p>\n<\/div>\n<p><br \/>\n<br \/><a href=\"https:\/\/diariodobrasilnoticias.com.br\/noticia\/professor-e-sociologo-antonio-lavareda-fala-em-entrevista-a-cnn-que-lula-3-nao-fez-nada-nos-primeiros-dois-anos-de-governo-veja-declaracao-67bc559f781ca\">Source link <\/a><\/p>","protected":false},"excerpt":{"rendered":"<p>Para o professor, soci\u00f3logo e cientista pol\u00edtico Antonio Lavareda, o terceiro mandato do presidente Luiz In\u00e1cio Lula da Silva (PT) ainda n\u00e3o deixou uma marca de destaque como os dois&hellip;<\/p>","protected":false},"author":1,"featured_media":106095,"comment_status":"closed","ping_status":"open","sticky":false,"template":"","format":"standard","meta":{"content-type":"","footnotes":""},"categories":[16],"tags":[123,2448,5313,1267],"class_list":["post-106094","post","type-post","status-publish","format-standard","has-post-thumbnail","hentry","category-noticias","tag-brasil","tag-diario","tag-noticia","tag-noticias"],"_links":{"self":[{"href":"https:\/\/tvbrazilusa.com\/pt\/wp-json\/wp\/v2\/posts\/106094","targetHints":{"allow":["GET"]}}],"collection":[{"href":"https:\/\/tvbrazilusa.com\/pt\/wp-json\/wp\/v2\/posts"}],"about":[{"href":"https:\/\/tvbrazilusa.com\/pt\/wp-json\/wp\/v2\/types\/post"}],"author":[{"embeddable":true,"href":"https:\/\/tvbrazilusa.com\/pt\/wp-json\/wp\/v2\/users\/1"}],"replies":[{"embeddable":true,"href":"https:\/\/tvbrazilusa.com\/pt\/wp-json\/wp\/v2\/comments?post=106094"}],"version-history":[{"count":1,"href":"https:\/\/tvbrazilusa.com\/pt\/wp-json\/wp\/v2\/posts\/106094\/revisions"}],"predecessor-version":[{"id":106096,"href":"https:\/\/tvbrazilusa.com\/pt\/wp-json\/wp\/v2\/posts\/106094\/revisions\/106096"}],"wp:featuredmedia":[{"embeddable":true,"href":"https:\/\/tvbrazilusa.com\/pt\/wp-json\/wp\/v2\/media\/106095"}],"wp:attachment":[{"href":"https:\/\/tvbrazilusa.com\/pt\/wp-json\/wp\/v2\/media?parent=106094"}],"wp:term":[{"taxonomy":"category","embeddable":true,"href":"https:\/\/tvbrazilusa.com\/pt\/wp-json\/wp\/v2\/categories?post=106094"},{"taxonomy":"post_tag","embeddable":true,"href":"https:\/\/tvbrazilusa.com\/pt\/wp-json\/wp\/v2\/tags?post=106094"}],"curies":[{"name":"wp","href":"https:\/\/api.w.org\/{rel}","templated":true}]}}