{"id":106103,"date":"2025-02-24T14:11:54","date_gmt":"2025-02-24T14:11:54","guid":{"rendered":"https:\/\/tvbrazilusa.com\/2025\/02\/24\/com-padilha-lula-quer-ministerio-da-saude-como-vitrine-politica\/"},"modified":"2025-02-24T14:11:55","modified_gmt":"2025-02-24T14:11:55","slug":"com-padilha-lula-quer-ministerio-da-saude-como-vitrine-politica","status":"publish","type":"post","link":"https:\/\/tvbrazilusa.com\/pt\/2025\/02\/24\/com-padilha-lula-quer-ministerio-da-saude-como-vitrine-politica\/","title":{"rendered":"Com Padilha, Lula quer Minist\u00e9rio da Sa\u00fade como vitrine pol\u00edtica"},"content":{"rendered":"<p> <script async src=\"https:\/\/pagead2.googlesyndication.com\/pagead\/js\/adsbygoogle.js?client=ca-pub-8864793242727901\"\r\n     crossorigin=\"anonymous\"><\/script><br \/>\n<\/p>\n<div id=\"taboola-read-more\" style=\"display:block; width:100%\">\n<p>O presidente Luiz In\u00e1cio Lula da Silva (PT) quer que o futuro comandante do Minist\u00e9rio da Sa\u00fade tire do papel pelo menos uma vitrine pol\u00edtica.\n<\/p>\n<p>A principal cr\u00edtica de Lula ao trabalho da ministra N\u00edsia Trindade, segundo assessores do governo, \u00e9 de que ela n\u00e3o desenvolveu uma marca de gest\u00e3o.<\/p>\n<p>Em conversas reservadas, o presidente tem citado, por exemplo, o trabalho do ministro da Educa\u00e7\u00e3o, Camilo Santana, que, em dois anos, lan\u00e7ou os programas \u201cP\u00e9 de Meia\u201d e \u201cMais Professores\u201d.\n<\/p>\n<p>A CNN antecipou na semana passada que o petista escolheu o ministro de Rela\u00e7\u00f5es Institucionais, Alexandre Padilha, para comandar a Sa\u00fade.\n<\/p>\n<p>Padilha comandou a pasta sanit\u00e1ria no governo de Dilma Rousseff (PT) e implementou o programa \u201cMais M\u00e9dicos\u201d. Al\u00e9m disso, popularizou campanhas nacionais, como a vacina\u00e7\u00e3o contra a gripe.\n<\/p>\n<p>Na avalia\u00e7\u00e3o de auxiliares do governo, Padilha assume com o desafio de reverter o crescimento dos casos de dengue, com uma distribui\u00e7\u00e3o maior de vacinas contra a doen\u00e7a.\n<\/p>\n<p>Em 2024, o pa\u00eds teve um crescimento no n\u00famero de mortes da doen\u00e7a e, neste m\u00eas, S\u00e3o Paulo decretou estado de emerg\u00eancia por causa do aumento dos diagn\u00f3sticos.\n<\/p>\n<p>Padilha tamb\u00e9m precisar\u00e1 melhorar o di\u00e1logo com governadores de oposi\u00e7\u00e3o. A reclama\u00e7\u00e3o \u00e9 de que, com perfil t\u00e9cnico, N\u00edsia n\u00e3o conseguiu abrir canais de comunica\u00e7\u00e3o com os gestores estaduais.\n<\/p>\n<p>A expectativa \u00e9 de que a troca ministerial seja feita nas pr\u00f3ximas semanas.\n<\/p>\n<div class=\"single-content\">\n<p>Lula pediu a Padilha que n\u00e3o seja candidato nas elei\u00e7\u00f5es de 2026, para que seu trabalho n\u00e3o seja de apenas um ano \u00e0 frente da pasta.\n<\/p>\n<\/div>\n<section class=\"single-tags\"\/>\n<section class=\"single-tags\">Fonte: CNN Brasil<\/section>\n<\/p><\/div>\n<p><br \/>\n<br \/><a href=\"https:\/\/diariodobrasilnoticias.com.br\/noticia\/com-padilha-lula-quer-ministerio-da-saude-como-vitrine-politica-67bc54acca00e\">Source link <\/a><\/p>","protected":false},"excerpt":{"rendered":"<p>O presidente Luiz In\u00e1cio Lula da Silva (PT) quer que o futuro comandante do Minist\u00e9rio da Sa\u00fade tire do papel pelo menos uma vitrine pol\u00edtica. A principal cr\u00edtica de Lula&hellip;<\/p>","protected":false},"author":1,"featured_media":106104,"comment_status":"closed","ping_status":"open","sticky":false,"template":"","format":"standard","meta":{"content-type":"","footnotes":""},"categories":[16],"tags":[123,2448,5313,1267],"class_list":["post-106103","post","type-post","status-publish","format-standard","has-post-thumbnail","hentry","category-noticias","tag-brasil","tag-diario","tag-noticia","tag-noticias"],"_links":{"self":[{"href":"https:\/\/tvbrazilusa.com\/pt\/wp-json\/wp\/v2\/posts\/106103","targetHints":{"allow":["GET"]}}],"collection":[{"href":"https:\/\/tvbrazilusa.com\/pt\/wp-json\/wp\/v2\/posts"}],"about":[{"href":"https:\/\/tvbrazilusa.com\/pt\/wp-json\/wp\/v2\/types\/post"}],"author":[{"embeddable":true,"href":"https:\/\/tvbrazilusa.com\/pt\/wp-json\/wp\/v2\/users\/1"}],"replies":[{"embeddable":true,"href":"https:\/\/tvbrazilusa.com\/pt\/wp-json\/wp\/v2\/comments?post=106103"}],"version-history":[{"count":1,"href":"https:\/\/tvbrazilusa.com\/pt\/wp-json\/wp\/v2\/posts\/106103\/revisions"}],"predecessor-version":[{"id":106105,"href":"https:\/\/tvbrazilusa.com\/pt\/wp-json\/wp\/v2\/posts\/106103\/revisions\/106105"}],"wp:featuredmedia":[{"embeddable":true,"href":"https:\/\/tvbrazilusa.com\/pt\/wp-json\/wp\/v2\/media\/106104"}],"wp:attachment":[{"href":"https:\/\/tvbrazilusa.com\/pt\/wp-json\/wp\/v2\/media?parent=106103"}],"wp:term":[{"taxonomy":"category","embeddable":true,"href":"https:\/\/tvbrazilusa.com\/pt\/wp-json\/wp\/v2\/categories?post=106103"},{"taxonomy":"post_tag","embeddable":true,"href":"https:\/\/tvbrazilusa.com\/pt\/wp-json\/wp\/v2\/tags?post=106103"}],"curies":[{"name":"wp","href":"https:\/\/api.w.org\/{rel}","templated":true}]}}