{"id":106109,"date":"2025-02-24T14:24:51","date_gmt":"2025-02-24T14:24:51","guid":{"rendered":"https:\/\/tvbrazilusa.com\/2025\/02\/24\/voce-sabia-que-lula-foi-anistiado-nos-anos-90-e-que-recebe-pensao-ate-hoje\/"},"modified":"2025-02-24T14:24:53","modified_gmt":"2025-02-24T14:24:53","slug":"voce-sabia-que-lula-foi-anistiado-nos-anos-90-e-que-recebe-pensao-ate-hoje","status":"publish","type":"post","link":"https:\/\/tvbrazilusa.com\/pt\/2025\/02\/24\/voce-sabia-que-lula-foi-anistiado-nos-anos-90-e-que-recebe-pensao-ate-hoje\/","title":{"rendered":"Voc\u00ea sabia que Lula foi anistiado nos anos 90 e que recebe pens\u00e3o at\u00e9 hoje?"},"content":{"rendered":"<p> <script async src=\"https:\/\/pagead2.googlesyndication.com\/pagead\/js\/adsbygoogle.js?client=ca-pub-8864793242727901\"\r\n     crossorigin=\"anonymous\"><\/script><br \/>\n<\/p>\n<div id=\"taboola-read-more\" style=\"display:block; width:100%\">\n<p>Por J\u00fanior Melo, 24 de fevereiro de 2025\n<\/p>\n<p>O presidente Luiz In\u00e1cio Lula da Silva, uma das figuras mais emblem\u00e1ticas da pol\u00edtica brasileira, carrega em sua trajet\u00f3ria um cap\u00edtulo que muitos desconhecem ou lembram vagamente: ele foi reconhecido como anistiado pol\u00edtico na d\u00e9cada de 1990, um desdobramento da Lei da Anistia de 1979, e at\u00e9 hoje recebe uma pens\u00e3o especial por ter sido perseguido durante o regime militar. Mas como isso aconteceu e por qu\u00ea? Vamos aos fatos.<\/p>\n<p>Tudo come\u00e7ou em abril de 1980, quando Lula, ent\u00e3o presidente do Sindicato dos Metal\u00fargicos de S\u00e3o Bernardo do Campo e Diadema, liderou uma greve hist\u00f3rica no ABC Paulista. O movimento, que mobilizou milhares de trabalhadores, foi visto como uma afronta ao regime militar. Resultado: Lula foi preso por 31 dias, acusado de &#8220;incita\u00e7\u00e3o \u00e0 desobedi\u00eancia coletiva das leis&#8221; com base na Lei de Seguran\u00e7a Nacional, instrumento amplamente utilizado para reprimir opositores. Al\u00e9m da pris\u00e3o, teve seus direitos sindicais cassados e foi afastado do sindicato por interven\u00e7\u00e3o do governo.\n<\/p>\n<p>A reviravolta jur\u00eddica veio em 1982, quando o Superior Tribunal Militar (STM) anulou o processo contra Lula e outros l\u00edderes sindicais, reconhecendo que as acusa\u00e7\u00f5es n\u00e3o se sustentavam. Mas o reconhecimento formal de Lula como anistiado pol\u00edtico s\u00f3 se consolidaria anos depois, j\u00e1 na d\u00e9cada de 1990, com a redemocratiza\u00e7\u00e3o e a revis\u00e3o de casos de persegui\u00e7\u00e3o pelo regime militar. A Lei da Anistia de 1979, que perdoou crimes pol\u00edticos e abriu caminho para a volta de exilados, serviu de base para que ele e outros fossem reparados pelos danos sofridos.\n<\/p>\n<p>Esse status de anistiado pol\u00edtico trouxe a Lula um benef\u00edcio concreto: uma pens\u00e3o especial, paga at\u00e9 os dias atuais pelo governo federal. A quantia, que j\u00e1 foi alvo de debates p\u00fablicos, \u00e9 destinada a v\u00edtimas de persegui\u00e7\u00e3o do regime militar como forma de compensa\u00e7\u00e3o. Em 2025, segundo dados oficiais, o valor mensal dessa pens\u00e3o gira em torno de R$ 30 mil, ajustado ao longo do tempo. Para alguns, \u00e9 uma repara\u00e7\u00e3o justa a um l\u00edder que enfrentou a repress\u00e3o; para outros, um privil\u00e9gio question\u00e1vel em tempos de crise econ\u00f4mica.\n<\/p>\n<p>A hist\u00f3ria de Lula como anistiado reflete um per\u00edodo turbulento da hist\u00f3ria brasileira. Sua pris\u00e3o em 1980 n\u00e3o apenas marcou sua biografia, mas tamb\u00e9m o consolidou como s\u00edmbolo de resist\u00eancia, pavimentando o caminho para a funda\u00e7\u00e3o do Partido dos Trabalhadores (PT) em 1980 e sua ascens\u00e3o \u00e0 Presid\u00eancia da Rep\u00fablica em 2003. Hoje, aos 79 anos, o ex-presidente segue sendo uma figura polarizadora, e sua pens\u00e3o de anistiado \u00e9 mais um elemento que alimenta o debate sobre seu legado.\n<\/p>\n<p>Voc\u00ea sabia dessa hist\u00f3ria? O caso de Lula \u00e9 apenas um entre milhares de brasileiros que, de alguma forma, foram impactados pelo regime militar e buscaram repara\u00e7\u00e3o na democracia. Um cap\u00edtulo que, quase cinco d\u00e9cadas depois, ainda ressoa no presente.              <\/p>\n<\/div>\n<p><br \/>\n<br \/><a href=\"https:\/\/diariodobrasilnoticias.com.br\/noticia\/voce-sabia-que-lula-foi-anistiado-nos-anos-90-e-que-recebe-pensao-ate-hoje-67bc63c37b6e5\">Source link <\/a><\/p>","protected":false},"excerpt":{"rendered":"<p>Por J\u00fanior Melo, 24 de fevereiro de 2025 O presidente Luiz In\u00e1cio Lula da Silva, uma das figuras mais emblem\u00e1ticas da pol\u00edtica brasileira, carrega em sua trajet\u00f3ria um cap\u00edtulo que&hellip;<\/p>","protected":false},"author":1,"featured_media":106110,"comment_status":"closed","ping_status":"open","sticky":false,"template":"","format":"standard","meta":{"content-type":"","footnotes":""},"categories":[16],"tags":[123,2448,5313,1267],"class_list":["post-106109","post","type-post","status-publish","format-standard","has-post-thumbnail","hentry","category-noticias","tag-brasil","tag-diario","tag-noticia","tag-noticias"],"_links":{"self":[{"href":"https:\/\/tvbrazilusa.com\/pt\/wp-json\/wp\/v2\/posts\/106109","targetHints":{"allow":["GET"]}}],"collection":[{"href":"https:\/\/tvbrazilusa.com\/pt\/wp-json\/wp\/v2\/posts"}],"about":[{"href":"https:\/\/tvbrazilusa.com\/pt\/wp-json\/wp\/v2\/types\/post"}],"author":[{"embeddable":true,"href":"https:\/\/tvbrazilusa.com\/pt\/wp-json\/wp\/v2\/users\/1"}],"replies":[{"embeddable":true,"href":"https:\/\/tvbrazilusa.com\/pt\/wp-json\/wp\/v2\/comments?post=106109"}],"version-history":[{"count":1,"href":"https:\/\/tvbrazilusa.com\/pt\/wp-json\/wp\/v2\/posts\/106109\/revisions"}],"predecessor-version":[{"id":106111,"href":"https:\/\/tvbrazilusa.com\/pt\/wp-json\/wp\/v2\/posts\/106109\/revisions\/106111"}],"wp:featuredmedia":[{"embeddable":true,"href":"https:\/\/tvbrazilusa.com\/pt\/wp-json\/wp\/v2\/media\/106110"}],"wp:attachment":[{"href":"https:\/\/tvbrazilusa.com\/pt\/wp-json\/wp\/v2\/media?parent=106109"}],"wp:term":[{"taxonomy":"category","embeddable":true,"href":"https:\/\/tvbrazilusa.com\/pt\/wp-json\/wp\/v2\/categories?post=106109"},{"taxonomy":"post_tag","embeddable":true,"href":"https:\/\/tvbrazilusa.com\/pt\/wp-json\/wp\/v2\/tags?post=106109"}],"curies":[{"name":"wp","href":"https:\/\/api.w.org\/{rel}","templated":true}]}}