{"id":106115,"date":"2025-02-24T14:50:44","date_gmt":"2025-02-24T14:50:44","guid":{"rendered":"https:\/\/tvbrazilusa.com\/2025\/02\/24\/lewandowski-determina-sigilo-de-100-anos-para-o-cartao-de-vacina\/"},"modified":"2025-02-24T14:50:45","modified_gmt":"2025-02-24T14:50:45","slug":"lewandowski-determina-sigilo-de-100-anos-para-o-cartao-de-vacina","status":"publish","type":"post","link":"https:\/\/tvbrazilusa.com\/pt\/2025\/02\/24\/lewandowski-determina-sigilo-de-100-anos-para-o-cartao-de-vacina\/","title":{"rendered":"Lewandowski determina sigilo de 100 anos para o cart\u00e3o de vacina."},"content":{"rendered":"<p> <script async src=\"https:\/\/pagead2.googlesyndication.com\/pagead\/js\/adsbygoogle.js?client=ca-pub-8864793242727901\"\r\n     crossorigin=\"anonymous\"><\/script><br \/>\n<\/p>\n<div id=\"taboola-read-more\" style=\"display:block; width:100%\">\n<p>O ministro da Justi\u00e7a e Seguran\u00e7a P\u00fablica, Ricardo Lewandowski, repetiu o ex-presidente Jair Bolsonaro (PL) e negou acesso \u00e0 pr\u00f3pria carteira de vacina\u00e7\u00e3o, impondo 100 anos de sigilo sobre o documento.<\/p>\n<p>A coluna T\u00e1cio Lorran solicitou \u00e0 pasta, via Lei de Acesso \u00e0 Informa\u00e7\u00e3o (LAI), o cart\u00e3o de vacinas de Lewandowski, mas o minist\u00e9rio negou o pedido alegando que o documento se tratava de dados pessoais.<\/p>\n<p>\u201cEntende-se que a solicita\u00e7\u00e3o em quest\u00e3o n\u00e3o pode ser atendida, uma vez que os dados solicitados referem-se \u00e0 sa\u00fade e est\u00e3o vinculados a uma pessoa natural, configurando-se como dados pessoais sens\u00edveis, nos termos do art. 5\u00ba, inciso II, da Lei n\u00ba 13.709\/2018 (Lei Geral de Prote\u00e7\u00e3o de Dados Pessoais \u2013 LGPD)\u201d, escreveu o ouvidor-geral do MJSP, Sergio Gomes Velloso, em decis\u00e3o referendada pelo pr\u00f3prio Lewandowski no \u00faltimo dia 10 de fevereiro.<\/p>\n<p>\u201cA LGPD est\u00e1 em harmonia com a LAI, conforme o art. 31, \u00a7 1\u00ba, inciso II, que estabelece que informa\u00e7\u00f5es pessoais relacionadas \u00e0 intimidade, vida privada, honra e imagem possuem acesso restrito por at\u00e9 100 anos\u201d, prosseguiu.<\/p>\n<p>Em nota \u00e0 coluna, Lewandowski assegurou, por\u00e9m, que seu cart\u00e3o de vacina\u00e7\u00e3o est\u00e1 completo (leia a \u00edntegra do comunicado ao fim desta reportagem).<\/p>\n<p>O ex-presidente Jair Bolsonaro tamb\u00e9m negou todos os pedidos para divulgar o cart\u00e3o dele. Foi a Controladoria-Geral da Uni\u00e3o (CGU), sob o governo de Luiz In\u00e1cio Lula da Silva (PT), que determinou a libera\u00e7\u00e3o das informa\u00e7\u00f5es, abrindo precedente para novas solicita\u00e7\u00f5es do tipo.<\/p>\n<p>Fonte: Metr\u00f3poles<\/p>\n<\/p><\/div>\n<p><br \/>\n<br \/><a href=\"https:\/\/diariodobrasilnoticias.com.br\/noticia\/lewandowski-determina-sigilo-de-100-anos-para-o-cartao-de-vacina-67bc72646aef8\">Source link <\/a><\/p>","protected":false},"excerpt":{"rendered":"<p>O ministro da Justi\u00e7a e Seguran\u00e7a P\u00fablica, Ricardo Lewandowski, repetiu o ex-presidente Jair Bolsonaro (PL) e negou acesso \u00e0 pr\u00f3pria carteira de vacina\u00e7\u00e3o, impondo 100 anos de sigilo sobre o&hellip;<\/p>","protected":false},"author":1,"featured_media":106116,"comment_status":"closed","ping_status":"open","sticky":false,"template":"","format":"standard","meta":{"content-type":"","footnotes":""},"categories":[16],"tags":[123,2448,5313,1267],"class_list":["post-106115","post","type-post","status-publish","format-standard","has-post-thumbnail","hentry","category-noticias","tag-brasil","tag-diario","tag-noticia","tag-noticias"],"_links":{"self":[{"href":"https:\/\/tvbrazilusa.com\/pt\/wp-json\/wp\/v2\/posts\/106115","targetHints":{"allow":["GET"]}}],"collection":[{"href":"https:\/\/tvbrazilusa.com\/pt\/wp-json\/wp\/v2\/posts"}],"about":[{"href":"https:\/\/tvbrazilusa.com\/pt\/wp-json\/wp\/v2\/types\/post"}],"author":[{"embeddable":true,"href":"https:\/\/tvbrazilusa.com\/pt\/wp-json\/wp\/v2\/users\/1"}],"replies":[{"embeddable":true,"href":"https:\/\/tvbrazilusa.com\/pt\/wp-json\/wp\/v2\/comments?post=106115"}],"version-history":[{"count":1,"href":"https:\/\/tvbrazilusa.com\/pt\/wp-json\/wp\/v2\/posts\/106115\/revisions"}],"predecessor-version":[{"id":106117,"href":"https:\/\/tvbrazilusa.com\/pt\/wp-json\/wp\/v2\/posts\/106115\/revisions\/106117"}],"wp:featuredmedia":[{"embeddable":true,"href":"https:\/\/tvbrazilusa.com\/pt\/wp-json\/wp\/v2\/media\/106116"}],"wp:attachment":[{"href":"https:\/\/tvbrazilusa.com\/pt\/wp-json\/wp\/v2\/media?parent=106115"}],"wp:term":[{"taxonomy":"category","embeddable":true,"href":"https:\/\/tvbrazilusa.com\/pt\/wp-json\/wp\/v2\/categories?post=106115"},{"taxonomy":"post_tag","embeddable":true,"href":"https:\/\/tvbrazilusa.com\/pt\/wp-json\/wp\/v2\/tags?post=106115"}],"curies":[{"name":"wp","href":"https:\/\/api.w.org\/{rel}","templated":true}]}}