{"id":106137,"date":"2025-02-24T15:33:12","date_gmt":"2025-02-24T15:33:12","guid":{"rendered":"https:\/\/tvbrazilusa.com\/2025\/02\/24\/stf-pode-iniciar-analise-de-processos-sobre-crimes-de-abuso-de-autoridade-nesta-semana\/"},"modified":"2025-02-24T15:33:14","modified_gmt":"2025-02-24T15:33:14","slug":"stf-pode-iniciar-analise-de-processos-sobre-crimes-de-abuso-de-autoridade-nesta-semana","status":"publish","type":"post","link":"https:\/\/tvbrazilusa.com\/pt\/2025\/02\/24\/stf-pode-iniciar-analise-de-processos-sobre-crimes-de-abuso-de-autoridade-nesta-semana\/","title":{"rendered":"STF pode iniciar an\u00e1lise de processos sobre crimes de abuso de autoridade nesta semana"},"content":{"rendered":"<p> <script async src=\"https:\/\/pagead2.googlesyndication.com\/pagead\/js\/adsbygoogle.js?client=ca-pub-8864793242727901\"\r\n     crossorigin=\"anonymous\"><\/script><br \/>\n<\/p>\n<div>\n<figure class=\"post-image\">\n<\/figure>\n<p>            <span style=\"font-size: 12px\">Andressa Anholete\/STF &#8211; 23.10.2024<\/span><\/p>\n<p>            <!-- end metas --><br \/>\n            <!-- ADS --><\/p>\n<div id=\"taboola-read-more\" style=\"display:block; width:100%\">\n<p>O STF (Supremo Tribunal Federal) come\u00e7ar a analisar nesta semana a\u00e7\u00f5es que questionam trechos de normas que preveem crimes de abuso de autoridade praticados por funcion\u00e1rios p\u00fablicos. A sess\u00e3o de quinta-feira (27) vai ser reservada exclusivamente para leitura do relat\u00f3rio e realiza\u00e7\u00e3o das sustenta\u00e7\u00f5es orais, com posterior agendamento de sess\u00e3o para o in\u00edcio da vota\u00e7\u00e3o e julgamento.\n<\/p>\n<p>Uma das a\u00e7\u00f5es a ser analisada pelos ministros foi apresentada pelo PP e questiona um artigo do C\u00f3digo Penal que aumenta a pena para crimes contra a honra (como cal\u00fania, difama\u00e7\u00e3o e inj\u00faria) quando cometidos contra servidores p\u00fablicos no exerc\u00edcio de suas fun\u00e7\u00f5es. O partido quer saber se essa regra est\u00e1 de acordo com a Constitui\u00e7\u00e3o.<\/p>\n<p>O STF tamb\u00e9m vai julgar outros cinco processos sobre o assunto. As a\u00e7\u00f5es questionam trechos da Lei 13.869\/2019, que define os crimes de abuso de autoridade cometidos por agentes p\u00fablicos.\n<\/p>\n<p>Outros julgamentos da semana<br \/>Na quarta-feira (26), a pauta do STF est\u00e1 com temas mais jur\u00eddicos e menos pol\u00eamicos.\n<\/p>\n<p>Uma das a\u00e7\u00f5es pautadas diz respeito \u00e0 incid\u00eancia do ISS (Imposto sobre Servi\u00e7os de Qualquer Natureza) em opera\u00e7\u00e3o de industrializa\u00e7\u00e3o por encomenda. Nesse tipo de opera\u00e7\u00e3o, os materiais s\u00e3o fornecidos pelo contratante numa etapa intermedi\u00e1ria do ciclo de produ\u00e7\u00e3o da mercadoria.\n<\/p>\n<p>O julgamento do caso tinha sido suspenso em agosto do ano passado por pedido de vista do ministro Andr\u00e9 Mendon\u00e7a.\n<\/p>\n<p>Tamb\u00e9m est\u00e1 em pauta uma a\u00e7\u00e3o apresentada pelo governador do Distrito Federal, Ibaneis Rocha (MDB), sobre a\u00e7\u00f5es que discutem a gratifica\u00e7\u00e3o a docentes dedicados \u201cexclusivamente\u201d a alunos portadores de necessidades educativas ou em situa\u00e7\u00f5es de risco e vulnerabilidade.\n<\/p>\n<p>Fonte: R7              <\/p>\n<\/div>\n<p>                        <!-- Scripts para conteudo --><\/p>\n<p>            <!-- .\/Scripts para conteudo --><br \/>\n            <!-- .\/Mat\u00e9ria --><\/p>\n<div class=\"row mt-3\">\n<div class=\"col-sm-6\">\n                <!-- Whatsapp channel 3--><br \/>\n                <a href=\"https:\/\/chat.whatsapp.com\/B8Qy6Erx4kb6yTzj3kaDco\" target=\"_blank\"><br \/>\n                  <img decoding=\"async\" src=\"https:\/\/diariodobrasilnoticias.com.br\/assets-site\/images\/bot_whatsapp.png\"\/><\/a>\n              <\/div>\n<div class=\"col-sm-6\">\n                <a href=\"https:\/\/t.me\/+_4gTmi5LKo03OTM5\" target=\"_blank\"><br \/>\n                  <img decoding=\"async\" src=\"https:\/\/diariodobrasilnoticias.com.br\/assets-site\/images\/bot_telegram.png\"\/><\/a>\n              <\/div>\n<\/p><\/div>\n<p>            <!-- end post-navigation --><\/p>\n<p>              <!-- end row --><\/p>\n<p>              <!-- end col-12-->\n                      <\/div>\n<p><br \/>\n<br \/><a href=\"https:\/\/diariodobrasilnoticias.com.br\/noticia\/stf-pode-iniciar-analise-de-processos-sobre-crimes-de-abuso-de-autoridade-nesta-semana-67bc77ba2ab06\">Source link <\/a><\/p>","protected":false},"excerpt":{"rendered":"<p>Andressa Anholete\/STF &#8211; 23.10.2024 O STF (Supremo Tribunal Federal) come\u00e7ar a analisar nesta semana a\u00e7\u00f5es que questionam trechos de normas que preveem crimes de abuso de autoridade praticados por funcion\u00e1rios&hellip;<\/p>","protected":false},"author":1,"featured_media":106138,"comment_status":"closed","ping_status":"open","sticky":false,"template":"","format":"standard","meta":{"content-type":"","footnotes":""},"categories":[16],"tags":[123,2448,5313,1267],"class_list":["post-106137","post","type-post","status-publish","format-standard","has-post-thumbnail","hentry","category-noticias","tag-brasil","tag-diario","tag-noticia","tag-noticias"],"_links":{"self":[{"href":"https:\/\/tvbrazilusa.com\/pt\/wp-json\/wp\/v2\/posts\/106137","targetHints":{"allow":["GET"]}}],"collection":[{"href":"https:\/\/tvbrazilusa.com\/pt\/wp-json\/wp\/v2\/posts"}],"about":[{"href":"https:\/\/tvbrazilusa.com\/pt\/wp-json\/wp\/v2\/types\/post"}],"author":[{"embeddable":true,"href":"https:\/\/tvbrazilusa.com\/pt\/wp-json\/wp\/v2\/users\/1"}],"replies":[{"embeddable":true,"href":"https:\/\/tvbrazilusa.com\/pt\/wp-json\/wp\/v2\/comments?post=106137"}],"version-history":[{"count":1,"href":"https:\/\/tvbrazilusa.com\/pt\/wp-json\/wp\/v2\/posts\/106137\/revisions"}],"predecessor-version":[{"id":106139,"href":"https:\/\/tvbrazilusa.com\/pt\/wp-json\/wp\/v2\/posts\/106137\/revisions\/106139"}],"wp:featuredmedia":[{"embeddable":true,"href":"https:\/\/tvbrazilusa.com\/pt\/wp-json\/wp\/v2\/media\/106138"}],"wp:attachment":[{"href":"https:\/\/tvbrazilusa.com\/pt\/wp-json\/wp\/v2\/media?parent=106137"}],"wp:term":[{"taxonomy":"category","embeddable":true,"href":"https:\/\/tvbrazilusa.com\/pt\/wp-json\/wp\/v2\/categories?post=106137"},{"taxonomy":"post_tag","embeddable":true,"href":"https:\/\/tvbrazilusa.com\/pt\/wp-json\/wp\/v2\/tags?post=106137"}],"curies":[{"name":"wp","href":"https:\/\/api.w.org\/{rel}","templated":true}]}}