{"id":106142,"date":"2025-02-24T15:45:49","date_gmt":"2025-02-24T15:45:49","guid":{"rendered":"https:\/\/tvbrazilusa.com\/2025\/02\/24\/ex-chefes-militares-se-mobilizam-em-defesa-de-general-apos-denuncia-sobre-suposto-golpe\/"},"modified":"2025-02-24T15:45:51","modified_gmt":"2025-02-24T15:45:51","slug":"ex-chefes-militares-se-mobilizam-em-defesa-de-general-apos-denuncia-sobre-suposto-golpe","status":"publish","type":"post","link":"https:\/\/tvbrazilusa.com\/pt\/2025\/02\/24\/ex-chefes-militares-se-mobilizam-em-defesa-de-general-apos-denuncia-sobre-suposto-golpe\/","title":{"rendered":"Ex-chefes militares se mobilizam em defesa de general ap\u00f3s den\u00fancia sobre suposto golpe"},"content":{"rendered":"<p> <script async src=\"https:\/\/pagead2.googlesyndication.com\/pagead\/js\/adsbygoogle.js?client=ca-pub-8864793242727901\"\r\n     crossorigin=\"anonymous\"><\/script><br \/>\n<\/p>\n<div id=\"taboola-read-more\" style=\"display:block; width:100%\">\n<p>A inclus\u00e3o do general da reserva Estevam Theophilo na lista de denunciados pela PGR (Procuradoria-Geral da Rep\u00fablica) pela articula\u00e7\u00e3o por um golpe de Estado mobilizou integrantes do Alto Comando do Ex\u00e9rcito de 2022.\n<\/p>\n<p>Tr\u00eas generais afirmaram \u00e0 Folha que oficiais do \u00faltimo posto do Ex\u00e9rcito t\u00eam mostrado disposi\u00e7\u00e3o em defender Theophilo no STF (Supremo Tribunal Federal), inclusive em eventuais testemunhos caso o militar se torne r\u00e9u.<\/p>\n<p>Na ter\u00e7a-feira (18), a PGR apresentou den\u00fancia sob a acusa\u00e7\u00e3o de uma trama golpista liderada pelo ex-presidente Jair Bolsonaro (PL), que envolve outras 33 pessoas. Entre eles, est\u00e3o 23 militares das For\u00e7as Armadas, incluindo sete oficiais-generais e ex-comandantes.\n<\/p>\n<p>Al\u00e9m de Theophilo, est\u00e3o entre os denunciados os ex-comandantes da Marinha, Almir Garnier, e do Ex\u00e9rcito, Paulo S\u00e9rgio Nogueira, al\u00e9m dos generais quatro estrelas Augusto Heleno e Braga Netto.\n<\/p>\n<p>A avalia\u00e7\u00e3o desses ex-chefes militares \u00e9 que a den\u00fancia contra Theophilo \u00e9 baseada em conversas de terceiros, sem provas de real apoio dele \u00e0s conspira\u00e7\u00f5es golpistas. Trechos da dela\u00e7\u00e3o do tenente-coronel Mauro Cid tamb\u00e9m podem ser usados para a defesa do general.\n<\/p>\n<p>Estevam Theophilo foi denunciado pela PGR sob a acusa\u00e7\u00e3o de ter aceitado &#8220;coordenar o emprego das for\u00e7as terrestres&#8221; para um golpe de Estado que impedisse a posse do presidente\u00a0<a href=\"https:\/\/12ft.io\/proxy?q=https%3A%2F%2Fwww1.folha.uol.com.br%2Ffolha-topicos%2Flula%2F\" target=\"_parent\">Lula\u00a0<\/a>(PT).\n<\/p>\n<p>Theophilo era chefe do Comando de Opera\u00e7\u00f5es Terrestres, \u00f3rg\u00e3o respons\u00e1vel pelo preparo e emprego do Ex\u00e9rcito. Apesar de n\u00e3o possuir tropas, a estrutura comandada pelo general tem como fun\u00e7\u00e3o definir diretrizes para as opera\u00e7\u00f5es militares.\n<\/p>\n<p>A PGR diz que o general aceitou viabilizar militarmente o golpe de Estado durante uma reuni\u00e3o com Bolsonaro em 9 de dezembro de 2022. Naquele dia, o ent\u00e3o presidente havia feito altera\u00e7\u00f5es no decreto golpista e chamado Theophilo para conversar.\n<\/p>\n<p>O procurador-geral Paulo Gonet apresenta, como principal prova, uma mensagem enviada por Mauro Cid para o coronel Cleverson Magalh\u00e3es, assessor de Theophilo. A reuni\u00e3o entre o general e Bolsonaro n\u00e3o havia terminado quando Cid escreveu: &#8220;mas ele quer fazer\u2026 Desde que o Pr [presidente] assine&#8221;.\n<\/p>\n<p>Para a PGR, a mensagem confirma que Theophilo &#8220;se comprometera a executar as medidas necess\u00e1rias para a consuma\u00e7\u00e3o da ruptura institucional, caso o decreto fosse assinado por Jair Bolsonaro&#8221;.\n<\/p>\n<p>Em depoimento ao ministro Alexandre de Moraes, Mauro Cid deu outra vers\u00e3o sobre a postura de Theophilo diante das conspira\u00e7\u00f5es de Bolsonaro.\n<\/p>\n<p>&#8220;O general Theophilo com a mesma linha. O grande discurso que tinha entre os dois [generais] era: \u2018Se tiver uma ordem, se \u00e9 o Alto Comando, a gente faz\u2019. Mas ningu\u00e9m ia romper o c\u00edrculo de legalidade, por mais que as opini\u00f5es pessoais, n\u00e9, respeitando as opini\u00f5es pessoais de cada um&#8221;, disse.\n<\/p>\n<p>&#8220;At\u00e9 mesmo o general Theophilo comentou algumas vezes que ele tamb\u00e9m n\u00e3o&#8230; ele n\u00e3o aceitaria assumir o Ex\u00e9rcito se o general Freire Gomes [comandante do Ex\u00e9rcito \u00e0 \u00e9poca] fosse retirado, at\u00e9 por lealdade a ele&#8221;, completou Mauro Cid.\n<\/p>\n<p>Ainda antes da den\u00fancia, a defesa de Theophilo reuniu depoimentos escritos dos ex-comandantes do Ex\u00e9rcito Freire Gomes e Julio Cesar de Arruda e do ex-chefe do Estado-Maior do Ex\u00e9rcito Fernando Soares.\n<\/p>\n<p>&#8220;Cabe destacar que o Gen Theophilo sempre esteve voltado inteiramente \u00e0 atividade militar. Seu assessoramento a este ent\u00e3o comandante foi basicamente em aspectos relacionados com as atividades da caserna, abstendo-se de aspectos pol\u00edticos ou assemelhados&#8221;, escreveu Freire Gomes em documento enviado ao STF.\n<\/p>\n<p>&#8220;Seu equil\u00edbrio emocional e comprometimento, em bem assessorar o Comando do Ex\u00e9rcito, foram preponderantes para o sucesso das atividades operacionais que ocorreram sem maiores incidentes ao longo do per\u00edodo&#8221;, prosseguiu.\n<\/p>\n<p>O general Arruda disse que, enquanto comandou o Ex\u00e9rcito no in\u00edcio do governo Lula, Theophilo foi &#8220;extremamente disciplinado, honesto, leal, franco e camarada&#8221;. E acrescentou: &#8220;Eu s\u00f3 tenho que agradec\u00ea-lo imensamente por ter convivido com ele e sua fam\u00edlia por todos esses anos. Fico \u00e0 disposi\u00e7\u00e3o para mais algum esclarecimento&#8221;.\n<\/p>\n<p>O general Soares escreveu que nunca presenciou nenhuma manifesta\u00e7\u00e3o ilegal de Theophilo. &#8220;Sempre o vi primando pela lei, pela obedi\u00eancia as normas em vigor, a camaradagem com os pares e subordinados e a lealdade absoluta aos seus comandantes&#8221;.\n<\/p>\n<p>Como a Folha mostrou, a Pol\u00edcia Federal investiga se o general Theophilo havia produzido um plano para o golpe de Estado \u00e0 espera de que Bolsonaro assinasse o decreto para uma interven\u00e7\u00e3o militar. Nenhuma evid\u00eancia de que Theophilo tivesse preparado o plano foi encontrada pela investiga\u00e7\u00e3o.\n<\/p>\n<p>O general sempre negou a suspeita e destacou, em conversas reservadas, que reportava todos os di\u00e1logos que tinha com Bolsonaro ao comandante Freire Gomes. Procurada, a defesa de Theophilo n\u00e3o se manifestou.\n<\/p>\n<p>Fonte: Folha de S. Paulo              <\/p>\n<\/div>\n<p><br \/>\n<br \/><a href=\"https:\/\/diariodobrasilnoticias.com.br\/noticia\/ex-chefes-militares-se-mobilizam-em-defesa-de-general-apos-denuncia-sobre-suposto-golpe-67bc7411e687c\">Source link <\/a><\/p>","protected":false},"excerpt":{"rendered":"<p>A inclus\u00e3o do general da reserva Estevam Theophilo na lista de denunciados pela PGR (Procuradoria-Geral da Rep\u00fablica) pela articula\u00e7\u00e3o por um golpe de Estado mobilizou integrantes do Alto Comando do&hellip;<\/p>","protected":false},"author":1,"featured_media":106143,"comment_status":"closed","ping_status":"open","sticky":false,"template":"","format":"standard","meta":{"content-type":"","footnotes":""},"categories":[16],"tags":[123,2448,5313,1267],"class_list":["post-106142","post","type-post","status-publish","format-standard","has-post-thumbnail","hentry","category-noticias","tag-brasil","tag-diario","tag-noticia","tag-noticias"],"_links":{"self":[{"href":"https:\/\/tvbrazilusa.com\/pt\/wp-json\/wp\/v2\/posts\/106142","targetHints":{"allow":["GET"]}}],"collection":[{"href":"https:\/\/tvbrazilusa.com\/pt\/wp-json\/wp\/v2\/posts"}],"about":[{"href":"https:\/\/tvbrazilusa.com\/pt\/wp-json\/wp\/v2\/types\/post"}],"author":[{"embeddable":true,"href":"https:\/\/tvbrazilusa.com\/pt\/wp-json\/wp\/v2\/users\/1"}],"replies":[{"embeddable":true,"href":"https:\/\/tvbrazilusa.com\/pt\/wp-json\/wp\/v2\/comments?post=106142"}],"version-history":[{"count":1,"href":"https:\/\/tvbrazilusa.com\/pt\/wp-json\/wp\/v2\/posts\/106142\/revisions"}],"predecessor-version":[{"id":106144,"href":"https:\/\/tvbrazilusa.com\/pt\/wp-json\/wp\/v2\/posts\/106142\/revisions\/106144"}],"wp:featuredmedia":[{"embeddable":true,"href":"https:\/\/tvbrazilusa.com\/pt\/wp-json\/wp\/v2\/media\/106143"}],"wp:attachment":[{"href":"https:\/\/tvbrazilusa.com\/pt\/wp-json\/wp\/v2\/media?parent=106142"}],"wp:term":[{"taxonomy":"category","embeddable":true,"href":"https:\/\/tvbrazilusa.com\/pt\/wp-json\/wp\/v2\/categories?post=106142"},{"taxonomy":"post_tag","embeddable":true,"href":"https:\/\/tvbrazilusa.com\/pt\/wp-json\/wp\/v2\/tags?post=106142"}],"curies":[{"name":"wp","href":"https:\/\/api.w.org\/{rel}","templated":true}]}}