{"id":106145,"date":"2025-02-24T15:44:20","date_gmt":"2025-02-24T15:44:20","guid":{"rendered":"https:\/\/tvbrazilusa.com\/2025\/02\/24\/apos-o-escrutinio-a-duval-cadeir-adiciona-a-equipe-medica-para-reforcar-os-cuidados-jacksonville-hoje\/"},"modified":"2025-02-24T15:49:43","modified_gmt":"2025-02-24T15:49:43","slug":"apos-o-escrutinio-a-duval-cadeir-adiciona-a-equipe-medica-para-reforcar-os-cuidados-jacksonville-hoje","status":"publish","type":"post","link":"https:\/\/tvbrazilusa.com\/pt\/2025\/02\/24\/apos-o-escrutinio-a-duval-cadeir-adiciona-a-equipe-medica-para-reforcar-os-cuidados-jacksonville-hoje\/","title":{"rendered":"Ap\u00f3s o escrut\u00ednio, a Duval Cadeir adiciona a equipe m\u00e9dica para refor\u00e7ar os cuidados | Jacksonville hoje"},"content":{"rendered":"<p> <script async src=\"https:\/\/pagead2.googlesyndication.com\/pagead\/js\/adsbygoogle.js?client=ca-pub-8864793242727901\"\r\n     crossorigin=\"anonymous\"><\/script><br \/>\n<\/p>\n<div>\n<p>O escrit\u00f3rio do xerife de Jacksonville passou o ano passado <a href=\"https:\/\/jaxtrib.org\/2025\/02\/24\/jso-adds-additional-medical-stuff-to-duval-jail-bolstering-care-to-inmates\/\" rel=\"nofollow noopener\" target=\"_blank\">refor\u00e7ando seus cuidados m\u00e9dicos<\/a> Na pris\u00e3o de Duval County, depois de receber cr\u00edticas empolgantes pelo n\u00famero de mortes relatadas nas instala\u00e7\u00f5es, condi\u00e7\u00f5es que levaram uma ag\u00eancia de credenciamento nacional a colocar a pris\u00e3o em liberdade condicional. <\/p>\n<p>A Comiss\u00e3o Nacional de Cuidados de Sa\u00fade Correcional levantou o status de est\u00e1gio do Centro de Deten\u00e7\u00e3o Pr\u00e9 -julgamento John E. Goode em junho, de acordo com documentos que o tribut\u00e1rio recebeu em uma solicita\u00e7\u00e3o de registros p\u00fablicos.<\/p>\n<p>Os documentos esclareceram os esfor\u00e7os que o Gabinete do Xerife de Jacksonville n\u00e3o divulgou para melhorar as condi\u00e7\u00f5es na pris\u00e3o do envelhecimento. O escrit\u00f3rio do xerife n\u00e3o retornou os pedidos de entrevista do tribut\u00e1rio. <\/p>\n<p>A ag\u00eancia de credenciamento colocou a pris\u00e3o em liberdade condicional em abril de 2023 <a href=\"https:\/\/jaxtrib.org\/2023\/07\/26\/national-accrediting-agency-put-duval-jail-on-probation-records-show\/\" target=\"_blank\" rel=\"noreferrer noopener nofollow\">Depois que a ag\u00eancia descobriu uma s\u00e9rie de defeitos<\/a>incluindo um hist\u00f3rico de atrasos na obten\u00e7\u00e3o de medicamentos dos presos e assist\u00eancia m\u00e9dica em geral, um alto n\u00famero de queixas relacionadas \u00e0 assist\u00eancia m\u00e9dica de presos, um padr\u00e3o de atraso na oferta de atendimento m\u00e9dico e odontol\u00f3gico oportunos, um atraso na verifica\u00e7\u00e3o de prescri\u00e7\u00f5es, atrasos na ordem de prescri\u00e7\u00f5es e prescri\u00e7\u00f5es e atrasos na conclus\u00e3o das avalia\u00e7\u00f5es de sa\u00fade necess\u00e1rias dentro de 14 dias.<\/p>\n<p>A Comiss\u00e3o tamb\u00e9m considerou a revis\u00e3o do Gabinete do Xerife sobre mortes na pris\u00e3o <a href=\"https:\/\/jaxtrib.org\/2023\/08\/21\/jacksonville-jails-review-of-deaths-deemed-inadequate-by-accrediting-agency\/\" target=\"_blank\" rel=\"noreferrer noopener nofollow\">ser inadequado<\/a>. <\/p>\n<p>O trabalho do escrit\u00f3rio do xerife corrigindo esses problemas levou \u00e0 adi\u00e7\u00e3o de 14 membros da equipe m\u00e9dica \u00e0 pris\u00e3o do centro, de acordo com a revis\u00e3o da organiza\u00e7\u00e3o de credenciamento.<\/p>\n<p>Cinco meses ap\u00f3s a liberdade condicional, e logo ap\u00f3s o tribut\u00e1rio relataram que as mortes triplicaram depois que o escrit\u00f3rio do xerife assinou um contrato com os Servi\u00e7os de Sa\u00fade Correcional de Armadura, um profissional de sa\u00fade privado, o xerife TK Waters encerrou esse contrato e <a href=\"https:\/\/jaxtrib.org\/2023\/07\/25\/jacksonvilles-jail-death-rate-tripled-after-privatizing-medical-care\/\" target=\"_blank\" rel=\"noreferrer noopener nofollow\">assinou um contrato mais caro<\/a> com outra empresa privada, nafcare. <\/p>\n<p>O afluto encontrado <a href=\"https:\/\/jaxtoday.org\/2025\/01\/17\/duval-jail-deaths-decline\/\">As mortes na pris\u00e3o diminu\u00edram<\/a> em 50% no ano seguinte ao escrit\u00f3rio do xerife, assinou o novo contrato de naphcare. O tribut\u00e1rio perguntou \u00e0 ag\u00eancia em novembro que mudan\u00e7as foram feitas dentro da instala\u00e7\u00e3o para melhorar as condi\u00e7\u00f5es m\u00e9dicas l\u00e1 e n\u00e3o receberam uma resposta. <\/p>\n<p>Mas c\u00f3pias dos relat\u00f3rios de inspe\u00e7\u00e3o de 2024 da pris\u00e3o, entregues ao tribut\u00e1rio em resposta a uma solicita\u00e7\u00e3o de registros apresentada no m\u00eas passado, forneceu informa\u00e7\u00f5es sobre o que o escrit\u00f3rio do xerife e os naphcare t\u00eam feito atr\u00e1s dos muros da instala\u00e7\u00e3o problem\u00e1tica para corrigir os in\u00fameros problemas com o preso cuidado.<\/p>\n<p>Esses relat\u00f3rios inclu\u00edram uma revis\u00e3o da pris\u00e3o pela Comiss\u00e3o Nacional de Cuidados de Sa\u00fade Correcional em junho de 2024, que concluiu que a pris\u00e3o estava 100% em conformidade com seus padr\u00f5es de credenciamento, uma altera\u00e7\u00e3o gritante de suas descobertas anteriores.<\/p>\n<p>Uma revis\u00e3o separada da Comiss\u00e3o de Acredita\u00e7\u00e3o de Corre\u00e7\u00f5es da Fl\u00f3rida constatou que a pris\u00e3o cumpriu altos padr\u00f5es, e uma terceira ag\u00eancia de credenciamento n\u00e3o encontrou defici\u00eancias em suas opera\u00e7\u00f5es no ano passado<\/p>\n<p>Os relat\u00f3rios revelam que a nafcare aumentou a equipe m\u00e9dica da pris\u00e3o por 14 funcion\u00e1rios em per\u00edodo integral, que inclui a adi\u00e7\u00e3o de m\u00e9dicos, um administrador assistente de servi\u00e7os de sa\u00fade, assistente administrativo, m\u00e9dico, fornecedores de n\u00edvel m\u00e9dio, RNS, LPNs e diretor de sa\u00fade mental assistente. Dois oficiais correcionais tamb\u00e9m foram designados para a cl\u00ednica m\u00e9dica para acompanhar os presos de e para as consultas. <\/p>\n<p>O escrit\u00f3rio do xerife disse anteriormente que o custo mais alto do novo contrato era em parte para aumentar sua equipe m\u00e9dica, embora nenhum dos relat\u00f3rios tenha oferecido um colapso dos custos adicionais de pessoal. <\/p>\n<p>A \u00e1rea de reserva agora \u00e9 composta por qualquer hora por um profissional m\u00e9dico de n\u00edvel m\u00e9dio que atenda \u00e0s necessidades imediatas para quem entra na pris\u00e3o e auxilia aqueles com condi\u00e7\u00f5es cr\u00f4nicas ou necessidades especiais. Uma posi\u00e7\u00e3o em tempo integral foi adicionada para garantir que tamb\u00e9m haja uma enfermeira na mesma \u00e1rea dia e noite. <\/p>\n<p>Naphcare tamb\u00e9m adicionou tr\u00eas carrinhos de medicamentos e tr\u00eas enfermeiros em roaming.<\/p>\n<p><em>Esta hist\u00f3ria \u00e9 publicada atrav\u00e9s de uma parceria entre <\/em><a href=\"https:\/\/jaxtoday.org\/\">Jacksonville hoje<\/a><em> e <a href=\"http:\/\/jaxtrib.com\/\" target=\"_blank\" rel=\"noreferrer noopener nofollow\">O afluente<\/a>.<\/em><\/p>\n<\/div>\n<p><br \/>\n<br \/><a href=\"https:\/\/jaxtoday.org\/2025\/02\/24\/duval-jail-medical-staff\/\">Source link <\/a><\/p>","protected":false},"excerpt":{"rendered":"<p>O escrit\u00f3rio do xerife de Jacksonville passou o ano passado refor\u00e7ando seus cuidados m\u00e9dicos Na pris\u00e3o de Duval County, depois de receber cr\u00edticas empolgantes pelo n\u00famero de mortes relatadas nas&hellip;<\/p>","protected":false},"author":1,"featured_media":106146,"comment_status":"closed","ping_status":"open","sticky":false,"template":"","format":"standard","meta":{"content-type":"","footnotes":""},"categories":[1],"tags":[],"class_list":["post-106145","post","type-post","status-publish","format-standard","has-post-thumbnail","hentry","category-uncategorized"],"_links":{"self":[{"href":"https:\/\/tvbrazilusa.com\/pt\/wp-json\/wp\/v2\/posts\/106145","targetHints":{"allow":["GET"]}}],"collection":[{"href":"https:\/\/tvbrazilusa.com\/pt\/wp-json\/wp\/v2\/posts"}],"about":[{"href":"https:\/\/tvbrazilusa.com\/pt\/wp-json\/wp\/v2\/types\/post"}],"author":[{"embeddable":true,"href":"https:\/\/tvbrazilusa.com\/pt\/wp-json\/wp\/v2\/users\/1"}],"replies":[{"embeddable":true,"href":"https:\/\/tvbrazilusa.com\/pt\/wp-json\/wp\/v2\/comments?post=106145"}],"version-history":[{"count":1,"href":"https:\/\/tvbrazilusa.com\/pt\/wp-json\/wp\/v2\/posts\/106145\/revisions"}],"predecessor-version":[{"id":106147,"href":"https:\/\/tvbrazilusa.com\/pt\/wp-json\/wp\/v2\/posts\/106145\/revisions\/106147"}],"wp:featuredmedia":[{"embeddable":true,"href":"https:\/\/tvbrazilusa.com\/pt\/wp-json\/wp\/v2\/media\/106146"}],"wp:attachment":[{"href":"https:\/\/tvbrazilusa.com\/pt\/wp-json\/wp\/v2\/media?parent=106145"}],"wp:term":[{"taxonomy":"category","embeddable":true,"href":"https:\/\/tvbrazilusa.com\/pt\/wp-json\/wp\/v2\/categories?post=106145"},{"taxonomy":"post_tag","embeddable":true,"href":"https:\/\/tvbrazilusa.com\/pt\/wp-json\/wp\/v2\/tags?post=106145"}],"curies":[{"name":"wp","href":"https:\/\/api.w.org\/{rel}","templated":true}]}}