{"id":106154,"date":"2025-02-24T16:19:43","date_gmt":"2025-02-24T16:19:43","guid":{"rendered":"https:\/\/tvbrazilusa.com\/2025\/02\/24\/outro-arremessador-de-partida-do-mets-esta-ferido\/"},"modified":"2025-02-24T16:22:37","modified_gmt":"2025-02-24T16:22:37","slug":"outro-arremessador-de-partida-do-mets-esta-ferido","status":"publish","type":"post","link":"https:\/\/tvbrazilusa.com\/pt\/2025\/02\/24\/outro-arremessador-de-partida-do-mets-esta-ferido\/","title":{"rendered":"Outro arremessador de partida do Mets est\u00e1 ferido"},"content":{"rendered":"<script async src=\"https:\/\/pagead2.googlesyndication.com\/pagead\/js\/adsbygoogle.js?client=ca-pub-8864793242727901\"\r\n     crossorigin=\"anonymous\"><\/script>\n<div>\n<p class=\"article__paragraph article__paragraph--left\" id=\"Z7LZAFC64NBTJO2IZAVWU7R4XY\">O iniciante do Mets, Sean Manaea, tem uma tens\u00e3o obl\u00edqua correta, anunciou o gerente Carlos Mendoza na segunda -feira.<\/p>\n<p class=\"article__paragraph article__paragraph--left\" id=\"6GTQRCS4QBDCDAZ3WEH7IHQQOI\">O canhoto est\u00e1 lidando com a les\u00e3o desde o in\u00edcio do treinamento da primavera e agora ser\u00e1 fechado por algumas semanas. Ele provavelmente come\u00e7ar\u00e1 a temporada na lista lesionada.<\/p>\n<p class=\"article__paragraph article__paragraph--left\" id=\"QWUKHKBRBVFXJAFJF5RJLBVBTU\">A not\u00edcia ocorre uma semana depois que o Mets anunciou que o novo iniciante Frankie Montas sofreu uma cepa Lat de alta qualidade.<\/p>\n<p class=\"article__paragraph article__paragraph--left\" id=\"VUWSCICJKRAQBN7V4XNGN52NKQ\">Montas, que lutou com ferimentos nas \u00faltimas temporadas, ingressou no Mets em dezembro com um contrato de dois anos e US $ 34 milh\u00f5es.<\/p>\n<p class=\"article__paragraph article__paragraph--left\" id=\"ZA2WDRSIPRDURL4VMASZSMMFCI\">Montas exigir\u00e1 um treinamento completo de primavera quando voltar a jogar novamente. Com ele e Manaea machucaram, a rota\u00e7\u00e3o do Mets fica com Kodai Senga, Clay Holmes e David Peterson. As op\u00e7\u00f5es para o back-end projetarem ser o sexto jogador inclu\u00edram Griffin Canning, Tylor Megill e Paul Blackburn, mas um desses iniciantes na fronteira pode se mudar para um papel mais estabelecido. Ou seja, se o Mets n\u00e3o procurar ajuda externa.<\/p>\n<section class=\"Stories-By-Section-Tag-module_wrapper__69Ed7 Stories-By-Section-Tag-module_nj__RFbQx\"\/>\n<p class=\"article__paragraph article__paragraph--left\" id=\"VIJT33HE6NCRJNFYPKS24B6YCQ\"><i>Obrigado por confiar em n\u00f3s para fornecer o jornalismo em que voc\u00ea pode confiar. Por favor, considere nos apoiar com uma assinatura.<\/i><\/p>\n<p class=\"article__paragraph article__paragraph--left\" id=\"KTMEOXRE6BBFXEWVWU3QSUFQRY\"><i>Bridget Hyland pode ser alcan\u00e7ado em <\/i><a href=\"https:\/\/www.nj.com\/sports\/2025\/02\/mailto:bhyland@njadvancemedia.com\" target=\"_blank\" rel=\"\"><i>bhyland@njadvancemedia.com<\/i><\/a><i>.<\/i><\/p>\n<\/div>\n<p><br \/>\n<br \/><a href=\"https:\/\/www.nj.com\/sports\/2025\/02\/another-mets-starting-pitcher-is-injured.html\">Source link <\/a><\/p>","protected":false},"excerpt":{"rendered":"<p>O iniciante do Mets, Sean Manaea, tem uma tens\u00e3o obl\u00edqua correta, anunciou o gerente Carlos Mendoza na segunda -feira. O canhoto est\u00e1 lidando com a les\u00e3o desde o in\u00edcio do&hellip;<\/p>","protected":false},"author":1,"featured_media":12437,"comment_status":"closed","ping_status":"open","sticky":false,"template":"","format":"standard","meta":{"content-type":"","footnotes":""},"categories":[1],"tags":[],"class_list":["post-106154","post","type-post","status-publish","format-standard","has-post-thumbnail","hentry","category-uncategorized"],"_links":{"self":[{"href":"https:\/\/tvbrazilusa.com\/pt\/wp-json\/wp\/v2\/posts\/106154","targetHints":{"allow":["GET"]}}],"collection":[{"href":"https:\/\/tvbrazilusa.com\/pt\/wp-json\/wp\/v2\/posts"}],"about":[{"href":"https:\/\/tvbrazilusa.com\/pt\/wp-json\/wp\/v2\/types\/post"}],"author":[{"embeddable":true,"href":"https:\/\/tvbrazilusa.com\/pt\/wp-json\/wp\/v2\/users\/1"}],"replies":[{"embeddable":true,"href":"https:\/\/tvbrazilusa.com\/pt\/wp-json\/wp\/v2\/comments?post=106154"}],"version-history":[{"count":1,"href":"https:\/\/tvbrazilusa.com\/pt\/wp-json\/wp\/v2\/posts\/106154\/revisions"}],"predecessor-version":[{"id":106155,"href":"https:\/\/tvbrazilusa.com\/pt\/wp-json\/wp\/v2\/posts\/106154\/revisions\/106155"}],"wp:featuredmedia":[{"embeddable":true,"href":"https:\/\/tvbrazilusa.com\/pt\/wp-json\/wp\/v2\/media\/12437"}],"wp:attachment":[{"href":"https:\/\/tvbrazilusa.com\/pt\/wp-json\/wp\/v2\/media?parent=106154"}],"wp:term":[{"taxonomy":"category","embeddable":true,"href":"https:\/\/tvbrazilusa.com\/pt\/wp-json\/wp\/v2\/categories?post=106154"},{"taxonomy":"post_tag","embeddable":true,"href":"https:\/\/tvbrazilusa.com\/pt\/wp-json\/wp\/v2\/tags?post=106154"}],"curies":[{"name":"wp","href":"https:\/\/api.w.org\/{rel}","templated":true}]}}