{"id":106156,"date":"2025-02-24T16:26:59","date_gmt":"2025-02-24T16:26:59","guid":{"rendered":"https:\/\/tvbrazilusa.com\/2025\/02\/24\/musk-declara-que-funcionarios-federais-dos-eua-terao-que-prestar-contas-sobre-seus-trabalhos-ou-serao-demitidos\/"},"modified":"2025-02-24T16:27:01","modified_gmt":"2025-02-24T16:27:01","slug":"musk-declara-que-funcionarios-federais-dos-eua-terao-que-prestar-contas-sobre-seus-trabalhos-ou-serao-demitidos","status":"publish","type":"post","link":"https:\/\/tvbrazilusa.com\/pt\/2025\/02\/24\/musk-declara-que-funcionarios-federais-dos-eua-terao-que-prestar-contas-sobre-seus-trabalhos-ou-serao-demitidos\/","title":{"rendered":"Musk declara que funcion\u00e1rios federais dos EUA ter\u00e3o que prestar contas sobre seus trabalhos ou ser\u00e3o demitidos"},"content":{"rendered":"<p> <script async src=\"https:\/\/pagead2.googlesyndication.com\/pagead\/js\/adsbygoogle.js?client=ca-pub-8864793242727901\"\r\n     crossorigin=\"anonymous\"><\/script><br \/>\n<\/p>\n<div id=\"taboola-read-more\" style=\"display:block; width:100%\">\n<p>Elon Musk anunciou neste s\u00e1bado (22) que funcion\u00e1rios federais dos Estados Unidos receber\u00e3o um e-mail solicitando que prestem contas sobre o que fizeram na \u00faltima semana. De acordo com a mensagem publicada no X, aqueles que n\u00e3o responderem perder\u00e3o seus cargos.\n<\/p>\n<p>&#8220;Seguindo as instru\u00e7\u00f5es do presidente @realDonaldTrump, todos os funcion\u00e1rios federais receber\u00e3o em breve um e-mail solicitando que informem o que fizeram na semana passada. A falta de resposta ser\u00e1 considerada como uma ren\u00fancia [ao cargo].&#8221;<br \/>A declara\u00e7\u00e3o foi feita ap\u00f3s o presidente Donald Trump ter afirmado que esperava um comportamento mais agressivo do empres\u00e1rio no comando do Departamento de Efici\u00eancia Governamental (DOGE).<\/p>\n<p>&#8220;Elon est\u00e1 fazendo um \u00f3timo trabalho, mas gostaria de v\u00ea-lo ser mais agressivo. Lembre-se, temos um pa\u00eds para salvar, mas, ainda mais, para torn\u00e1-lo maior do que nunca. MAGA [Make America Great Again&#8221;, escreveu Trump neste s\u00e1bado na Truth Social.\n<\/p>\n<p>Fonte: Mundo              <\/p>\n<\/div>\n<p><br \/>\n<br \/><a href=\"https:\/\/diariodobrasilnoticias.com.br\/noticia\/musk-declara-que-funcionarios-federais-dos-eua-terao-que-prestar-contas-sobre-seus-trabalhos-ou-serao-demitidos-67bc7c6fcaf82\">Source link <\/a><\/p>","protected":false},"excerpt":{"rendered":"<p>Elon Musk anunciou neste s\u00e1bado (22) que funcion\u00e1rios federais dos Estados Unidos receber\u00e3o um e-mail solicitando que prestem contas sobre o que fizeram na \u00faltima semana. De acordo com a&hellip;<\/p>","protected":false},"author":1,"featured_media":106157,"comment_status":"closed","ping_status":"open","sticky":false,"template":"","format":"standard","meta":{"content-type":"","footnotes":""},"categories":[16],"tags":[123,2448,5313,1267],"class_list":["post-106156","post","type-post","status-publish","format-standard","has-post-thumbnail","hentry","category-noticias","tag-brasil","tag-diario","tag-noticia","tag-noticias"],"_links":{"self":[{"href":"https:\/\/tvbrazilusa.com\/pt\/wp-json\/wp\/v2\/posts\/106156","targetHints":{"allow":["GET"]}}],"collection":[{"href":"https:\/\/tvbrazilusa.com\/pt\/wp-json\/wp\/v2\/posts"}],"about":[{"href":"https:\/\/tvbrazilusa.com\/pt\/wp-json\/wp\/v2\/types\/post"}],"author":[{"embeddable":true,"href":"https:\/\/tvbrazilusa.com\/pt\/wp-json\/wp\/v2\/users\/1"}],"replies":[{"embeddable":true,"href":"https:\/\/tvbrazilusa.com\/pt\/wp-json\/wp\/v2\/comments?post=106156"}],"version-history":[{"count":1,"href":"https:\/\/tvbrazilusa.com\/pt\/wp-json\/wp\/v2\/posts\/106156\/revisions"}],"predecessor-version":[{"id":106158,"href":"https:\/\/tvbrazilusa.com\/pt\/wp-json\/wp\/v2\/posts\/106156\/revisions\/106158"}],"wp:featuredmedia":[{"embeddable":true,"href":"https:\/\/tvbrazilusa.com\/pt\/wp-json\/wp\/v2\/media\/106157"}],"wp:attachment":[{"href":"https:\/\/tvbrazilusa.com\/pt\/wp-json\/wp\/v2\/media?parent=106156"}],"wp:term":[{"taxonomy":"category","embeddable":true,"href":"https:\/\/tvbrazilusa.com\/pt\/wp-json\/wp\/v2\/categories?post=106156"},{"taxonomy":"post_tag","embeddable":true,"href":"https:\/\/tvbrazilusa.com\/pt\/wp-json\/wp\/v2\/tags?post=106156"}],"curies":[{"name":"wp","href":"https:\/\/api.w.org\/{rel}","templated":true}]}}