{"id":106168,"date":"2025-02-24T16:51:26","date_gmt":"2025-02-24T16:51:26","guid":{"rendered":"https:\/\/tvbrazilusa.com\/2025\/02\/24\/escala-de-servico-na-marinha-ex-comandante-indiciado-e-bem-visto-pela-tropa-garnier-defendia-uma-escala-humanizada-para-militares-da-base\/"},"modified":"2025-02-24T16:51:28","modified_gmt":"2025-02-24T16:51:28","slug":"escala-de-servico-na-marinha-ex-comandante-indiciado-e-bem-visto-pela-tropa-garnier-defendia-uma-escala-humanizada-para-militares-da-base","status":"publish","type":"post","link":"https:\/\/tvbrazilusa.com\/pt\/2025\/02\/24\/escala-de-servico-na-marinha-ex-comandante-indiciado-e-bem-visto-pela-tropa-garnier-defendia-uma-escala-humanizada-para-militares-da-base\/","title":{"rendered":"Escala de servi\u00e7o na Marinha: ex-comandante indiciado \u00e9 bem visto pela tropa; Garnier defendia uma escala humanizada para militares da base"},"content":{"rendered":"<p> <script async src=\"https:\/\/pagead2.googlesyndication.com\/pagead\/js\/adsbygoogle.js?client=ca-pub-8864793242727901\"\r\n     crossorigin=\"anonymous\"><\/script><br \/>\n<\/p>\n<div id=\"taboola-read-more\" style=\"display:block; width:100%\">\n<p>Em grupos de militares no WhatsApp alguns\u00a0 lamentam o indiciamento do almirante Almir Garnier no inqu\u00e9rito sob relatoria de Alexandre de Moraes. O oficial general \u00e9 mencionado como um dos poucos que tinha preocupa\u00e7\u00e3o com o bem estar da tropa. Em certo momento o almirante, enquanto era ainda comandante da for\u00e7a, chegou a determinar que n\u00e3o houvesse escala de servi\u00e7o apertada na Marinha do Brasil e que graduados fossem tamb\u00e9m escolhidos para miss\u00f5es no exterior.\n<\/p>\n<\/p>\n<p><strong>A jornada de trabalho e escala de servi\u00e7o nas For\u00e7as Armadas<\/strong><br \/>A jornada de trabalho nas For\u00e7as Armadas Brasileiras \u00e9 palco de in\u00fameras reclama\u00e7\u00f5es e discuss\u00f5es internas. Sem uma legisla\u00e7\u00e3o que estipule quantas horas cada militar pode trabalhar semanalmente, as tropas ficam sujeitas a jornadas excessivas que podem depender do humor de cada comandante de quartel.\n<\/p>\n<p>O comandante do quartel \u00e9 o respons\u00e1vel pela defini\u00e7\u00e3o das escalas de servi\u00e7o. Dependendo do n\u00famero de militares dispon\u00edveis em cada Organiza\u00e7\u00e3o Militar, essas escalas podem adotar o regime conhecido como \u201c1\u00d71\u201d \u2013 um turno de servi\u00e7o seguido de uma folga. Ao final de uma semana, esse regime pode acumular uma carga hor\u00e1ria superior a 80 horas, o que representa o dobro do limite estabelecido pelas normas trabalhistas, elaboradas considerando as condi\u00e7\u00f5es biol\u00f3gicas dos seres humanos.\n<\/p>\n<p>Um pedido de informa\u00e7\u00f5es no portal da CGU demonstra a indigna\u00e7\u00e3o da tropa em rela\u00e7\u00e3o \u00e0s escalas de servi\u00e7o<br \/>\u201cNo Grupamento de Fuzileiros Navais de Bras\u00edlia a escala de servi\u00e7o est\u00e1 exaustiva para os pra\u00e7as enquanto os oficiais (inclusive o senhor Comandante Fl\u00e1vio) d\u00e3o uma carga hor\u00e1ria solecada. A escola de servi\u00e7o exaustiva (128 horas semanais) para os pra\u00e7as enquanto os oficiais d\u00e3o apenas 44 horas semanais fere drasticamente de forma nefasta ao princ\u00edpio da moralidade administrativa. Pois o pra\u00e7a chega a dar o triplo da carga hor\u00e1ria do oficial, entretanto ambos se aposentam com apenas 30 anos de servi\u00e7o. Para subsidiar com provas uma den\u00fancia e a\u00e7\u00e3o popular que devo impetrar. Venho solicitar. Dos Pedidos 1) Enviar c\u00f3pia do detalhe de servi\u00e7o dos pra\u00e7as e oficiais do Grupamento de Fuzileiros Navais de Bras\u00edlia do m\u00eas de maio, junho e julho. 2) Dizer a carga hor\u00e1ria dos soldados fuzileiros navais do Grupamento de Fuzileiros Navais de Bras\u00edlia. 3) Dizer a carga hor\u00e1ria dos oficiais do Grupamento de Fuzileiros Navais de Bras\u00edlia. 4) Dizer a carga hor\u00e1ria do Senhor Comandante (01) do Grupamento de Fuzileiros Navais de Bras\u00edlia. As respostas do 2 ao 4 s\u00e3o do m\u00eas de maio, junho, julho. Os documentos n\u00e3o ser\u00e3o publicados, apenas encaminhados como provas a den\u00fancia ao MPF e para uma A\u00e7\u00e3o Popular\u2026\u201d (Pedido na CGU)\n<\/p>\n<p><strong>Escalas 2 x 1 geram dificuldades na vida social<\/strong><br \/>Militares reclamam muito que com as escalas apertadas como 2\u00d71 e 1\u00d71, que podem terminar com qualquer possibilidade de realiza\u00e7\u00e3o de continuidade de estudos em universidades provadas e com a vida em fam\u00edlia dos militares.\n<\/p>\n<p>Militares ouvidos pela RSM alegam que os motivos para as escalas apertadas s\u00e3o v\u00e1rios e v\u00e3o da desorganiza\u00e7\u00e3o institucional, quando a Marinha n\u00e3o envia militares em n\u00famero suficiente, at\u00e9 castigos impostos pelo comandante, que pode criar postos extras de trabalho como uma esp\u00e9cie de san\u00e7\u00e3o:\n<\/p>\n<p><em>\u201csem uma supervis\u00e3o superior o comandante faz o que quer e se n\u00e3o tem nada escrito que n\u00e3o pode colocar o pessoal em 1\u00d71 ou 2\u00d71 o cara fica a vontade\u2026 hoje em dia, depois do Garnier sair, tem at\u00e9 sargento dando servi\u00e7o em guaritas na Base da Marinha em Niter\u00f3i na Ponta da Arma\u00e7\u00e3o, em escalas apertad\u00edssimas\u201d, narra um suboficial.<\/em>\n<\/p>\n<p><em>\u201cAgora para ficar razo\u00e1vel\u2026o militar, ap\u00f3s um servi\u00e7o de 24 horas, deveria ser licenciado, pegando uma folga de 24 horas, assim como acontece nas for\u00e7as auxiliares, visto que um militar que d\u00e1 servi\u00e7o de 16:00 \u00e0s 20:00h e das 4:00 \u00e0s 8:00h (por exemplo), ao sair de servi\u00e7o e guarnecer em seu expediente qualquer atividade que requeira aten\u00e7\u00e3o, pode resultar em um acidente ou incidente decorrente do cansa\u00e7o de uma noite mal dormida.\u201d<\/em>\n<\/p>\n<p><strong>Garnier defendia escala de servi\u00e7o humanizada<\/strong><br \/>Um dos poucos oficiais generais que j\u00e1 mencionou essa quest\u00e3o em p\u00fablico foi o Almirante de Esquadra Almir Garnier, hoje envolvido no processo que apura supostos crimes contra a democracia Em discurso voltado para a tropa o ex-comandante da Marinha, Almir Garnier, mencionou que na for\u00e7a naval estaria proibido escalas de servi\u00e7o menores que 3 x 1.\n<\/p>\n<p>Fonte: Sociedade Militar              <\/p>\n<\/div>\n<p><br \/>\n<br \/><a href=\"https:\/\/diariodobrasilnoticias.com.br\/noticia\/escala-de-servico-na-marinha-ex-comandante-indiciado-e-bem-visto-pela-tropa-garnier-defendia-uma-escala-humanizada-para-militares-da-base-67bc820e799e6\">Source link <\/a><\/p>","protected":false},"excerpt":{"rendered":"<p>Em grupos de militares no WhatsApp alguns\u00a0 lamentam o indiciamento do almirante Almir Garnier no inqu\u00e9rito sob relatoria de Alexandre de Moraes. O oficial general \u00e9 mencionado como um dos&hellip;<\/p>","protected":false},"author":1,"featured_media":106169,"comment_status":"closed","ping_status":"open","sticky":false,"template":"","format":"standard","meta":{"content-type":"","footnotes":""},"categories":[16],"tags":[123,2448,5313,1267],"class_list":["post-106168","post","type-post","status-publish","format-standard","has-post-thumbnail","hentry","category-noticias","tag-brasil","tag-diario","tag-noticia","tag-noticias"],"_links":{"self":[{"href":"https:\/\/tvbrazilusa.com\/pt\/wp-json\/wp\/v2\/posts\/106168","targetHints":{"allow":["GET"]}}],"collection":[{"href":"https:\/\/tvbrazilusa.com\/pt\/wp-json\/wp\/v2\/posts"}],"about":[{"href":"https:\/\/tvbrazilusa.com\/pt\/wp-json\/wp\/v2\/types\/post"}],"author":[{"embeddable":true,"href":"https:\/\/tvbrazilusa.com\/pt\/wp-json\/wp\/v2\/users\/1"}],"replies":[{"embeddable":true,"href":"https:\/\/tvbrazilusa.com\/pt\/wp-json\/wp\/v2\/comments?post=106168"}],"version-history":[{"count":1,"href":"https:\/\/tvbrazilusa.com\/pt\/wp-json\/wp\/v2\/posts\/106168\/revisions"}],"predecessor-version":[{"id":106170,"href":"https:\/\/tvbrazilusa.com\/pt\/wp-json\/wp\/v2\/posts\/106168\/revisions\/106170"}],"wp:featuredmedia":[{"embeddable":true,"href":"https:\/\/tvbrazilusa.com\/pt\/wp-json\/wp\/v2\/media\/106169"}],"wp:attachment":[{"href":"https:\/\/tvbrazilusa.com\/pt\/wp-json\/wp\/v2\/media?parent=106168"}],"wp:term":[{"taxonomy":"category","embeddable":true,"href":"https:\/\/tvbrazilusa.com\/pt\/wp-json\/wp\/v2\/categories?post=106168"},{"taxonomy":"post_tag","embeddable":true,"href":"https:\/\/tvbrazilusa.com\/pt\/wp-json\/wp\/v2\/tags?post=106168"}],"curies":[{"name":"wp","href":"https:\/\/api.w.org\/{rel}","templated":true}]}}