{"id":106176,"date":"2025-02-24T17:17:57","date_gmt":"2025-02-24T17:17:57","guid":{"rendered":"https:\/\/tvbrazilusa.com\/2025\/02\/24\/apple-revela-investimentos-de-us-500-bilhoes-nos-eua\/"},"modified":"2025-02-24T17:17:58","modified_gmt":"2025-02-24T17:17:58","slug":"apple-revela-investimentos-de-us-500-bilhoes-nos-eua","status":"publish","type":"post","link":"https:\/\/tvbrazilusa.com\/pt\/2025\/02\/24\/apple-revela-investimentos-de-us-500-bilhoes-nos-eua\/","title":{"rendered":"Apple revela investimentos de US$ 500 bilh\u00f5es nos EUA"},"content":{"rendered":"<p> <script async src=\"https:\/\/pagead2.googlesyndication.com\/pagead\/js\/adsbygoogle.js?client=ca-pub-8864793242727901\"\r\n     crossorigin=\"anonymous\"><\/script><br \/>\n<\/p>\n<div id=\"taboola-read-more\" style=\"display:block; width:100%\">\n<p>Apple anunciou um investimento de US$ 500 bilh\u00f5es \u2013 cerca de R$ 2,5 trilh\u00f5es \u2013 nos Estados Unidos nos pr\u00f3ximos quatro anos, incluindo a cria\u00e7\u00e3o de 20 mil empregos e a constru\u00e7\u00e3o de uma nova f\u00e1brica no Texas para servidores de intelig\u00eancia artificial.\n<\/p>\n<p>A decis\u00e3o ocorre dias ap\u00f3s o CEO Tim Cook se reunir com o presidente Donald Trump, que imp\u00f4s tarifas de 10% sobre produtos chineses, for\u00e7ando a empresa a repensar sua cadeia produtiva.<\/p>\n<p>O novo centro de fabrica\u00e7\u00e3o em Houston, com 250 mil metros quadrados, come\u00e7ar\u00e1 a operar em 2026, sendo respons\u00e1vel pela produ\u00e7\u00e3o de servidores avan\u00e7ados antes fabricados no exterior. Al\u00e9m disso, a Apple expandir\u00e1 data centers em estados como Arizona, Iowa, Nevada, Carolina do Norte e Oregon, impulsionando sua aposta em intelig\u00eancia artificial.\n<\/p>\n<p>O an\u00fancio foi visto como uma resposta direta \u00e0s tarifas de Trump, que pressionam empresas americanas a deslocarem a produ\u00e7\u00e3o para os EUA. \u201cEles v\u00e3o fabricar aqui porque n\u00e3o querem pagar as tarifas\u201d, afirmou o presidente durante um evento com governadores.\n<\/p>\n<p>A Foxconn, principal fornecedora da Apple, j\u00e1 havia iniciado uma diversifica\u00e7\u00e3o geogr\u00e1fica, investindo em f\u00e1bricas no Texas e no M\u00e9xico para reduzir sua depend\u00eancia da China.\n<\/p>\n<p>A empresa taiwanesa montava servidores de intelig\u00eancia artificial na Am\u00e9rica Latina e agora ampliar\u00e1 sua estrutura nos EUA.\n<\/p>\n<p>Essa n\u00e3o \u00e9 a primeira vez que a Apple reage a mudan\u00e7as pol\u00edticas com grandes investimentos internos. Em 2021, sob o governo Biden, a empresa anunciou um plano de US$ 430 bilh\u00f5es para fortalecer sua presen\u00e7a nos EUA. Em 2018, no primeiro mandato de Trump, o compromisso foi de US$ 350 bilh\u00f5es.<\/p>\n<p>Fonte: O antagonista              <\/p>\n<\/div>\n<p><br \/>\n<br \/><a href=\"https:\/\/diariodobrasilnoticias.com.br\/noticia\/apple-revela-investimentos-de-us-500-bilhoes-nos-eua-67bc83800e179\">Source link <\/a><\/p>","protected":false},"excerpt":{"rendered":"<p>Apple anunciou um investimento de US$ 500 bilh\u00f5es \u2013 cerca de R$ 2,5 trilh\u00f5es \u2013 nos Estados Unidos nos pr\u00f3ximos quatro anos, incluindo a cria\u00e7\u00e3o de 20 mil empregos e&hellip;<\/p>","protected":false},"author":1,"featured_media":106177,"comment_status":"closed","ping_status":"open","sticky":false,"template":"","format":"standard","meta":{"content-type":"","footnotes":""},"categories":[16],"tags":[123,2448,5313,1267],"class_list":["post-106176","post","type-post","status-publish","format-standard","has-post-thumbnail","hentry","category-noticias","tag-brasil","tag-diario","tag-noticia","tag-noticias"],"_links":{"self":[{"href":"https:\/\/tvbrazilusa.com\/pt\/wp-json\/wp\/v2\/posts\/106176","targetHints":{"allow":["GET"]}}],"collection":[{"href":"https:\/\/tvbrazilusa.com\/pt\/wp-json\/wp\/v2\/posts"}],"about":[{"href":"https:\/\/tvbrazilusa.com\/pt\/wp-json\/wp\/v2\/types\/post"}],"author":[{"embeddable":true,"href":"https:\/\/tvbrazilusa.com\/pt\/wp-json\/wp\/v2\/users\/1"}],"replies":[{"embeddable":true,"href":"https:\/\/tvbrazilusa.com\/pt\/wp-json\/wp\/v2\/comments?post=106176"}],"version-history":[{"count":1,"href":"https:\/\/tvbrazilusa.com\/pt\/wp-json\/wp\/v2\/posts\/106176\/revisions"}],"predecessor-version":[{"id":106178,"href":"https:\/\/tvbrazilusa.com\/pt\/wp-json\/wp\/v2\/posts\/106176\/revisions\/106178"}],"wp:featuredmedia":[{"embeddable":true,"href":"https:\/\/tvbrazilusa.com\/pt\/wp-json\/wp\/v2\/media\/106177"}],"wp:attachment":[{"href":"https:\/\/tvbrazilusa.com\/pt\/wp-json\/wp\/v2\/media?parent=106176"}],"wp:term":[{"taxonomy":"category","embeddable":true,"href":"https:\/\/tvbrazilusa.com\/pt\/wp-json\/wp\/v2\/categories?post=106176"},{"taxonomy":"post_tag","embeddable":true,"href":"https:\/\/tvbrazilusa.com\/pt\/wp-json\/wp\/v2\/tags?post=106176"}],"curies":[{"name":"wp","href":"https:\/\/api.w.org\/{rel}","templated":true}]}}