{"id":106206,"date":"2025-02-24T19:03:08","date_gmt":"2025-02-24T19:03:08","guid":{"rendered":"https:\/\/tvbrazilusa.com\/2025\/02\/24\/a-queimacao-na-perna-causada-por-uma-surpresinha-no-cerebro-entenda\/"},"modified":"2025-02-24T19:03:10","modified_gmt":"2025-02-24T19:03:10","slug":"a-queimacao-na-perna-causada-por-uma-surpresinha-no-cerebro-entenda","status":"publish","type":"post","link":"https:\/\/tvbrazilusa.com\/pt\/2025\/02\/24\/a-queimacao-na-perna-causada-por-uma-surpresinha-no-cerebro-entenda\/","title":{"rendered":"A queima\u00e7\u00e3o na perna causada por uma &#8216;surpresinha&#8217; no c\u00e9rebro; ENTENDA"},"content":{"rendered":"<p> <script async src=\"https:\/\/pagead2.googlesyndication.com\/pagead\/js\/adsbygoogle.js?client=ca-pub-8864793242727901\"\r\n     crossorigin=\"anonymous\"><\/script><br \/>\n<\/p>\n<div id=\"taboola-read-more\" style=\"display:block; width:100%\">\n<p>Recentemente, um caso m\u00e9dico intrigante chamou a aten\u00e7\u00e3o da comunidade cient\u00edfica. Uma mulher, que sofria de uma sensa\u00e7\u00e3o de queima\u00e7\u00e3o na perna, descobriu que a causa do problema estava em seu c\u00e9rebro. A situa\u00e7\u00e3o inusitada revelou a presen\u00e7a de um parasita cerebral, algo raro e preocupante.\n<\/p>\n<p>O diagn\u00f3stico foi feito ap\u00f3s uma s\u00e9rie de exames detalhados, que inclu\u00edram resson\u00e2ncias magn\u00e9ticas e an\u00e1lises laboratoriais. A descoberta de um parasita no c\u00e9rebro como causa de sintomas f\u00edsicos em outra parte do corpo \u00e9 um lembrete da complexidade do organismo humano e dos desafios que os m\u00e9dicos enfrentam ao diagnosticar condi\u00e7\u00f5es incomuns.<\/p>\n<p>Como um Parasita Afeta o C\u00e9rebro?\n<\/p>\n<p>Parasitas podem invadir o c\u00e9rebro de v\u00e1rias maneiras, causando uma s\u00e9rie de sintomas neurol\u00f3gicos. Esses organismos podem entrar no sistema nervoso central atrav\u00e9s da corrente sangu\u00ednea ou por meio de infec\u00e7\u00f5es diretas. Uma vez no c\u00e9rebro, eles podem provocar inflama\u00e7\u00f5es, danos aos tecidos e interferir nas fun\u00e7\u00f5es neurol\u00f3gicas normais.\n<\/p>\n<p>Os sintomas variam dependendo do tipo de parasita e da \u00e1rea do c\u00e9rebro afetada. Podem incluir dores de cabe\u00e7a, convuls\u00f5es, altera\u00e7\u00f5es de comportamento e, como no caso relatado, sensa\u00e7\u00f5es f\u00edsicas an\u00f4malas em outras partes do corpo. O tratamento geralmente envolve medicamentos antiparasit\u00e1rios e, em alguns casos, interven\u00e7\u00e3o cir\u00fargica.\n<\/p>\n<p>Quais S\u00e3o os Parasitas Mais Comuns no C\u00e9rebro?<br \/>Existem v\u00e1rios tipos de parasitas que podem afetar o c\u00e9rebro humano. Entre os mais comuns est\u00e3o:\n<\/p>\n<p>Toxoplasma gondii: Causador da toxoplasmose, frequentemente encontrado em gatos.<br \/>Taenia solium: Conhecida por causar neurocisticercose, uma infec\u00e7\u00e3o que ocorre ap\u00f3s a ingest\u00e3o de ovos do parasita.<br \/>Naegleria fowleri: Um parasita raro que pode causar meningoencefalite amebiana prim\u00e1ria, geralmente fatal.\n<\/p>\n<p>Como Prevenir Infec\u00e7\u00f5es Parasit\u00e1rias?<br \/>A preven\u00e7\u00e3o de infec\u00e7\u00f5es parasit\u00e1rias envolve pr\u00e1ticas de higiene e seguran\u00e7a alimentar. Algumas medidas incluem:\n<\/p>\n<p>Lavar bem as m\u00e3os antes de comer e ap\u00f3s usar o banheiro.<br \/>Cozinhar bem carnes e evitar o consumo de alimentos crus ou mal cozidos.<br \/>Evitar o contato com \u00e1gua contaminada, especialmente em \u00e1reas conhecidas por abrigar parasitas.\n<\/p>\n<p>O Impacto dos Parasitas na Sa\u00fade Global<br \/>Parasitas representam um desafio significativo para a sa\u00fade p\u00fablica em todo o mundo. Eles afetam milh\u00f5es de pessoas, especialmente em regi\u00f5es com infraestrutura sanit\u00e1ria inadequada. A pesquisa cont\u00ednua e o desenvolvimento de tratamentos eficazes s\u00e3o essenciais para combater essas infec\u00e7\u00f5es e melhorar a qualidade de vida das popula\u00e7\u00f5es afetadas.\n<\/p>\n<p>O caso da mulher com sensa\u00e7\u00e3o de queima\u00e7\u00e3o na perna destaca a import\u00e2ncia de diagn\u00f3sticos precisos e do avan\u00e7o na compreens\u00e3o das doen\u00e7as parasit\u00e1rias. Com a evolu\u00e7\u00e3o das t\u00e9cnicas m\u00e9dicas, espera-se que mais casos possam ser identificados e tratados de forma eficaz, reduzindo o impacto desses organismos na sa\u00fade humana.<\/p>\n<p>Fonte: O antagonista              <\/p>\n<\/div>\n<p><br \/>\n<br \/><a href=\"https:\/\/diariodobrasilnoticias.com.br\/noticia\/a-queimacao-na-perna-causada-por-uma-surpresinha-no-cerebro-entenda-67bc9e129d208\">Source link <\/a><\/p>","protected":false},"excerpt":{"rendered":"<p>Recentemente, um caso m\u00e9dico intrigante chamou a aten\u00e7\u00e3o da comunidade cient\u00edfica. Uma mulher, que sofria de uma sensa\u00e7\u00e3o de queima\u00e7\u00e3o na perna, descobriu que a causa do problema estava em&hellip;<\/p>","protected":false},"author":1,"featured_media":106207,"comment_status":"closed","ping_status":"open","sticky":false,"template":"","format":"standard","meta":{"content-type":"","footnotes":""},"categories":[16],"tags":[123,2448,5313,1267],"class_list":["post-106206","post","type-post","status-publish","format-standard","has-post-thumbnail","hentry","category-noticias","tag-brasil","tag-diario","tag-noticia","tag-noticias"],"_links":{"self":[{"href":"https:\/\/tvbrazilusa.com\/pt\/wp-json\/wp\/v2\/posts\/106206","targetHints":{"allow":["GET"]}}],"collection":[{"href":"https:\/\/tvbrazilusa.com\/pt\/wp-json\/wp\/v2\/posts"}],"about":[{"href":"https:\/\/tvbrazilusa.com\/pt\/wp-json\/wp\/v2\/types\/post"}],"author":[{"embeddable":true,"href":"https:\/\/tvbrazilusa.com\/pt\/wp-json\/wp\/v2\/users\/1"}],"replies":[{"embeddable":true,"href":"https:\/\/tvbrazilusa.com\/pt\/wp-json\/wp\/v2\/comments?post=106206"}],"version-history":[{"count":1,"href":"https:\/\/tvbrazilusa.com\/pt\/wp-json\/wp\/v2\/posts\/106206\/revisions"}],"predecessor-version":[{"id":106208,"href":"https:\/\/tvbrazilusa.com\/pt\/wp-json\/wp\/v2\/posts\/106206\/revisions\/106208"}],"wp:featuredmedia":[{"embeddable":true,"href":"https:\/\/tvbrazilusa.com\/pt\/wp-json\/wp\/v2\/media\/106207"}],"wp:attachment":[{"href":"https:\/\/tvbrazilusa.com\/pt\/wp-json\/wp\/v2\/media?parent=106206"}],"wp:term":[{"taxonomy":"category","embeddable":true,"href":"https:\/\/tvbrazilusa.com\/pt\/wp-json\/wp\/v2\/categories?post=106206"},{"taxonomy":"post_tag","embeddable":true,"href":"https:\/\/tvbrazilusa.com\/pt\/wp-json\/wp\/v2\/tags?post=106206"}],"curies":[{"name":"wp","href":"https:\/\/api.w.org\/{rel}","templated":true}]}}