{"id":106217,"date":"2025-02-24T19:28:15","date_gmt":"2025-02-24T19:28:15","guid":{"rendered":"https:\/\/tvbrazilusa.com\/2025\/02\/24\/trump-desconsidera-o-protocolo-de-recepcao-de-chefes-de-estado-na-porta-da-casa-branca-gerando-comentarios-negativos-veja-video\/"},"modified":"2025-02-24T19:28:17","modified_gmt":"2025-02-24T19:28:17","slug":"trump-desconsidera-o-protocolo-de-recepcao-de-chefes-de-estado-na-porta-da-casa-branca-gerando-comentarios-negativos-veja-video","status":"publish","type":"post","link":"https:\/\/tvbrazilusa.com\/pt\/2025\/02\/24\/trump-desconsidera-o-protocolo-de-recepcao-de-chefes-de-estado-na-porta-da-casa-branca-gerando-comentarios-negativos-veja-video\/","title":{"rendered":"Trump desconsidera o protocolo de recep\u00e7\u00e3o de chefes de Estado na porta da Casa Branca, gerando coment\u00e1rios negativos; VEJA V\u00cdDEO"},"content":{"rendered":"<p> <script async src=\"https:\/\/pagead2.googlesyndication.com\/pagead\/js\/adsbygoogle.js?client=ca-pub-8864793242727901\"\r\n     crossorigin=\"anonymous\"><\/script><br \/>\n<\/p>\n<div>\n<figure class=\"post-image\">\n<\/figure>\n<p>            <span style=\"font-size: 12px\">Reprodu\u00e7\u00e3o<\/span><\/p>\n<p>            <!-- end metas --><br \/>\n            <!-- ADS --><\/p>\n<div id=\"taboola-read-more\" style=\"display:block; width:100%\">\n<p>Durante uma visita oficial \u00e0 Casa Branca, o presidente franc\u00eas Emmanuel Macron foi recebido de maneira inesperada pelo ent\u00e3o presidente Donald Trump, que optou por n\u00e3o cumpriment\u00e1-lo. O epis\u00f3dio, que chamou aten\u00e7\u00e3o internacionalmente, ocorreu em meio a um contexto de tens\u00f5es diplom\u00e1ticas entre os dois l\u00edderes, marcados por diverg\u00eancias em temas como com\u00e9rcio, mudan\u00e7as clim\u00e1ticas e acordos internacionais. A aus\u00eancia do tradicional aperto de m\u00e3os, um gesto simb\u00f3lico de cortesia entre chefes de Estado, foi interpretada por analistas como um reflexo das rela\u00e7\u00f5es frias entre os Estados Unidos e a Fran\u00e7a naquele momento.\n<\/p>\n<p><strong>ASSISTA:<\/strong><\/p>\n<blockquote class=\"twitter-tweet\" data-media-max-width=\"560\">\n<p dir=\"ltr\" lang=\"en\">French President Macron arrived at the White House and President Trump didn\u2019t greet him<\/p>\n<p>Macron is in trouble and he knows it <a href=\"https:\/\/t.co\/FhaxX42w4n\">pic.twitter.com\/FhaxX42w4n<\/a><br \/>\n\u2014 DC_Draino (@DC_Draino) <a href=\"https:\/\/twitter.com\/DC_Draino\/status\/1894024891344560160?ref_src=twsrc%5Etfw\">February 24, 2025<\/a><\/p>\n<\/blockquote>\n<\/div>\n<p>Fonte: @dc_braino \/ X              <\/p>\n<\/div>\n<p><script async src=\"\/\/platform.twitter.com\/widgets.js\" charset=\"utf-8\"><\/script><br \/>\n<br \/><br \/>\n<br \/><a href=\"https:\/\/diariodobrasilnoticias.com.br\/noticia\/trump-desconsidera-o-protocolo-de-recepcao-de-chefes-de-estado-na-porta-da-casa-branca-gerando-comentarios-negativos-veja-video-67bcb0bc32c24\">Source link <\/a><\/p>","protected":false},"excerpt":{"rendered":"<p>Reprodu\u00e7\u00e3o Durante uma visita oficial \u00e0 Casa Branca, o presidente franc\u00eas Emmanuel Macron foi recebido de maneira inesperada pelo ent\u00e3o presidente Donald Trump, que optou por n\u00e3o cumpriment\u00e1-lo. O epis\u00f3dio,&hellip;<\/p>","protected":false},"author":1,"featured_media":106218,"comment_status":"closed","ping_status":"open","sticky":false,"template":"","format":"standard","meta":{"content-type":"","footnotes":""},"categories":[16],"tags":[123,2448,5313,1267],"class_list":["post-106217","post","type-post","status-publish","format-standard","has-post-thumbnail","hentry","category-noticias","tag-brasil","tag-diario","tag-noticia","tag-noticias"],"_links":{"self":[{"href":"https:\/\/tvbrazilusa.com\/pt\/wp-json\/wp\/v2\/posts\/106217","targetHints":{"allow":["GET"]}}],"collection":[{"href":"https:\/\/tvbrazilusa.com\/pt\/wp-json\/wp\/v2\/posts"}],"about":[{"href":"https:\/\/tvbrazilusa.com\/pt\/wp-json\/wp\/v2\/types\/post"}],"author":[{"embeddable":true,"href":"https:\/\/tvbrazilusa.com\/pt\/wp-json\/wp\/v2\/users\/1"}],"replies":[{"embeddable":true,"href":"https:\/\/tvbrazilusa.com\/pt\/wp-json\/wp\/v2\/comments?post=106217"}],"version-history":[{"count":1,"href":"https:\/\/tvbrazilusa.com\/pt\/wp-json\/wp\/v2\/posts\/106217\/revisions"}],"predecessor-version":[{"id":106219,"href":"https:\/\/tvbrazilusa.com\/pt\/wp-json\/wp\/v2\/posts\/106217\/revisions\/106219"}],"wp:featuredmedia":[{"embeddable":true,"href":"https:\/\/tvbrazilusa.com\/pt\/wp-json\/wp\/v2\/media\/106218"}],"wp:attachment":[{"href":"https:\/\/tvbrazilusa.com\/pt\/wp-json\/wp\/v2\/media?parent=106217"}],"wp:term":[{"taxonomy":"category","embeddable":true,"href":"https:\/\/tvbrazilusa.com\/pt\/wp-json\/wp\/v2\/categories?post=106217"},{"taxonomy":"post_tag","embeddable":true,"href":"https:\/\/tvbrazilusa.com\/pt\/wp-json\/wp\/v2\/tags?post=106217"}],"curies":[{"name":"wp","href":"https:\/\/api.w.org\/{rel}","templated":true}]}}