{"id":106257,"date":"2025-02-24T20:53:39","date_gmt":"2025-02-24T20:53:39","guid":{"rendered":"https:\/\/tvbrazilusa.com\/2025\/02\/24\/bolsonaro-nao-deveria-ser-julgado-por-moraes-e-nem-mesmo-pelo-stf-afirma-jurista\/"},"modified":"2025-02-24T20:53:42","modified_gmt":"2025-02-24T20:53:42","slug":"bolsonaro-nao-deveria-ser-julgado-por-moraes-e-nem-mesmo-pelo-stf-afirma-jurista","status":"publish","type":"post","link":"https:\/\/tvbrazilusa.com\/pt\/2025\/02\/24\/bolsonaro-nao-deveria-ser-julgado-por-moraes-e-nem-mesmo-pelo-stf-afirma-jurista\/","title":{"rendered":"Bolsonaro n\u00e3o deveria ser julgado por Moraes e nem mesmo pelo STF, afirma jurista"},"content":{"rendered":"<p> <script async src=\"https:\/\/pagead2.googlesyndication.com\/pagead\/js\/adsbygoogle.js?client=ca-pub-8864793242727901\"\r\n     crossorigin=\"anonymous\"><\/script><br \/>\n<\/p>\n<div id=\"taboola-read-more\" style=\"display:block; width:100%\">\n<p>A den\u00fancia contra o ex-presidente Jair Bolsonaro que o acusa de liderar uma tentativa de golpe de Estado \u00e9 robusta e deve levar \u00e0 abertura de um processo criminal contra ele em pouco tempo, avalia o doutor em Direito Processual Penal e professor da Pontif\u00edcia Universidade Cat\u00f3lica do Rio Grande do Sul Aury Lopes Jr.\n<\/p>\n<p>Mas esse julgamento, afirma, n\u00e3o deveria ocorrer no Supremo Tribunal Federal (STF), e sim na primeira inst\u00e2ncia do Poder Judici\u00e1rio, j\u00e1 que Bolsonaro n\u00e3o ocupa mais cargo p\u00fablico com foro especial no STF.<\/p>\n<p>Al\u00e9m de contestar a legitimidade da Corte para analisar a den\u00fancia, Lopes Jr tamb\u00e9m considera errado que o caso continue sob an\u00e1lise do ministro Alexandre de Moraes, relator da investiga\u00e7\u00e3o contra Bolsonaro e outros suspeitos de tentar impedir a posse do presidente Luiz In\u00e1cio Lula da Silva.\n<\/p>\n<p>Na sua vis\u00e3o, seria &#8220;salutar&#8221; para a credibilidade do STF que Moraes se declarasse suspeito, devido a seu intenso envolvimento na fase investigat\u00f3ria e tamb\u00e9m por ter sido alvo de um suposto plano do grupo denunciado para mat\u00e1-lo.\n<\/p>\n<p>&#8220;Quando voc\u00ea \u00e9 chamado a tomar v\u00e1rias decis\u00f5es sobre o caso [durante o inqu\u00e9rito] e depois voc\u00ea tem que julgar esse caso, voc\u00ea est\u00e1 contaminado. Voc\u00ea j\u00e1 tem uma vis\u00e3o pr\u00e9-estabelecida, isso \u00e9 da natureza humana&#8221;, argumenta.\n<\/p>\n<p>&#8220;Ele se declarar suspeito contribuiria muito para a lisura, a transpar\u00eancia de regularidade desse processo, e talvez pra diminuir eventuais cr\u00edticas de viola\u00e7\u00e3o do processo&#8221;, acrescentou.\n<\/p>\n<p>No entanto, o professor n\u00e3o acredita que STF ou Moraes recuar\u00e3o de julgar a den\u00fancia contra Bolsonaro. Dezenas de pessoas sem foro privilegiado j\u00e1 foram processadas e condenadas no STF por tentativa de golpe de Estado devido ao envolvimento nos atos de 8 de janeiro de 2023.\n<\/p>\n<p>Apesar dos questionamentos da defesa, a maioria dos ministros decidiu pela continua\u00e7\u00e3o dos casos na Corte por tratarem de ataques ao pr\u00f3prio STF e ao Estado Democr\u00e1tico de Direito. Esse entendimento foi inaugurado com o controverso Inqu\u00e9rito das Fake News, em 2019, quando o STF deu uma interpreta\u00e7\u00e3o ampliada a seu regimento interno, que autoriza a pr\u00f3pria Corte a abrir inqu\u00e9ritos para apurar crimes ocorridos dentro do Tribunal.\n<\/p>\n<p>A previs\u00e3o \u00e9 que a den\u00fancia contra Bolsonaro seja julgada na Primeira Turma do Supremo, formada por cinco ministros: Moraes, C\u00e1rmen L\u00facia, Luiz Fux, Cristiano Zanin e Fl\u00e1vio Dino.\n<\/p>\n<p>Para Lopes Jr, \u00e9 poss\u00edvel que os denunciados se tornem r\u00e9us at\u00e9 abril. Por sua experi\u00eancia, ele estima que um processo criminal com essa complexidade poderia durar dois anos.\n<\/p>\n<p>Informa\u00e7\u00f5es da imprensa brasileira, por\u00e9m, indicam que a Corte tentar\u00e1 concluir o processo ainda em 2025, para que o julgamento n\u00e3o contamine o processo eleitoral de 2026.\n<\/p>\n<p>&#8220;O Supremo n\u00e3o deveria estar preocupado com expectativas pol\u00edticas de um julgamento&#8221;, ressalta.\n<\/p>\n<p>Fonte: BBC News\n              <\/p>\n<\/div>\n<p><br \/>\n<br \/><a href=\"https:\/\/diariodobrasilnoticias.com.br\/noticia\/bolsonaro-nao-deveria-ser-julgado-por-moraes-e-nem-mesmo-pelo-stf-afirma-jurista-67bcc248f11a8\">Source link <\/a><\/p>","protected":false},"excerpt":{"rendered":"<p>A den\u00fancia contra o ex-presidente Jair Bolsonaro que o acusa de liderar uma tentativa de golpe de Estado \u00e9 robusta e deve levar \u00e0 abertura de um processo criminal contra&hellip;<\/p>","protected":false},"author":1,"featured_media":106258,"comment_status":"closed","ping_status":"open","sticky":false,"template":"","format":"standard","meta":{"content-type":"","footnotes":""},"categories":[16],"tags":[123,2448,5313,1267],"class_list":["post-106257","post","type-post","status-publish","format-standard","has-post-thumbnail","hentry","category-noticias","tag-brasil","tag-diario","tag-noticia","tag-noticias"],"_links":{"self":[{"href":"https:\/\/tvbrazilusa.com\/pt\/wp-json\/wp\/v2\/posts\/106257","targetHints":{"allow":["GET"]}}],"collection":[{"href":"https:\/\/tvbrazilusa.com\/pt\/wp-json\/wp\/v2\/posts"}],"about":[{"href":"https:\/\/tvbrazilusa.com\/pt\/wp-json\/wp\/v2\/types\/post"}],"author":[{"embeddable":true,"href":"https:\/\/tvbrazilusa.com\/pt\/wp-json\/wp\/v2\/users\/1"}],"replies":[{"embeddable":true,"href":"https:\/\/tvbrazilusa.com\/pt\/wp-json\/wp\/v2\/comments?post=106257"}],"version-history":[{"count":1,"href":"https:\/\/tvbrazilusa.com\/pt\/wp-json\/wp\/v2\/posts\/106257\/revisions"}],"predecessor-version":[{"id":106259,"href":"https:\/\/tvbrazilusa.com\/pt\/wp-json\/wp\/v2\/posts\/106257\/revisions\/106259"}],"wp:featuredmedia":[{"embeddable":true,"href":"https:\/\/tvbrazilusa.com\/pt\/wp-json\/wp\/v2\/media\/106258"}],"wp:attachment":[{"href":"https:\/\/tvbrazilusa.com\/pt\/wp-json\/wp\/v2\/media?parent=106257"}],"wp:term":[{"taxonomy":"category","embeddable":true,"href":"https:\/\/tvbrazilusa.com\/pt\/wp-json\/wp\/v2\/categories?post=106257"},{"taxonomy":"post_tag","embeddable":true,"href":"https:\/\/tvbrazilusa.com\/pt\/wp-json\/wp\/v2\/tags?post=106257"}],"curies":[{"name":"wp","href":"https:\/\/api.w.org\/{rel}","templated":true}]}}