{"id":106265,"date":"2025-02-24T21:06:43","date_gmt":"2025-02-24T21:06:43","guid":{"rendered":"https:\/\/tvbrazilusa.com\/2025\/02\/24\/roberta-flack-icone-do-soul-e-reb-morre-aos-88-anos\/"},"modified":"2025-02-24T21:06:44","modified_gmt":"2025-02-24T21:06:44","slug":"roberta-flack-icone-do-soul-e-reb-morre-aos-88-anos","status":"publish","type":"post","link":"https:\/\/tvbrazilusa.com\/pt\/2025\/02\/24\/roberta-flack-icone-do-soul-e-reb-morre-aos-88-anos\/","title":{"rendered":"Roberta Flack, \u00edcone do soul e ReB, morre aos 88 anos"},"content":{"rendered":"<p> <script async src=\"https:\/\/pagead2.googlesyndication.com\/pagead\/js\/adsbygoogle.js?client=ca-pub-8864793242727901\"\r\n     crossorigin=\"anonymous\"><\/script><br \/>\n<\/p>\n<div id=\"taboola-read-more\" style=\"display:block; width:100%\">\n<p>Roberta Flack, a cantora de soul e R&#038;B, morreu aos 88 anos, nesta segunda-feira, 24. Ela \u00e9 reconhecida por suas interpreta\u00e7\u00f5es ic\u00f4nicas de Killing Me Softly With His Song e Tonight I Celebrate My Love.\n<\/p>\n<p>A morte foi confirmada por seus representantes, mas a causa n\u00e3o foi divulgada. H\u00e1 tr\u00eas anos, Flack revelou ter sido diagnosticada com esclerose lateral amiotr\u00f3fica, tamb\u00e9m conhecida como doen\u00e7a de Lou Gehrig, que afetava suas habilidades de fala e canto.<\/p>\n<p>Em comunicado, os representantes expressaram pesar. \u201cEstamos com o cora\u00e7\u00e3o partido, porque a gloriosa Roberta Flack faleceu nesta manh\u00e3\u201d, afirmam. Ela morreu cercada por seus familiares, segundo a nota.\n<\/p>\n<p>Pianista de forma\u00e7\u00e3o cl\u00e1ssica, Flack quebrou barreiras na ind\u00fastria musical e era uma educadora apaixonada. Ela alcan\u00e7ou reconhecimento internacional em 1971, quando o cineasta Clint Eastwood escolheu a can\u00e7\u00e3o The First Time Ever I Saw Your Face para a trilha sonora do filme Perversa Paix\u00e3o.\n<\/p>\n<p><strong>A Roberta Flack<\/strong>\n<\/p>\n<p>Nascida em 10 de fevereiro de 1937, em Black Mountain, na Carolina do Norte, nos Estados Unidos, Roberta Flack mostrou talento precoce para a m\u00fasica, ao aprender piano aos 9 anos. Aos 15, ingressou na Howard University, em Washington D.C., com bolsa integral.\n<\/p>\n<p>Depois de se formar, come\u00e7ou a se apresentar e gravou seu primeiro disco. Por\u00e9m, o sucesso significativo veio em 1971, quando sua m\u00fasica foi destaque no cinema.\n<\/p>\n<p>Com forte influ\u00eancia do jazz, sua m\u00fasica era caracterizada por um tom suave e uma voz precisa, elementos que definiam sua carreira, ao diferenciar-se da disco music dos anos 1970.\n<\/p>\n<p>Conhecida por suas can\u00e7\u00f5es de temas s\u00f3brios, Flack contrastava com a m\u00fasica mais voltada para o entretenimento da \u00e9poca. Durante sua carreira, visitou o Brasil em v\u00e1rias ocasi\u00f5es.\n<\/p>\n<p>Apesar das dificuldades impostas pela doen\u00e7a, Roberta Flack continuou a lan\u00e7ar m\u00fasicas, o que inclui um \u00e1lbum de covers dos Beatles, intitulado Let It Be Roberta, em 2012.\n<\/p>\n<p>Em entrevista, ela compartilhou uma lembran\u00e7a: ao saber da morte de John Lennon durante uma apresenta\u00e7\u00e3o na Nova Zel\u00e2ndia, saiu do palco \u00e0s l\u00e1grimas e, ao retornar, emocionou o p\u00fablico ao cantar Imagine.\n<\/p>\n<p>Flack residia no mesmo Edif\u00edcio Dakota, em Nova York, que Lennon e Yoko Ono, local onde o ex-Beatle foi assassinado.\n<\/p>\n<p>Fonte: Revista Oeste              <\/p>\n<\/div>\n<p><br \/>\n<br \/><a href=\"https:\/\/diariodobrasilnoticias.com.br\/noticia\/roberta-flack-icone-do-soul-e-r-b-morre-aos-88-anos-67bcc324a44dc\">Source link <\/a><\/p>","protected":false},"excerpt":{"rendered":"<p>Roberta Flack, a cantora de soul e R&#038;B, morreu aos 88 anos, nesta segunda-feira, 24. Ela \u00e9 reconhecida por suas interpreta\u00e7\u00f5es ic\u00f4nicas de Killing Me Softly With His Song e&hellip;<\/p>","protected":false},"author":1,"featured_media":106266,"comment_status":"closed","ping_status":"open","sticky":false,"template":"","format":"standard","meta":{"content-type":"","footnotes":""},"categories":[16],"tags":[123,2448,5313,1267],"class_list":["post-106265","post","type-post","status-publish","format-standard","has-post-thumbnail","hentry","category-noticias","tag-brasil","tag-diario","tag-noticia","tag-noticias"],"_links":{"self":[{"href":"https:\/\/tvbrazilusa.com\/pt\/wp-json\/wp\/v2\/posts\/106265","targetHints":{"allow":["GET"]}}],"collection":[{"href":"https:\/\/tvbrazilusa.com\/pt\/wp-json\/wp\/v2\/posts"}],"about":[{"href":"https:\/\/tvbrazilusa.com\/pt\/wp-json\/wp\/v2\/types\/post"}],"author":[{"embeddable":true,"href":"https:\/\/tvbrazilusa.com\/pt\/wp-json\/wp\/v2\/users\/1"}],"replies":[{"embeddable":true,"href":"https:\/\/tvbrazilusa.com\/pt\/wp-json\/wp\/v2\/comments?post=106265"}],"version-history":[{"count":1,"href":"https:\/\/tvbrazilusa.com\/pt\/wp-json\/wp\/v2\/posts\/106265\/revisions"}],"predecessor-version":[{"id":106267,"href":"https:\/\/tvbrazilusa.com\/pt\/wp-json\/wp\/v2\/posts\/106265\/revisions\/106267"}],"wp:featuredmedia":[{"embeddable":true,"href":"https:\/\/tvbrazilusa.com\/pt\/wp-json\/wp\/v2\/media\/106266"}],"wp:attachment":[{"href":"https:\/\/tvbrazilusa.com\/pt\/wp-json\/wp\/v2\/media?parent=106265"}],"wp:term":[{"taxonomy":"category","embeddable":true,"href":"https:\/\/tvbrazilusa.com\/pt\/wp-json\/wp\/v2\/categories?post=106265"},{"taxonomy":"post_tag","embeddable":true,"href":"https:\/\/tvbrazilusa.com\/pt\/wp-json\/wp\/v2\/tags?post=106265"}],"curies":[{"name":"wp","href":"https:\/\/api.w.org\/{rel}","templated":true}]}}