{"id":106270,"date":"2025-02-24T21:18:02","date_gmt":"2025-02-24T21:18:02","guid":{"rendered":"https:\/\/tvbrazilusa.com\/2025\/02\/24\/qual-e-a-posicao-da-pf-sobre-a-relacao-de-jair-bolsonaro-com-donald-trump\/"},"modified":"2025-02-24T21:18:04","modified_gmt":"2025-02-24T21:18:04","slug":"qual-e-a-posicao-da-pf-sobre-a-relacao-de-jair-bolsonaro-com-donald-trump","status":"publish","type":"post","link":"https:\/\/tvbrazilusa.com\/pt\/2025\/02\/24\/qual-e-a-posicao-da-pf-sobre-a-relacao-de-jair-bolsonaro-com-donald-trump\/","title":{"rendered":"Qual \u00e9 a posi\u00e7\u00e3o da PF sobre a rela\u00e7\u00e3o de Jair Bolsonaro com Donald Trump"},"content":{"rendered":"<p> <script async src=\"https:\/\/pagead2.googlesyndication.com\/pagead\/js\/adsbygoogle.js?client=ca-pub-8864793242727901\"\r\n     crossorigin=\"anonymous\"><\/script><br \/>\n<\/p>\n<div id=\"taboola-read-more\" style=\"display:block; width:100%\">\n<p>Relat\u00f3rios produzidos pela Pol\u00edcia Federal mostram que os inqu\u00e9ritos conduzidos pelo ministro Alexandre de Moraes, do Supremo Tribunal Federal (STF), apontam para um mesmo modo de atua\u00e7\u00e3o de aliados de Jair Bolsonaro (PL) e do atual presidente dos Estados Unidos, Donald Trump.\n<\/p>\n<p>Moraes, atualmente, est\u00e1 na mira do grupo empresarial de Trump ap\u00f3s dar decis\u00f5es contra a plataforma Rumble.<\/p>\n<p>O Rumble e a Trump Media &#038; Techonology acionaram a Justi\u00e7a americana para conseguir uma autoriza\u00e7\u00e3o para n\u00e3o cumprir as decis\u00f5es ordenadas pelo ministro da Suprema Corte brasileira.\n<\/p>\n<p>Documentos da PF acessados pela coluna mostram que ao menos desde 2021 os inqu\u00e9ritos relatados por Moraes j\u00e1 indicavam a exist\u00eancia de uma rela\u00e7\u00e3o entre o modo de atua\u00e7\u00e3o de bolsonaristas e trumpistas.\n<\/p>\n<p>Em 2021, um ex-assessor de Trump, Jason Miller, chegou a ser detido pela PF para prestar depoimento durante uma visita ao Brasil.\n<\/p>\n<p>De acordo com a PF, os inqu\u00e9ritos das Mil\u00edcias Digitais e das Fake News, relatados por Mores, mostram que tanto a rede bolsonaristas como a trumpista seguiam um padr\u00e3o.\n<\/p>\n<p>Esse padr\u00e3o, diz a PF, teria sido desenvolvido por Steve Bannon, ex-estrategista de Trump.\n<\/p>\n<p>A PF apontou para a rela\u00e7\u00e3o entre o americano e o ex-presidente brasileiro em relat\u00f3rio produzidos em 2021. Naquele momento, Trump j\u00e1 havia deixado a presid\u00eancia e era investigado nos desdobramentos da invas\u00e3o ao Capit\u00f3lio, em 6 de janeiro daquele ano.\n<\/p>\n<p>Bolsonaro, por sua vez, mirava nas urnas para desacreditar o sistema eleitoral brasileiro.\n<\/p>\n<p>Nos documentos, a PF afirma que as redes bolsonaristas e trumpista atuam de forma a influenciar a popula\u00e7\u00e3o sobre alguns temas com o objetivo de angariar \u201cvantagens pol\u00edtico-partid\u00e1rias e\/ou financeiras.\u201d\n<\/p>\n<p>Atuando dessa forma, diz a PF, os aliados dos dois pol\u00edticos diminuem \u201ca fronteira entre o que \u00e9 verdade e o que \u00e9 mentira.\u201d\n<\/p>\n<p>\u201cEssa atua\u00e7\u00e3o transforma rapidamente ideologia em mercadoria, levando os disseminadores a estimular a polariza\u00e7\u00e3o e o acirramento do debate para manter o fluxo de dinheiro pelo n\u00famero de visualiza\u00e7\u00f5es\u201d, afirmou a PF.\n<\/p>\n<p>Fonte: Metr\u00f3poles              <\/p>\n<\/div>\n<p><br \/>\n<br \/><a href=\"https:\/\/diariodobrasilnoticias.com.br\/noticia\/qual-e-a-posicao-da-pf-sobre-a-relacao-de-jair-bolsonaro-com-donald-trump-67bcc4c007a86\">Source link <\/a><\/p>","protected":false},"excerpt":{"rendered":"<p>Relat\u00f3rios produzidos pela Pol\u00edcia Federal mostram que os inqu\u00e9ritos conduzidos pelo ministro Alexandre de Moraes, do Supremo Tribunal Federal (STF), apontam para um mesmo modo de atua\u00e7\u00e3o de aliados de&hellip;<\/p>","protected":false},"author":1,"featured_media":106271,"comment_status":"closed","ping_status":"open","sticky":false,"template":"","format":"standard","meta":{"content-type":"","footnotes":""},"categories":[16],"tags":[123,2448,5313,1267],"class_list":["post-106270","post","type-post","status-publish","format-standard","has-post-thumbnail","hentry","category-noticias","tag-brasil","tag-diario","tag-noticia","tag-noticias"],"_links":{"self":[{"href":"https:\/\/tvbrazilusa.com\/pt\/wp-json\/wp\/v2\/posts\/106270","targetHints":{"allow":["GET"]}}],"collection":[{"href":"https:\/\/tvbrazilusa.com\/pt\/wp-json\/wp\/v2\/posts"}],"about":[{"href":"https:\/\/tvbrazilusa.com\/pt\/wp-json\/wp\/v2\/types\/post"}],"author":[{"embeddable":true,"href":"https:\/\/tvbrazilusa.com\/pt\/wp-json\/wp\/v2\/users\/1"}],"replies":[{"embeddable":true,"href":"https:\/\/tvbrazilusa.com\/pt\/wp-json\/wp\/v2\/comments?post=106270"}],"version-history":[{"count":1,"href":"https:\/\/tvbrazilusa.com\/pt\/wp-json\/wp\/v2\/posts\/106270\/revisions"}],"predecessor-version":[{"id":106272,"href":"https:\/\/tvbrazilusa.com\/pt\/wp-json\/wp\/v2\/posts\/106270\/revisions\/106272"}],"wp:featuredmedia":[{"embeddable":true,"href":"https:\/\/tvbrazilusa.com\/pt\/wp-json\/wp\/v2\/media\/106271"}],"wp:attachment":[{"href":"https:\/\/tvbrazilusa.com\/pt\/wp-json\/wp\/v2\/media?parent=106270"}],"wp:term":[{"taxonomy":"category","embeddable":true,"href":"https:\/\/tvbrazilusa.com\/pt\/wp-json\/wp\/v2\/categories?post=106270"},{"taxonomy":"post_tag","embeddable":true,"href":"https:\/\/tvbrazilusa.com\/pt\/wp-json\/wp\/v2\/tags?post=106270"}],"curies":[{"name":"wp","href":"https:\/\/api.w.org\/{rel}","templated":true}]}}