{"id":106273,"date":"2025-02-24T21:20:55","date_gmt":"2025-02-24T21:20:55","guid":{"rendered":"https:\/\/tvbrazilusa.com\/2025\/02\/24\/o-trabalho-comeca-a-converter-ruas-no-centro-do-trafego-bidirecional-jacksonville-hoje\/"},"modified":"2025-02-24T21:21:29","modified_gmt":"2025-02-24T21:21:29","slug":"o-trabalho-comeca-a-converter-ruas-no-centro-do-trafego-bidirecional-jacksonville-hoje","status":"publish","type":"post","link":"https:\/\/tvbrazilusa.com\/pt\/2025\/02\/24\/o-trabalho-comeca-a-converter-ruas-no-centro-do-trafego-bidirecional-jacksonville-hoje\/","title":{"rendered":"O trabalho come\u00e7a a converter ruas no centro do tr\u00e1fego bidirecional | Jacksonville hoje"},"content":{"rendered":"<p> <script async src=\"https:\/\/pagead2.googlesyndication.com\/pagead\/js\/adsbygoogle.js?client=ca-pub-8864793242727901\"\r\n     crossorigin=\"anonymous\"><\/script><br \/>\n<\/p>\n<div>\n<p>Os motoristas do centro da cidade podem esperar meses de atrasos, \u00e0 medida que as equipes come\u00e7am a converter Adams e Forsyth Streets <a href=\"https:\/\/jaxtoday.org\/2025\/02\/11\/forsyth-adams-two-way-traffic\/\">Voltar \u00e0s ruas de m\u00e3o dupla<\/a>.<\/p>\n<p>Forsyth j\u00e1 foi reduzido a uma pista para permitir o recapeamento. Adams ser\u00e1 reduzido a uma pista a partir de 1\u00ba de mar\u00e7o.<\/p>\n<p>Ap\u00f3s 60 dias, o fechamento da pista mudar\u00e1 para o outro lado de cada rua.<\/p>\n<p>Retornando as ruas de m\u00e3o \u00fanica ao tr\u00e1fego de m\u00e3o dupla tem sido uma prioridade no plano diretor da cidade, disse Lori Boyer, CEO do <a href=\"https:\/\/investdtjax.com\/\" rel=\"nofollow noopener\" target=\"_blank\">Autoridade de Investimento Downtown<\/a>.<\/p>\n<p>&#8220;Essa mudan\u00e7a exigir\u00e1 um pouco de paci\u00eancia e ajuste, mas acabar\u00e1 beneficiando o varejo \u00e0 beira da rua, tornar\u00e1 o centro mais acess\u00edvel e demonstrou aumentar os valores das propriedades&#8221;, disse Boyer.<\/p>\n<figure class=\"wp-block-image size-full is-resized\"><figcaption class=\"wp-element-caption\">As ruas Adams e Forsyth ser\u00e3o convertidas em tr\u00e1fego de m\u00e3o dupla. | Cidade de Jacksonville<\/figcaption><\/figure>\n<p>O trabalho percorre quatro quarteir\u00f5es a leste da Main Street at\u00e9 a Liberty Street e sete quarteir\u00f5es a oeste da Jefferson Street. <\/p>\n<p>O projeto inclui os quiosques de expans\u00e3o e estacionamento da cal\u00e7ada, seguidos de plantio de \u00e1rvores e paisagens urbanas aprimoradas, pagas com financiamento dedicado ao incremento de impostos do DIA.<\/p>\n<p>Boyer disse que o trabalho subterr\u00e2neo e os sinais est\u00e3o quase completos. Depois que o ressurgimento e a faixa s\u00e3o conclu\u00eddos, as ruas se converter\u00e3o em tr\u00e1fego de m\u00e3o dupla.<\/p>\n<\/div>\n<p><br \/>\n<br \/><a href=\"https:\/\/jaxtoday.org\/2025\/02\/24\/two-way-streets-conversion\/\">Source link <\/a><\/p>","protected":false},"excerpt":{"rendered":"<p>Os motoristas do centro da cidade podem esperar meses de atrasos, \u00e0 medida que as equipes come\u00e7am a converter Adams e Forsyth Streets Voltar \u00e0s ruas de m\u00e3o dupla. Forsyth&hellip;<\/p>","protected":false},"author":1,"featured_media":101701,"comment_status":"closed","ping_status":"open","sticky":false,"template":"","format":"standard","meta":{"content-type":"","footnotes":""},"categories":[1],"tags":[],"class_list":["post-106273","post","type-post","status-publish","format-standard","has-post-thumbnail","hentry","category-uncategorized"],"_links":{"self":[{"href":"https:\/\/tvbrazilusa.com\/pt\/wp-json\/wp\/v2\/posts\/106273","targetHints":{"allow":["GET"]}}],"collection":[{"href":"https:\/\/tvbrazilusa.com\/pt\/wp-json\/wp\/v2\/posts"}],"about":[{"href":"https:\/\/tvbrazilusa.com\/pt\/wp-json\/wp\/v2\/types\/post"}],"author":[{"embeddable":true,"href":"https:\/\/tvbrazilusa.com\/pt\/wp-json\/wp\/v2\/users\/1"}],"replies":[{"embeddable":true,"href":"https:\/\/tvbrazilusa.com\/pt\/wp-json\/wp\/v2\/comments?post=106273"}],"version-history":[{"count":1,"href":"https:\/\/tvbrazilusa.com\/pt\/wp-json\/wp\/v2\/posts\/106273\/revisions"}],"predecessor-version":[{"id":106274,"href":"https:\/\/tvbrazilusa.com\/pt\/wp-json\/wp\/v2\/posts\/106273\/revisions\/106274"}],"wp:featuredmedia":[{"embeddable":true,"href":"https:\/\/tvbrazilusa.com\/pt\/wp-json\/wp\/v2\/media\/101701"}],"wp:attachment":[{"href":"https:\/\/tvbrazilusa.com\/pt\/wp-json\/wp\/v2\/media?parent=106273"}],"wp:term":[{"taxonomy":"category","embeddable":true,"href":"https:\/\/tvbrazilusa.com\/pt\/wp-json\/wp\/v2\/categories?post=106273"},{"taxonomy":"post_tag","embeddable":true,"href":"https:\/\/tvbrazilusa.com\/pt\/wp-json\/wp\/v2\/tags?post=106273"}],"curies":[{"name":"wp","href":"https:\/\/api.w.org\/{rel}","templated":true}]}}