{"id":106277,"date":"2025-02-24T21:31:51","date_gmt":"2025-02-24T21:31:51","guid":{"rendered":"https:\/\/tvbrazilusa.com\/2025\/02\/24\/o-jogador-campeao-mundial-de-2014-se-filia-ao-partido-de-erdogan-na-turquia\/"},"modified":"2025-02-24T21:31:53","modified_gmt":"2025-02-24T21:31:53","slug":"o-jogador-campeao-mundial-de-2014-se-filia-ao-partido-de-erdogan-na-turquia","status":"publish","type":"post","link":"https:\/\/tvbrazilusa.com\/pt\/2025\/02\/24\/o-jogador-campeao-mundial-de-2014-se-filia-ao-partido-de-erdogan-na-turquia\/","title":{"rendered":"O jogador campe\u00e3o mundial de 2014 se filia ao partido de Erdogan na Turquia"},"content":{"rendered":"<p> <script async src=\"https:\/\/pagead2.googlesyndication.com\/pagead\/js\/adsbygoogle.js?client=ca-pub-8864793242727901\"\r\n     crossorigin=\"anonymous\"><\/script><br \/>\n<\/p>\n<div>\n<figure class=\"post-image\">\n<\/figure>\n<p>            <span style=\"font-size: 12px\">Reprodu\u00e7\u00e3o<\/span><\/p>\n<p>            <!-- end metas --><br \/>\n            <!-- ADS --><\/p>\n<div id=\"taboola-read-more\" style=\"display:block; width:100%\">\n<p>A carreira de Mesut \u00d6zil dentro dos gramados chegou oficialmente ao fim em 2023, quando o alem\u00e3o defendeu o \u0130stanbul Ba\u015fak\u015fehir por sete jogos. A vida do ex-campe\u00e3o do mundo agora ser\u00e1 na pol\u00edtica. O jogador se tornou membro do conselho do partido de Recep Tayyip Erdogan, presidente da Turquia, pa\u00eds de origem do ex-jogador.\n<\/p>\n<p>O campe\u00e3o da Copa do Mundo pela Alemanha em 2014 foi nomeado um dos 39 novos membros do conselho executivo do partido isl\u00e2mico-conservador AKP em Ancara.<\/p>\n<p>De acordo com a publica\u00e7\u00e3o da ag\u00eancia de not\u00edcias estatal Anadolu, o partido n\u00e3o tem grande relev\u00e2ncia na pr\u00e1tica, uma vez que Erdogan governa sem restri\u00e7\u00f5es. O presidente turco tem total liberdade no governo desde a substitui\u00e7\u00e3o do sistema parlamentar na Turquia, atrav\u00e9s de emenda constitucional institu\u00edda em 2017, por um sistema presidencial.\n<\/p>\n<p>\u00d6zil apoia Erdogan desde 2018. Naquele ano, uma foto do jogador com o presidente gerou uma repercuss\u00e3o negativa. Pouco tempo depois, o atleta acabou deixando a sele\u00e7\u00e3o alem\u00e3 e estreitou la\u00e7os com Recep Tayyip, que chegou a ser padrinho de casamento do jogador.\n<\/p>\n<p>Fonte: Metr\u00f3poles              <\/p>\n<\/div>\n<p>                        <!-- Scripts para conteudo --><\/p>\n<p>            <!-- .\/Scripts para conteudo --><br \/>\n            <!-- .\/Mat\u00e9ria --><\/p>\n<div class=\"row mt-3\">\n<div class=\"col-sm-6\">\n                <!-- Whatsapp channel 3--><br \/>\n                <a href=\"https:\/\/chat.whatsapp.com\/B8Qy6Erx4kb6yTzj3kaDco\" target=\"_blank\"><br \/>\n                  <img decoding=\"async\" src=\"https:\/\/diariodobrasilnoticias.com.br\/assets-site\/images\/bot_whatsapp.png\"\/><\/a>\n              <\/div>\n<div class=\"col-sm-6\">\n                <a href=\"https:\/\/t.me\/+_4gTmi5LKo03OTM5\" target=\"_blank\"><br \/>\n                  <img decoding=\"async\" src=\"https:\/\/diariodobrasilnoticias.com.br\/assets-site\/images\/bot_telegram.png\"\/><\/a>\n              <\/div>\n<\/p><\/div>\n<p>            <!-- end post-navigation --><\/p>\n<p>              <!-- end row --><\/p>\n<p>              <!-- end col-12-->\n                      <\/div>\n<p><br \/>\n<br \/><a href=\"https:\/\/diariodobrasilnoticias.com.br\/noticia\/o-jogador-campeao-mundial-de-2014-se-filia-ao-partido-de-erdogan-na-turquia-67bcc5d29205a\">Source link <\/a><\/p>","protected":false},"excerpt":{"rendered":"<p>Reprodu\u00e7\u00e3o A carreira de Mesut \u00d6zil dentro dos gramados chegou oficialmente ao fim em 2023, quando o alem\u00e3o defendeu o \u0130stanbul Ba\u015fak\u015fehir por sete jogos. A vida do ex-campe\u00e3o do&hellip;<\/p>","protected":false},"author":1,"featured_media":106278,"comment_status":"closed","ping_status":"open","sticky":false,"template":"","format":"standard","meta":{"content-type":"","footnotes":""},"categories":[16],"tags":[123,2448,5313,1267],"class_list":["post-106277","post","type-post","status-publish","format-standard","has-post-thumbnail","hentry","category-noticias","tag-brasil","tag-diario","tag-noticia","tag-noticias"],"_links":{"self":[{"href":"https:\/\/tvbrazilusa.com\/pt\/wp-json\/wp\/v2\/posts\/106277","targetHints":{"allow":["GET"]}}],"collection":[{"href":"https:\/\/tvbrazilusa.com\/pt\/wp-json\/wp\/v2\/posts"}],"about":[{"href":"https:\/\/tvbrazilusa.com\/pt\/wp-json\/wp\/v2\/types\/post"}],"author":[{"embeddable":true,"href":"https:\/\/tvbrazilusa.com\/pt\/wp-json\/wp\/v2\/users\/1"}],"replies":[{"embeddable":true,"href":"https:\/\/tvbrazilusa.com\/pt\/wp-json\/wp\/v2\/comments?post=106277"}],"version-history":[{"count":1,"href":"https:\/\/tvbrazilusa.com\/pt\/wp-json\/wp\/v2\/posts\/106277\/revisions"}],"predecessor-version":[{"id":106279,"href":"https:\/\/tvbrazilusa.com\/pt\/wp-json\/wp\/v2\/posts\/106277\/revisions\/106279"}],"wp:featuredmedia":[{"embeddable":true,"href":"https:\/\/tvbrazilusa.com\/pt\/wp-json\/wp\/v2\/media\/106278"}],"wp:attachment":[{"href":"https:\/\/tvbrazilusa.com\/pt\/wp-json\/wp\/v2\/media?parent=106277"}],"wp:term":[{"taxonomy":"category","embeddable":true,"href":"https:\/\/tvbrazilusa.com\/pt\/wp-json\/wp\/v2\/categories?post=106277"},{"taxonomy":"post_tag","embeddable":true,"href":"https:\/\/tvbrazilusa.com\/pt\/wp-json\/wp\/v2\/tags?post=106277"}],"curies":[{"name":"wp","href":"https:\/\/api.w.org\/{rel}","templated":true}]}}