{"id":106280,"date":"2025-02-24T21:46:18","date_gmt":"2025-02-24T21:46:18","guid":{"rendered":"https:\/\/tvbrazilusa.com\/2025\/02\/24\/quem-foi-roberta-flack-a-cantora-do-classico-killing-me-softly\/"},"modified":"2025-02-24T21:46:20","modified_gmt":"2025-02-24T21:46:20","slug":"quem-foi-roberta-flack-a-cantora-do-classico-killing-me-softly","status":"publish","type":"post","link":"https:\/\/tvbrazilusa.com\/pt\/2025\/02\/24\/quem-foi-roberta-flack-a-cantora-do-classico-killing-me-softly\/","title":{"rendered":"Quem foi Roberta Flack, a cantora do cl\u00e1ssico &#8216;Killing Me Softly&#8217;"},"content":{"rendered":"<p> <script async src=\"https:\/\/pagead2.googlesyndication.com\/pagead\/js\/adsbygoogle.js?client=ca-pub-8864793242727901\"\r\n     crossorigin=\"anonymous\"><\/script><br \/>\n<\/p>\n<div id=\"taboola-read-more\" style=\"display:block; width:100%\">\n<p>Roberta Flack, que morreu aos 88 anos, nesta segunda-feira (24\/2), foi um dos grandes \u00edcones da m\u00fasica pop e do R&#038;B mundial. Ao longo da carreira, o grande sucesso foi Killing me Softly With His Song.\n<\/p>\n<p>Por\u00e9m, a artista, sobretudo na d\u00e9cada de 1970, emplacou outros grandes sucessos. Um destaque \u00e9 First Time I Ever Saw Your Face. Ela produziu 20 \u00e1lbuns de est\u00fadio.<\/p>\n<p>Roberta Flack foi reconhecida com quatro pr\u00eamios Grammy e, em 2020, a cantora foi homenageada pela Academia, ganhando um trof\u00e9u pelo conjunto da obra.\n<\/p>\n<p>Ainda no Grammy, ela foi a primeira artista a ganhar duas vezes o pr\u00eamio de Grava\u00e7\u00e3o do Ano: em 1973, com First Time I Ever Saw Your Face; e, em 1974, por Killing Me Softly with His Song.\n<\/p>\n<p>Roberta Flack foi uma das vozes por traz de Killing me Softly, faixa composta por Charles Fox com letras de Norman Gimbel. Al\u00e9m o reconhecimento da ind\u00fastria, ela conquistou o p\u00fablico com a vers\u00e3o.\n<\/p>\n<p>Nos anos 1990, a faixa ganhou novas vers\u00f5es, entre as mais conhecidas est\u00e1 a de Lauryn Hill. Mas foi com Flack que a faixa entrou no Hall da Fama do Grammy.\n<\/p>\n<p><strong>Morte de Roberta Flack<\/strong><br \/>Roberta Flack morreu aos 88 anos nesta segunda (24\/2). Desde 2022, a cantora enfrentava o diagn\u00f3stico de esclerose lateral amiotr\u00f3fica (ELA).\n<\/p>\n<p>\u201cEstamos tristes pelo falecimento da gloriosa Roberta Flack na manh\u00e3 de 24 de fevereiro de 2025. Ela morreu pacificamente cercada por sua fam\u00edlia. Roberta quebrou limites e recordes. Ela tamb\u00e9m era uma educadora orgulhosa\u201d, diz a nota dos representantes da artista.\n<\/p>\n<p>Fonte: Metr\u00f3poles              <\/p>\n<\/div>\n<p><br \/>\n<br \/><a href=\"https:\/\/diariodobrasilnoticias.com.br\/noticia\/quem-foi-roberta-flack-a-cantora-do-classico-killing-me-softly-67bcc54e478de\">Source link <\/a><\/p>","protected":false},"excerpt":{"rendered":"<p>Roberta Flack, que morreu aos 88 anos, nesta segunda-feira (24\/2), foi um dos grandes \u00edcones da m\u00fasica pop e do R&#038;B mundial. Ao longo da carreira, o grande sucesso foi&hellip;<\/p>","protected":false},"author":1,"featured_media":106281,"comment_status":"closed","ping_status":"open","sticky":false,"template":"","format":"standard","meta":{"content-type":"","footnotes":""},"categories":[16],"tags":[123,2448,5313,1267],"class_list":["post-106280","post","type-post","status-publish","format-standard","has-post-thumbnail","hentry","category-noticias","tag-brasil","tag-diario","tag-noticia","tag-noticias"],"_links":{"self":[{"href":"https:\/\/tvbrazilusa.com\/pt\/wp-json\/wp\/v2\/posts\/106280","targetHints":{"allow":["GET"]}}],"collection":[{"href":"https:\/\/tvbrazilusa.com\/pt\/wp-json\/wp\/v2\/posts"}],"about":[{"href":"https:\/\/tvbrazilusa.com\/pt\/wp-json\/wp\/v2\/types\/post"}],"author":[{"embeddable":true,"href":"https:\/\/tvbrazilusa.com\/pt\/wp-json\/wp\/v2\/users\/1"}],"replies":[{"embeddable":true,"href":"https:\/\/tvbrazilusa.com\/pt\/wp-json\/wp\/v2\/comments?post=106280"}],"version-history":[{"count":1,"href":"https:\/\/tvbrazilusa.com\/pt\/wp-json\/wp\/v2\/posts\/106280\/revisions"}],"predecessor-version":[{"id":106282,"href":"https:\/\/tvbrazilusa.com\/pt\/wp-json\/wp\/v2\/posts\/106280\/revisions\/106282"}],"wp:featuredmedia":[{"embeddable":true,"href":"https:\/\/tvbrazilusa.com\/pt\/wp-json\/wp\/v2\/media\/106281"}],"wp:attachment":[{"href":"https:\/\/tvbrazilusa.com\/pt\/wp-json\/wp\/v2\/media?parent=106280"}],"wp:term":[{"taxonomy":"category","embeddable":true,"href":"https:\/\/tvbrazilusa.com\/pt\/wp-json\/wp\/v2\/categories?post=106280"},{"taxonomy":"post_tag","embeddable":true,"href":"https:\/\/tvbrazilusa.com\/pt\/wp-json\/wp\/v2\/tags?post=106280"}],"curies":[{"name":"wp","href":"https:\/\/api.w.org\/{rel}","templated":true}]}}