{"id":106286,"date":"2025-02-24T21:57:44","date_gmt":"2025-02-24T21:57:44","guid":{"rendered":"https:\/\/tvbrazilusa.com\/2025\/02\/24\/lula-organiza-uma-sessao-de-cinema-no-palacio-da-alvorada\/"},"modified":"2025-02-24T21:57:45","modified_gmt":"2025-02-24T21:57:45","slug":"lula-organiza-uma-sessao-de-cinema-no-palacio-da-alvorada","status":"publish","type":"post","link":"https:\/\/tvbrazilusa.com\/pt\/2025\/02\/24\/lula-organiza-uma-sessao-de-cinema-no-palacio-da-alvorada\/","title":{"rendered":"Lula organiza uma sess\u00e3o de cinema no Pal\u00e1cio da Alvorada"},"content":{"rendered":"<p> <script async src=\"https:\/\/pagead2.googlesyndication.com\/pagead\/js\/adsbygoogle.js?client=ca-pub-8864793242727901\"\r\n     crossorigin=\"anonymous\"><\/script><br \/>\n<\/p>\n<div id=\"taboola-read-more\" style=\"display:block; width:100%\">\n<p>O presidente Luiz In\u00e1cio Lula da Silva promove, na noite desta segunda-feira, 24, uma sess\u00e3o de cinema para aliados no Pal\u00e1cio da Alvorada. Os pol\u00edticos se re\u00fanem para assistir ao filme brasileiro Ainda Estou Aqui.\n<\/p>\n<p>Lula realiza a sess\u00e3o na sala de cinema do Alvorada, cujo espa\u00e7o foi reinaugurado em 2023. O evento conta com a presen\u00e7a da primeira-dama, Janja Lula da Silva, ministros de Estado e parlamentares. O objetivo do encontro \u00e9 uma reaproxima\u00e7\u00e3o pol\u00edtica com congressistas.<\/p>\n<p>Entre os convidados confirmados est\u00e3o os presidentes da C\u00e2mara, Hugo Motta (Republicanos-PB), e do Senado, Davi Alcolumbre (Uni\u00e3o-PB).\n<\/p>\n<p>A exibi\u00e7\u00e3o ocorre um dia depois de o escritor Marcelo Rubens Paiva, autor do livro que inspirou o filme, ser agredido durante um bloco de Carnaval em S\u00e3o Paulo.\n<\/p>\n<p>O escritor foi alvo de um ataque com uma lata de cerveja e uma mochila arremessadas por um homem ainda n\u00e3o identificado. O Minist\u00e9rio da Cultura emitiu uma nota de rep\u00fadio ao epis\u00f3dio.\n<\/p>\n<p>Lula faz sess\u00e3o antes do Oscar<br \/>Dirigido por Walter Salles, o filme Ainda Estou Aqui retrata o desaparecimento do ex-deputado Rubens Paiva durante a ditadura militar e a busca de sua vi\u00fava, Eunice Paiva, por respostas. O longa \u00e9 indicado em tr\u00eas categorias do Oscar 2025:\n<\/p>\n<p>Melhor Filme;<br \/>Melhor Filme Estrangeiro; e <br \/>Melhor Atriz, para Fernanda Torres.<br \/>A premia\u00e7\u00e3o ocorre no pr\u00f3ximo domingo, 2, em Los Angeles, nos Estados Unidos, com grandes expectativas para a produ\u00e7\u00e3o brasileira.\n<\/p>\n<p>Fonte: Revista Oeste              <\/p>\n<\/div>\n<p><br \/>\n<br \/><a href=\"https:\/\/diariodobrasilnoticias.com.br\/noticia\/lula-organiza-uma-sessao-de-cinema-no-palacio-da-alvorada-67bcdf4fb5c32\">Source link <\/a><\/p>","protected":false},"excerpt":{"rendered":"<p>O presidente Luiz In\u00e1cio Lula da Silva promove, na noite desta segunda-feira, 24, uma sess\u00e3o de cinema para aliados no Pal\u00e1cio da Alvorada. Os pol\u00edticos se re\u00fanem para assistir ao&hellip;<\/p>","protected":false},"author":1,"featured_media":106287,"comment_status":"closed","ping_status":"open","sticky":false,"template":"","format":"standard","meta":{"content-type":"","footnotes":""},"categories":[16],"tags":[123,2448,5313,1267],"class_list":["post-106286","post","type-post","status-publish","format-standard","has-post-thumbnail","hentry","category-noticias","tag-brasil","tag-diario","tag-noticia","tag-noticias"],"_links":{"self":[{"href":"https:\/\/tvbrazilusa.com\/pt\/wp-json\/wp\/v2\/posts\/106286","targetHints":{"allow":["GET"]}}],"collection":[{"href":"https:\/\/tvbrazilusa.com\/pt\/wp-json\/wp\/v2\/posts"}],"about":[{"href":"https:\/\/tvbrazilusa.com\/pt\/wp-json\/wp\/v2\/types\/post"}],"author":[{"embeddable":true,"href":"https:\/\/tvbrazilusa.com\/pt\/wp-json\/wp\/v2\/users\/1"}],"replies":[{"embeddable":true,"href":"https:\/\/tvbrazilusa.com\/pt\/wp-json\/wp\/v2\/comments?post=106286"}],"version-history":[{"count":1,"href":"https:\/\/tvbrazilusa.com\/pt\/wp-json\/wp\/v2\/posts\/106286\/revisions"}],"predecessor-version":[{"id":106288,"href":"https:\/\/tvbrazilusa.com\/pt\/wp-json\/wp\/v2\/posts\/106286\/revisions\/106288"}],"wp:featuredmedia":[{"embeddable":true,"href":"https:\/\/tvbrazilusa.com\/pt\/wp-json\/wp\/v2\/media\/106287"}],"wp:attachment":[{"href":"https:\/\/tvbrazilusa.com\/pt\/wp-json\/wp\/v2\/media?parent=106286"}],"wp:term":[{"taxonomy":"category","embeddable":true,"href":"https:\/\/tvbrazilusa.com\/pt\/wp-json\/wp\/v2\/categories?post=106286"},{"taxonomy":"post_tag","embeddable":true,"href":"https:\/\/tvbrazilusa.com\/pt\/wp-json\/wp\/v2\/tags?post=106286"}],"curies":[{"name":"wp","href":"https:\/\/api.w.org\/{rel}","templated":true}]}}