{"id":106292,"date":"2025-02-24T22:09:04","date_gmt":"2025-02-24T22:09:04","guid":{"rendered":"https:\/\/tvbrazilusa.com\/2025\/02\/24\/eduardo-bolsonaro-viaja-pelos-eua-para-debater-a-atuacao-de-moraes\/"},"modified":"2025-02-24T22:09:05","modified_gmt":"2025-02-24T22:09:05","slug":"eduardo-bolsonaro-viaja-pelos-eua-para-debater-a-atuacao-de-moraes","status":"publish","type":"post","link":"https:\/\/tvbrazilusa.com\/pt\/2025\/02\/24\/eduardo-bolsonaro-viaja-pelos-eua-para-debater-a-atuacao-de-moraes\/","title":{"rendered":"Eduardo Bolsonaro viaja pelos EUA para debater a atua\u00e7\u00e3o de Moraes"},"content":{"rendered":"<p> <script async src=\"https:\/\/pagead2.googlesyndication.com\/pagead\/js\/adsbygoogle.js?client=ca-pub-8864793242727901\"\r\n     crossorigin=\"anonymous\"><\/script><br \/>\n<\/p>\n<div id=\"taboola-read-more\" style=\"display:block; width:100%\">\n<p>O deputado federal Eduardo Bolsonaro (PL-SP) percorre os Estados Unidos para discutir com autoridades norte-americanas a atua\u00e7\u00e3o do ministro Alexandre de Moraes, do Supremo Tribunal Federal (STF). Esta \u00e9 a terceira viagem do parlamentar aos EUA neste ano.\n<\/p>\n<p>Eduardo se reuniu com congressistas e membros do Departamento de Estado, \u00f3rg\u00e3o respons\u00e1vel por lidar com assuntos internacionais. O deputado busca obter algum tipo de san\u00e7\u00e3o contra Moraes. Al\u00e9m disso, tenta abrandar as acusa\u00e7\u00f5es que o ex-presidente Jair Bolsonaro enfrenta por parte do governo brasileiro.<\/p>\n<p>\u201cA gente est\u00e1 indo nas pessoas certas, que t\u00eam um interesse nessas pautas da Am\u00e9rica Latina, de liberdade de express\u00e3o, de preserva\u00e7\u00e3o das liberdades, contra o ativismo judicial\u201d, disse o deputado ao jornal Folha de S.Paulo. \u201cEnt\u00e3o a gente est\u00e1 se movimentando bastante. E essas pessoas t\u00eam acesso a autoridades\u201d.\n<\/p>\n<p>O parlamentar espera que a aplica\u00e7\u00e3o de san\u00e7\u00f5es a Moraes, como a cassa\u00e7\u00e3o de seu visto para entrada nos EUA, cause um impacto positivo no STF.\n<\/p>\n<p>A republicana Maria Elvira Salazar, membro da C\u00e2mara dos Representantes dos EUA, apresentou, na semana passada, um projeto de lei para cassar o visto de autoridades estrangeiras que violem a liberdade de express\u00e3o, baseado na Primeira Emenda do pa\u00eds. Nesse sentido, Eduardo anseia que a ordem de Moraes, em 2024, para suspender a plataforma X se encaixe nesse projeto de lei.\n<\/p>\n<p>\u201cVoc\u00ea imagina, os ministros da Suprema Corte com muita frequ\u00eancia fazem palestras no exterior\u201d, destacou o parlamentar brasileiro. \u201cSem contar que vai ser uma mancha na imagem dele. Voc\u00ea imagina um ministro que \u00e9 sancionado por uma quest\u00e3o de censura falar sobre liberdade num evento em Paris, em Berlim, em Londres. N\u00e3o vai.\u201d\n<\/p>\n<p><strong>Oposi\u00e7\u00e3o aposta na a\u00e7\u00e3o judicial das plataformas contra Moraes<\/strong><br \/>Os deputados brasileiros da oposi\u00e7\u00e3o t\u00eam observado com esperan\u00e7a a a\u00e7\u00e3o judicial iniciada pelas plataformas Truth Social e Rumble contra Moraes\n<\/p>\n<p>Martin de Luca, advogado da Rumble, explicou em entrevista ao canal de TV CNN Brasil, na quarta-feira 19, como as ordens do magistrado buscam impor censura nos EUA.\n<\/p>\n<p>De Luca ressalta que Moraes ignorou tr\u00eas caminhos legais para solicitar o cumprimento de ordem judicial brasileira nos EUA. Al\u00e9m disso, ele tentou se aproximar de ex-advogados da Rumble para que fossem recontratados e recebessem um mandado sigiloso.\n<\/p>\n<p>Fonte: Revista Oeste              <\/p>\n<\/div>\n<p><br \/>\n<br \/><a href=\"https:\/\/diariodobrasilnoticias.com.br\/noticia\/eduardo-bolsonaro-viaja-pelos-eua-para-debater-a-atuacao-de-moraes-67bcc6c3cc935\">Source link <\/a><\/p>","protected":false},"excerpt":{"rendered":"<p>O deputado federal Eduardo Bolsonaro (PL-SP) percorre os Estados Unidos para discutir com autoridades norte-americanas a atua\u00e7\u00e3o do ministro Alexandre de Moraes, do Supremo Tribunal Federal (STF). Esta \u00e9 a&hellip;<\/p>","protected":false},"author":1,"featured_media":106293,"comment_status":"closed","ping_status":"open","sticky":false,"template":"","format":"standard","meta":{"content-type":"","footnotes":""},"categories":[16],"tags":[123,2448,5313,1267],"class_list":["post-106292","post","type-post","status-publish","format-standard","has-post-thumbnail","hentry","category-noticias","tag-brasil","tag-diario","tag-noticia","tag-noticias"],"_links":{"self":[{"href":"https:\/\/tvbrazilusa.com\/pt\/wp-json\/wp\/v2\/posts\/106292","targetHints":{"allow":["GET"]}}],"collection":[{"href":"https:\/\/tvbrazilusa.com\/pt\/wp-json\/wp\/v2\/posts"}],"about":[{"href":"https:\/\/tvbrazilusa.com\/pt\/wp-json\/wp\/v2\/types\/post"}],"author":[{"embeddable":true,"href":"https:\/\/tvbrazilusa.com\/pt\/wp-json\/wp\/v2\/users\/1"}],"replies":[{"embeddable":true,"href":"https:\/\/tvbrazilusa.com\/pt\/wp-json\/wp\/v2\/comments?post=106292"}],"version-history":[{"count":1,"href":"https:\/\/tvbrazilusa.com\/pt\/wp-json\/wp\/v2\/posts\/106292\/revisions"}],"predecessor-version":[{"id":106294,"href":"https:\/\/tvbrazilusa.com\/pt\/wp-json\/wp\/v2\/posts\/106292\/revisions\/106294"}],"wp:featuredmedia":[{"embeddable":true,"href":"https:\/\/tvbrazilusa.com\/pt\/wp-json\/wp\/v2\/media\/106293"}],"wp:attachment":[{"href":"https:\/\/tvbrazilusa.com\/pt\/wp-json\/wp\/v2\/media?parent=106292"}],"wp:term":[{"taxonomy":"category","embeddable":true,"href":"https:\/\/tvbrazilusa.com\/pt\/wp-json\/wp\/v2\/categories?post=106292"},{"taxonomy":"post_tag","embeddable":true,"href":"https:\/\/tvbrazilusa.com\/pt\/wp-json\/wp\/v2\/tags?post=106292"}],"curies":[{"name":"wp","href":"https:\/\/api.w.org\/{rel}","templated":true}]}}