{"id":106295,"date":"2025-02-24T22:14:26","date_gmt":"2025-02-24T22:14:26","guid":{"rendered":"https:\/\/tvbrazilusa.com\/2025\/02\/24\/as-paroquias-catolicas-da-area-de-new-haven-reagem-a-saude-do-papa-francisco\/"},"modified":"2025-02-24T22:15:32","modified_gmt":"2025-02-24T22:15:32","slug":"as-paroquias-catolicas-da-area-de-new-haven-reagem-a-saude-do-papa-francisco","status":"publish","type":"post","link":"https:\/\/tvbrazilusa.com\/pt\/2025\/02\/24\/as-paroquias-catolicas-da-area-de-new-haven-reagem-a-saude-do-papa-francisco\/","title":{"rendered":"As par\u00f3quias cat\u00f3licas da \u00e1rea de New Haven reagem \u00e0 sa\u00fade do papa Francisco"},"content":{"rendered":"<script async src=\"https:\/\/pagead2.googlesyndication.com\/pagead\/js\/adsbygoogle.js?client=ca-pub-8864793242727901\"\r\n     crossorigin=\"anonymous\"><\/script>\n<p>New Haven, Connecticut (WTNH) &#8211; Cat\u00f3licos em todo o mundo, inclusive em Connecticut, est\u00e3o orando pelo papa Francisco como ele <a href=\"https:\/\/www.wtnh.com\/news\/national\/pope-awake-resting-on-10th-day-of-hospitalization\/\">permanece em estado cr\u00edtico na segunda -feira<\/a>.<\/p>\n<p>O padre Glen Dmytryszyn, com a Igreja de Nossa Senhora da Assun\u00e7\u00e3o em Woodbridge, compartilhou uma mem\u00f3ria com o News 8, contando quando viu o papa Francisco em Washington, DC. <\/p>\n<p>&#8220;Eu estava no Semin\u00e1rio de Saint John em Boston na \u00e9poca e fomos ver o Santo Padre&#8221;, disse o padre Dmytryszyn. &#8220;Foi na canoniza\u00e7\u00e3o de St. Junipero Serra. Eu estava na Bas\u00edlica, e o papa passou logo. Ele estava fazendo as b\u00ean\u00e7\u00e3os, e eu nunca esquecerei. Ele sorriu e continuou andando, mas \u00e9 uma lembran\u00e7a que eu fa\u00e7o Segure querido. &#8220;<\/p>\n<p>Francis, 88, permanece em estado cr\u00edtico no hospital, <a href=\"https:\/\/www.wtnh.com\/news\/national\/pope-awake-resting-on-10th-day-of-hospitalization\/?nxsparam=6\">lutando contra pneumonia em ambos os pulm\u00f5es<\/a>.<\/p>\n<p>&#8220;Padre Pio sempre costumava dizer, ore, esperan\u00e7a, n\u00e3o se preocupe. A preocupa\u00e7\u00e3o \u00e9 in\u00fatil. Deus \u00e9 misericordioso e ele ouvir\u00e1 sua ora\u00e7\u00e3o&#8221;, disse Dmytryszyn.<\/p>\n<div class=\"nlp-ignore-block article-content rich-text\">\n<aside class=\"promo-link\">\n\t<a href=\"https:\/\/www.wtnh.com\/news\/national\/pope-awake-resting-on-10th-day-of-hospitalization\/?ipid=promo-link-block1\" class=\"promo-link__link\"><\/p>\n<p>\t\tO Papa Francisco mostra uma pequena melhoria e retoma algum trabalho ainda cr\u00edtico: Vaticano\t<\/a><br \/>\n<\/aside>\n<\/div>\n<p>Na Igreja de Santa Maria, em New Haven, a par\u00f3quia orou pelo papa no in\u00edcio da missa do meio -dia de segunda -feira.<\/p>\n<p>&#8220;Sabemos que ele est\u00e1 em estado cr\u00edtico neste momento, ent\u00e3o oramos por ele de uma maneira especial hoje&#8221;.<\/p>\n<p>As ora\u00e7\u00f5es est\u00e3o sendo ditas em todo o mundo, incluindo ora\u00e7\u00f5es noturnas na Pra\u00e7a de S\u00e3o Pedro, na cidade do Vaticano, enquanto aguardam atualiza\u00e7\u00f5es sobre a condi\u00e7\u00e3o do papa.<\/p>\n<p>&#8220;Estamos orando por nosso pai, que est\u00e1 gravemente doente neste momento&#8221;, disse o padre Ryan Lerner com a aben\u00e7oada par\u00f3quia de Michael McGivney em New Haven. &#8220;N\u00f3s o confiamos nos bra\u00e7os amorosos de Deus.&#8221;<\/p>\n<p><br \/>\n<br \/><a href=\"https:\/\/www.wtnh.com\/news\/connecticut\/new-haven-area-catholic-parishes-react-to-pope-francis-health\/\">Source link <\/a><\/p>","protected":false},"excerpt":{"rendered":"<p>New Haven, Connecticut (WTNH) &#8211; Cat\u00f3licos em todo o mundo, inclusive em Connecticut, est\u00e3o orando pelo papa Francisco como ele permanece em estado cr\u00edtico na segunda -feira. O padre Glen&hellip;<\/p>","protected":false},"author":1,"featured_media":106296,"comment_status":"closed","ping_status":"open","sticky":false,"template":"","format":"standard","meta":{"content-type":"","footnotes":""},"categories":[1],"tags":[],"class_list":["post-106295","post","type-post","status-publish","format-standard","has-post-thumbnail","hentry","category-uncategorized"],"_links":{"self":[{"href":"https:\/\/tvbrazilusa.com\/pt\/wp-json\/wp\/v2\/posts\/106295","targetHints":{"allow":["GET"]}}],"collection":[{"href":"https:\/\/tvbrazilusa.com\/pt\/wp-json\/wp\/v2\/posts"}],"about":[{"href":"https:\/\/tvbrazilusa.com\/pt\/wp-json\/wp\/v2\/types\/post"}],"author":[{"embeddable":true,"href":"https:\/\/tvbrazilusa.com\/pt\/wp-json\/wp\/v2\/users\/1"}],"replies":[{"embeddable":true,"href":"https:\/\/tvbrazilusa.com\/pt\/wp-json\/wp\/v2\/comments?post=106295"}],"version-history":[{"count":1,"href":"https:\/\/tvbrazilusa.com\/pt\/wp-json\/wp\/v2\/posts\/106295\/revisions"}],"predecessor-version":[{"id":106297,"href":"https:\/\/tvbrazilusa.com\/pt\/wp-json\/wp\/v2\/posts\/106295\/revisions\/106297"}],"wp:featuredmedia":[{"embeddable":true,"href":"https:\/\/tvbrazilusa.com\/pt\/wp-json\/wp\/v2\/media\/106296"}],"wp:attachment":[{"href":"https:\/\/tvbrazilusa.com\/pt\/wp-json\/wp\/v2\/media?parent=106295"}],"wp:term":[{"taxonomy":"category","embeddable":true,"href":"https:\/\/tvbrazilusa.com\/pt\/wp-json\/wp\/v2\/categories?post=106295"},{"taxonomy":"post_tag","embeddable":true,"href":"https:\/\/tvbrazilusa.com\/pt\/wp-json\/wp\/v2\/tags?post=106295"}],"curies":[{"name":"wp","href":"https:\/\/api.w.org\/{rel}","templated":true}]}}